{"id":8455,"date":"2017-04-24T17:30:42","date_gmt":"2017-04-24T15:30:42","guid":{"rendered":"http:\/\/serveiseducatius.xtec.cat\/aribagorca-aran\/?p=8455"},"modified":"2017-04-24T17:32:03","modified_gmt":"2017-04-24T15:32:03","slug":"ara-es-dema-debat-sobre-el-futur-de-leducacio-a-catalunya","status":"publish","type":"post","link":"https:\/\/serveiseducatius.xtec.cat\/aribagorca-aran\/general\/ara-es-dema-debat-sobre-el-futur-de-leducacio-a-catalunya\/","title":{"rendered":"&#8220;Ara \u00e9s dem\u00e0&#8221; debat sus eth futur dera educacion en Catalonha"},"content":{"rendered":"<p><a href=\"http:\/\/serveiseducatius.xtec.cat\/aribagorca-aran\/wp-content\/uploads\/usu1143\/2017\/04\/20161118-araesdema1.jpg\"><img loading=\"lazy\" decoding=\"async\" class=\" wp-image-8456 alignnone\" src=\"http:\/\/serveiseducatius.xtec.cat\/aribagorca-aran\/wp-content\/uploads\/usu1143\/2017\/04\/20161118-araesdema1.jpg\" alt=\"20161118-araesdema1\" width=\"196\" height=\"152\" \/><\/a>Eth &#8220;Consell Escolar de Catalunya&#8221; prepause un marc iniciau de debat en forma de cinc pon\u00e9ncies, elaborades per exp\u00e8rts en cad&#8217;un des ambits, damb era intencion de centrar era reflexion en ua serie d&#8217;aspectes relevants e de forma especiau per\u00a0anar m\u00e8s enl\u00e0 dera quotidianitat e pr\u00e9ner perspectiva sus era educacion deth futur.<\/p>\n<p>Aguesti son es 5 tematiques que se debaten:<\/p>\n<ul class=\"FW_sLlistaComu\">\n<li class=\"FW_clear\"><a class=\"FW_titBullet FW_sLinkVermellNegreta\" title=\"\" href=\"http:\/\/consellescolarcat.gencat.cat\/ca\/araesdema\/ponencies\/#FW_bloc_29961a1a-895f-11e6-aa5c-005056924a59_1\">&#8220;Els pilars del sistema educatiu&#8221;<\/a><\/li>\n<li class=\"FW_clear\"><a class=\"FW_titBullet FW_sLinkVermellNegreta\" title=\"\" href=\"http:\/\/consellescolarcat.gencat.cat\/ca\/araesdema\/ponencies\/#FW_bloc_29961a1a-895f-11e6-aa5c-005056924a59_2\">&#8220;L\u2019arquitectura del sistema educatiu&#8221;<\/a><\/li>\n<li class=\"FW_clear\"><a class=\"FW_titBullet FW_sLinkVermellNegreta\" title=\"\" href=\"http:\/\/consellescolarcat.gencat.cat\/ca\/araesdema\/ponencies\/#FW_bloc_29961a1a-895f-11e6-aa5c-005056924a59_3\">&#8220;El centre educatiu&#8221;<\/a><\/li>\n<li class=\"FW_clear\"><a class=\"FW_titBullet FW_sLinkVermellNegreta\" title=\"\" href=\"http:\/\/consellescolarcat.gencat.cat\/ca\/araesdema\/ponencies\/#FW_bloc_29961a1a-895f-11e6-aa5c-005056924a59_4\">&#8220;El professorat\u201d<\/a><\/li>\n<li class=\"FW_clear\"><a class=\"FW_titBullet FW_sLinkVermellNegreta\" title=\"\" href=\"http:\/\/consellescolarcat.gencat.cat\/ca\/araesdema\/ponencies\/#FW_bloc_29961a1a-895f-11e6-aa5c-005056924a59_5\">&#8220;L\u2019alumnat&#8221;<\/a><\/li>\n<\/ul>\n<p>Eth propl\u00e8u 25 d&#8217;abriu, t\u00e0s 17:30 ores, s&#8217;amiar\u00e0 a terme un debat sus eth futur dera educacion. I \u00e8tz convidadi\/es tot@s es m\u00e8stres e professors. Se realizar\u00e0 ena sala d&#8217;actes dera ESC Garona.<\/p>\n","protected":false},"excerpt":{"rendered":"<p><a href=\"http:\/\/serveiseducatius.xtec.cat\/aribagorca-aran\/wp-content\/uploads\/usu1143\/2017\/04\/20161118-araesdema1.jpg\"><\/a>Eth &#8220;Consell Escolar de Catalunya&#8221; prepause un marc iniciau de debat en forma de cinc pon\u00e9ncies, elaborades per exp\u00e8rts en cad&#8217;un des ambits, damb era intencion de centrar era reflexion en ua serie d&#8217;aspectes relevants e de forma especiau per\u00a0anar m\u00e8s enl\u00e0 dera quotidianitat&hellip;  <a href=\"https:\/\/serveiseducatius.xtec.cat\/aribagorca-aran\/general\/ara-es-dema-debat-sobre-el-futur-de-leducacio-a-catalunya\/\" title=\"Read &#8220;Ara \u00e9s dem\u00e0&#8221; debat sus eth futur dera educacion en Catalonha\">Llegeix m\u00e9s\u00bb<\/a><\/p>\n","protected":false},"author":1,"featured_media":8456,"comment_status":"open","ping_status":"open","sticky":false,"template":"","format":"standard","meta":{"_bbp_topic_count":0,"_bbp_reply_count":0,"_bbp_total_topic_count":0,"_bbp_total_reply_count":0,"_bbp_voice_count":0,"_bbp_anonymous_reply_count":0,"_bbp_topic_count_hidden":0,"_bbp_reply_count_hidden":0,"_bbp_forum_subforum_count":0,"footnotes":""},"categories":[1,29],"tags":[292,294,293],"class_list":["post-8455","post","type-post","status-publish","format-standard","has-post-thumbnail","hentry","category-general","category-portada","tag-debat","tag-educacion","tag-futur-de-leducacio"],"post_mailing_queue_ids":[],"_links":{"self":[{"href":"https:\/\/serveiseducatius.xtec.cat\/aribagorca-aran\/wp-json\/wp\/v2\/posts\/8455","targetHints":{"allow":["GET"]}}],"collection":[{"href":"https:\/\/serveiseducatius.xtec.cat\/aribagorca-aran\/wp-json\/wp\/v2\/posts"}],"about":[{"href":"https:\/\/serveiseducatius.xtec.cat\/aribagorca-aran\/wp-json\/wp\/v2\/types\/post"}],"author":[{"embeddable":true,"href":"https:\/\/serveiseducatius.xtec.cat\/aribagorca-aran\/wp-json\/wp\/v2\/users\/1"}],"replies":[{"embeddable":true,"href":"https:\/\/serveiseducatius.xtec.cat\/aribagorca-aran\/wp-json\/wp\/v2\/comments?post=8455"}],"version-history":[{"count":3,"href":"https:\/\/serveiseducatius.xtec.cat\/aribagorca-aran\/wp-json\/wp\/v2\/posts\/8455\/revisions"}],"predecessor-version":[{"id":8459,"href":"https:\/\/serveiseducatius.xtec.cat\/aribagorca-aran\/wp-json\/wp\/v2\/posts\/8455\/revisions\/8459"}],"wp:featuredmedia":[{"embeddable":true,"href":"https:\/\/serveiseducatius.xtec.cat\/aribagorca-aran\/wp-json\/wp\/v2\/media\/8456"}],"wp:attachment":[{"href":"https:\/\/serveiseducatius.xtec.cat\/aribagorca-aran\/wp-json\/wp\/v2\/media?parent=8455"}],"wp:term":[{"taxonomy":"category","embeddable":true,"href":"https:\/\/serveiseducatius.xtec.cat\/aribagorca-aran\/wp-json\/wp\/v2\/categories?post=8455"},{"taxonomy":"post_tag","embeddable":true,"href":"https:\/\/serveiseducatius.xtec.cat\/aribagorca-aran\/wp-json\/wp\/v2\/tags?post=8455"}],"curies":[{"name":"wp","href":"https:\/\/api.w.org\/{rel}","templated":true}]}}