{"id":8419,"date":"2017-04-18T11:06:21","date_gmt":"2017-04-18T09:06:21","guid":{"rendered":"http:\/\/serveiseducatius.xtec.cat\/aribagorca-aran\/?p=8419"},"modified":"2017-04-18T11:13:59","modified_gmt":"2017-04-18T09:13:59","slug":"28-aua-conversa-pedagogica-com-optimizar-es-entrevistes-damb-es-familhes-abilietats-e-estrategies","status":"publish","type":"post","link":"https:\/\/serveiseducatius.xtec.cat\/aribagorca-aran\/portada\/28-aua-conversa-pedagogica-com-optimizar-es-entrevistes-damb-es-familhes-abilietats-e-estrategies\/","title":{"rendered":"28 aua conv\u00e8rsa pedagogica: &#8220;Com optimizar es entrevistes damb es familhes: abilietats\u00a0 e estrat\u00e8gies.&#8221;"},"content":{"rendered":"<div><img loading=\"lazy\" decoding=\"async\" class=\"alignleft\" src=\"https:\/\/sites.google.com\/a\/xtec.cat\/huelheton-informatiu-2016---2017-se-val-d-aran---alta-ribagorca\/_\/rsrc\/1490787587104\/abriu-2017\/converses_pedagogiques.jpg_1890075091.jpg\" width=\"97\" height=\"97\" border=\"0\" \/><\/div>\n<h6>Era entrevista ei ua airina importanta tara comunicacion entre es familhes e era esc\u00f2la. Per aguesta rason des dera planificacion e era preparacion dera entrevista, ei fonamentau definir es objectius atau com considerar es estrat\u00e8gies m\u00e8s avientes.<\/h6>\n<h6><span style=\"font-size: medium;\">Des d\u2019aguesta perspectiva, ei essenciau non deishar arren ara improvisacion\u00a0 e dar responsa a dobtes e preguntes que poguen sorgir<i>:<br \/>\n<\/i><\/span><\/h6>\n<h6><span style=\"font-size: medium;\"><i>Quines estrat\u00e8gies faciliten era comunicacion damb es familhes? Quines pautes se p\u00f2den auer en compde t\u00e0 h\u00e8r ua entrevista efica\u00e7 e eficent?<\/i><\/span><\/h6>\n<h6><span style=\"font-size: medium;\">Aciu vos deisham<i>:<\/i><\/span><\/h6>\n<h6><span style=\"font-size: medium;\"><i>. <b><a href=\"http:\/\/www14.gencat.cat\/gencat_video\/AppJava\/detall.do?id=8206542314031017\" rel=\"nofollow\">RESUMIT DERA CONFER\u00c9NCIA<\/a><br \/>\n<\/b><\/i><\/span><\/h6>\n<h6><span style=\"font-size: medium;\"><i><b>. <a href=\"http:\/\/www14.gencat.cat\/gencat_video\/AppJava\/detall.do?id=9969222109031017\" rel=\"nofollow\">CONFER\u00c9NCIA SENCERA<\/a><\/b><\/i><\/span><\/h6>\n","protected":false},"excerpt":{"rendered":"<p>Era entrevista ei ua airina importanta tara comunicacion entre es familhes e era esc\u00f2la. Per aguesta rason des dera planificacion e era preparacion dera entrevista, ei fonamentau definir es objectius atau com considerar es estrat\u00e8gies m\u00e8s avientes.<br \/>\nDes d\u2019aguesta perspectiva, ei essenciau non deishar arren ara&hellip;  <a href=\"https:\/\/serveiseducatius.xtec.cat\/aribagorca-aran\/portada\/28-aua-conversa-pedagogica-com-optimizar-es-entrevistes-damb-es-familhes-abilietats-e-estrategies\/\" title=\"Read 28 aua conv\u00e8rsa pedagogica: &#8220;Com optimizar es entrevistes damb es familhes: abilietats\u00a0 e estrat\u00e8gies.&#8221;\">Llegeix m\u00e9s\u00bb<\/a><\/p>\n","protected":false},"author":1,"featured_media":0,"comment_status":"open","ping_status":"open","sticky":false,"template":"","format":"standard","meta":{"_bbp_topic_count":0,"_bbp_reply_count":0,"_bbp_total_topic_count":0,"_bbp_total_reply_count":0,"_bbp_voice_count":0,"_bbp_anonymous_reply_count":0,"_bbp_topic_count_hidden":0,"_bbp_reply_count_hidden":0,"_bbp_forum_subforum_count":0,"footnotes":""},"categories":[29],"tags":[284,285,287,286],"class_list":["post-8419","post","type-post","status-publish","format-standard","hentry","category-portada","tag-conversa-pedagogica","tag-entrevista","tag-orientacions","tag-pautes"],"post_mailing_queue_ids":[],"_links":{"self":[{"href":"https:\/\/serveiseducatius.xtec.cat\/aribagorca-aran\/wp-json\/wp\/v2\/posts\/8419","targetHints":{"allow":["GET"]}}],"collection":[{"href":"https:\/\/serveiseducatius.xtec.cat\/aribagorca-aran\/wp-json\/wp\/v2\/posts"}],"about":[{"href":"https:\/\/serveiseducatius.xtec.cat\/aribagorca-aran\/wp-json\/wp\/v2\/types\/post"}],"author":[{"embeddable":true,"href":"https:\/\/serveiseducatius.xtec.cat\/aribagorca-aran\/wp-json\/wp\/v2\/users\/1"}],"replies":[{"embeddable":true,"href":"https:\/\/serveiseducatius.xtec.cat\/aribagorca-aran\/wp-json\/wp\/v2\/comments?post=8419"}],"version-history":[{"count":4,"href":"https:\/\/serveiseducatius.xtec.cat\/aribagorca-aran\/wp-json\/wp\/v2\/posts\/8419\/revisions"}],"predecessor-version":[{"id":8425,"href":"https:\/\/serveiseducatius.xtec.cat\/aribagorca-aran\/wp-json\/wp\/v2\/posts\/8419\/revisions\/8425"}],"wp:attachment":[{"href":"https:\/\/serveiseducatius.xtec.cat\/aribagorca-aran\/wp-json\/wp\/v2\/media?parent=8419"}],"wp:term":[{"taxonomy":"category","embeddable":true,"href":"https:\/\/serveiseducatius.xtec.cat\/aribagorca-aran\/wp-json\/wp\/v2\/categories?post=8419"},{"taxonomy":"post_tag","embeddable":true,"href":"https:\/\/serveiseducatius.xtec.cat\/aribagorca-aran\/wp-json\/wp\/v2\/tags?post=8419"}],"curies":[{"name":"wp","href":"https:\/\/api.w.org\/{rel}","templated":true}]}}