{"id":20306,"date":"2026-04-30T13:57:31","date_gmt":"2026-04-30T11:57:31","guid":{"rendered":"https:\/\/serveiseducatius.xtec.cat\/aribagorca-aran\/?p=20306"},"modified":"2026-04-30T13:57:31","modified_gmt":"2026-04-30T11:57:31","slug":"enta-sant-jordi-nauetats-en-aranes-ena-biblioteca-deth-crp-2","status":"publish","type":"post","link":"https:\/\/serveiseducatius.xtec.cat\/aribagorca-aran\/general\/enta-sant-jordi-nauetats-en-aranes-ena-biblioteca-deth-crp-2\/","title":{"rendered":"Ent\u00e0 Sant J\u00f2rdi, nauetats en aran\u00e9s ena bibliot\u00e8ca deth CRP"},"content":{"rendered":"<p>Ent\u00e0 hestejar Sant J\u00f2rdi, nauetat en aran\u00e9s\u00a0 en hons dera bibliot\u00e8ca deth CRP que podetz demanar en pr\u00e8st!!<\/p>\n<p><strong>AUD\u00c8THS DERA VAL D&#8217;ARAN;<\/strong>\u00a0ua guida f\u00f2r\u00e7a didactica, pensada ent\u00e0 mainad\u00e8ra, ent\u00e0 arrecon\u00e9isher es principaus aud\u00e8ths dera Val d&#8217;Aran.<\/p>\n<p>Especiaument utila entad aqueres esc\u00f2les qu&#8217;auetz participat en <strong>Proj\u00e8cte Aiguar\u00f2la<\/strong>!!!<\/p>\n<table style=\"border-collapse: collapse; width: 100%;\">\n<tbody>\n<tr>\n<td style=\"width: 50%;\"><img loading=\"lazy\" decoding=\"async\" class=\"aligncenter  wp-image-20309\" src=\"https:\/\/serveiseducatius.xtec.cat\/aribagorca-aran\/wp-content\/uploads\/usu1143\/2026\/04\/IMG_20251022_113010-226x300.webp\" alt=\"\" width=\"193\" height=\"256\" srcset=\"https:\/\/serveiseducatius.xtec.cat\/aribagorca-aran\/wp-content\/uploads\/usu1143\/2026\/04\/IMG_20251022_113010-226x300.webp 226w, https:\/\/serveiseducatius.xtec.cat\/aribagorca-aran\/wp-content\/uploads\/usu1143\/2026\/04\/IMG_20251022_113010-771x1024.webp 771w, https:\/\/serveiseducatius.xtec.cat\/aribagorca-aran\/wp-content\/uploads\/usu1143\/2026\/04\/IMG_20251022_113010-768x1020.webp 768w, https:\/\/serveiseducatius.xtec.cat\/aribagorca-aran\/wp-content\/uploads\/usu1143\/2026\/04\/IMG_20251022_113010-1157x1536.webp 1157w, https:\/\/serveiseducatius.xtec.cat\/aribagorca-aran\/wp-content\/uploads\/usu1143\/2026\/04\/IMG_20251022_113010-1542x2048.webp 1542w, https:\/\/serveiseducatius.xtec.cat\/aribagorca-aran\/wp-content\/uploads\/usu1143\/2026\/04\/IMG_20251022_113010-scaled.webp 1928w\" sizes=\"auto, (max-width: 193px) 100vw, 193px\" \/><\/td>\n<td style=\"width: 50%;\"><img loading=\"lazy\" decoding=\"async\" class=\"aligncenter size-medium wp-image-20307\" src=\"https:\/\/serveiseducatius.xtec.cat\/aribagorca-aran\/wp-content\/uploads\/usu1143\/2026\/04\/IMG_20251022_112106-2-240x300.webp\" alt=\"\" width=\"240\" height=\"300\" srcset=\"https:\/\/serveiseducatius.xtec.cat\/aribagorca-aran\/wp-content\/uploads\/usu1143\/2026\/04\/IMG_20251022_112106-2-240x300.webp 240w, https:\/\/serveiseducatius.xtec.cat\/aribagorca-aran\/wp-content\/uploads\/usu1143\/2026\/04\/IMG_20251022_112106-2-819x1024.webp 819w, https:\/\/serveiseducatius.xtec.cat\/aribagorca-aran\/wp-content\/uploads\/usu1143\/2026\/04\/IMG_20251022_112106-2-768x960.webp 768w, https:\/\/serveiseducatius.xtec.cat\/aribagorca-aran\/wp-content\/uploads\/usu1143\/2026\/04\/IMG_20251022_112106-2-1229x1536.webp 1229w, https:\/\/serveiseducatius.xtec.cat\/aribagorca-aran\/wp-content\/uploads\/usu1143\/2026\/04\/IMG_20251022_112106-2-1639x2048.webp 1639w, https:\/\/serveiseducatius.xtec.cat\/aribagorca-aran\/wp-content\/uploads\/usu1143\/2026\/04\/IMG_20251022_112106-2-scaled.webp 2048w\" sizes=\"auto, (max-width: 240px) 100vw, 240px\" \/><\/td>\n<\/tr>\n<tr>\n<td style=\"width: 50%;\"><img loading=\"lazy\" decoding=\"async\" class=\"aligncenter size-medium wp-image-20310\" src=\"https:\/\/serveiseducatius.xtec.cat\/aribagorca-aran\/wp-content\/uploads\/usu1143\/2026\/04\/IMG_20251022_120854-226x300.webp\" alt=\"\" width=\"226\" height=\"300\" srcset=\"https:\/\/serveiseducatius.xtec.cat\/aribagorca-aran\/wp-content\/uploads\/usu1143\/2026\/04\/IMG_20251022_120854-226x300.webp 226w, https:\/\/serveiseducatius.xtec.cat\/aribagorca-aran\/wp-content\/uploads\/usu1143\/2026\/04\/IMG_20251022_120854-771x1024.webp 771w, https:\/\/serveiseducatius.xtec.cat\/aribagorca-aran\/wp-content\/uploads\/usu1143\/2026\/04\/IMG_20251022_120854-768x1020.webp 768w, https:\/\/serveiseducatius.xtec.cat\/aribagorca-aran\/wp-content\/uploads\/usu1143\/2026\/04\/IMG_20251022_120854-1157x1536.webp 1157w, https:\/\/serveiseducatius.xtec.cat\/aribagorca-aran\/wp-content\/uploads\/usu1143\/2026\/04\/IMG_20251022_120854-1542x2048.webp 1542w, https:\/\/serveiseducatius.xtec.cat\/aribagorca-aran\/wp-content\/uploads\/usu1143\/2026\/04\/IMG_20251022_120854-scaled.webp 1928w\" sizes=\"auto, (max-width: 226px) 100vw, 226px\" \/><\/td>\n<td style=\"width: 50%;\"><img loading=\"lazy\" decoding=\"async\" class=\"aligncenter size-medium wp-image-20308\" src=\"https:\/\/serveiseducatius.xtec.cat\/aribagorca-aran\/wp-content\/uploads\/usu1143\/2026\/04\/IMG_20251022_112159-2-240x300.webp\" alt=\"\" width=\"240\" height=\"300\" srcset=\"https:\/\/serveiseducatius.xtec.cat\/aribagorca-aran\/wp-content\/uploads\/usu1143\/2026\/04\/IMG_20251022_112159-2-240x300.webp 240w, https:\/\/serveiseducatius.xtec.cat\/aribagorca-aran\/wp-content\/uploads\/usu1143\/2026\/04\/IMG_20251022_112159-2-819x1024.webp 819w, https:\/\/serveiseducatius.xtec.cat\/aribagorca-aran\/wp-content\/uploads\/usu1143\/2026\/04\/IMG_20251022_112159-2-768x960.webp 768w, https:\/\/serveiseducatius.xtec.cat\/aribagorca-aran\/wp-content\/uploads\/usu1143\/2026\/04\/IMG_20251022_112159-2-1229x1536.webp 1229w, https:\/\/serveiseducatius.xtec.cat\/aribagorca-aran\/wp-content\/uploads\/usu1143\/2026\/04\/IMG_20251022_112159-2-1638x2048.webp 1638w, https:\/\/serveiseducatius.xtec.cat\/aribagorca-aran\/wp-content\/uploads\/usu1143\/2026\/04\/IMG_20251022_112159-2-scaled.webp 2048w\" sizes=\"auto, (max-width: 240px) 100vw, 240px\" \/><\/td>\n<\/tr>\n<\/tbody>\n<\/table>\n<p>&#8221; Se t&#8217;agrade observar aud\u00e8ths, en Aran i p\u00f2s veir m\u00e8s de 200 esp\u00e8cies! b\u00e8res ues d&#8217;eres tot er an, d&#8217;autes sonque de pas en ep\u00f2ques de migracion, en iu\u00e8rn o estiu, m\u00e8s tostemp ei un espectacle assegurat. De petiti aud\u00e8ths cantaires, a grani rapinaires o esp\u00e8cies emblematiques o protegides. Volem qu&#8217;aguest libe t&#8217;ajude a recon\u00e9isher es s\u00f2ns colors, ath madeish temps que t&#8217;explicam b\u00e8ra curiositat e te prepausam a on cercar m\u00e8s informacion.&#8221;<\/p>\n<p>Ua ber\u00f2ia guida id\u00e8a e text de Sara Arj\u00f3 Franc\u00e9s e Eduardo Mart\u00ednez, damb illustracions de Josmar Esteban M\u00e1rquez e revison de Anna Sala Bernadets.<\/p>\n<p>Editada per ARAN pera Natura e damb eth sup\u00f2rt dera Fundaci\u00f3 SISCUARAN e AveZona<\/p>\n","protected":false},"excerpt":{"rendered":"<p>Ent\u00e0 hestejar Sant J\u00f2rdi, nauetat en aran\u00e9s\u00a0 en hons dera bibliot\u00e8ca deth CRP que podetz demanar en pr\u00e8st!!<br \/>\nAUD\u00c8THS DERA VAL D&#8217;ARAN;\u00a0ua guida f\u00f2r\u00e7a didactica, pensada ent\u00e0 mainad\u00e8ra, ent\u00e0 arrecon\u00e9isher es principaus aud\u00e8ths dera Val d&#8217;Aran.<br \/>\nEspeciaument utila entad aqueres esc\u00f2les qu&#8217;auetz participat en Proj\u00e8cte Aiguar\u00f2la!!!<\/p>\n<p>&#8221; Se&hellip;  <a href=\"https:\/\/serveiseducatius.xtec.cat\/aribagorca-aran\/general\/enta-sant-jordi-nauetats-en-aranes-ena-biblioteca-deth-crp-2\/\" title=\"Read Ent\u00e0 Sant J\u00f2rdi, nauetats en aran\u00e9s ena bibliot\u00e8ca deth CRP\">Llegeix m\u00e9s\u00bb<\/a><\/p>\n","protected":false},"author":1,"featured_media":20309,"comment_status":"open","ping_status":"open","sticky":false,"template":"","format":"standard","meta":{"_bbp_topic_count":0,"_bbp_reply_count":0,"_bbp_total_topic_count":0,"_bbp_total_reply_count":0,"_bbp_voice_count":0,"_bbp_anonymous_reply_count":0,"_bbp_topic_count_hidden":0,"_bbp_reply_count_hidden":0,"_bbp_forum_subforum_count":0,"footnotes":""},"categories":[1],"tags":[465,490,449,438,437,629,630],"class_list":["post-20306","post","type-post","status-publish","format-standard","has-post-thumbnail","hentry","category-general","tag-aranes","tag-biblioteca-crp","tag-bibliotequem","tag-educacio-ambiental","tag-educacion-ambientau","tag-hilat-descoles-interparcs-deth-pirineu","tag-xarxa-descoles-interparcs-del-pirineu"],"post_mailing_queue_ids":[],"_links":{"self":[{"href":"https:\/\/serveiseducatius.xtec.cat\/aribagorca-aran\/wp-json\/wp\/v2\/posts\/20306","targetHints":{"allow":["GET"]}}],"collection":[{"href":"https:\/\/serveiseducatius.xtec.cat\/aribagorca-aran\/wp-json\/wp\/v2\/posts"}],"about":[{"href":"https:\/\/serveiseducatius.xtec.cat\/aribagorca-aran\/wp-json\/wp\/v2\/types\/post"}],"author":[{"embeddable":true,"href":"https:\/\/serveiseducatius.xtec.cat\/aribagorca-aran\/wp-json\/wp\/v2\/users\/1"}],"replies":[{"embeddable":true,"href":"https:\/\/serveiseducatius.xtec.cat\/aribagorca-aran\/wp-json\/wp\/v2\/comments?post=20306"}],"version-history":[{"count":2,"href":"https:\/\/serveiseducatius.xtec.cat\/aribagorca-aran\/wp-json\/wp\/v2\/posts\/20306\/revisions"}],"predecessor-version":[{"id":20312,"href":"https:\/\/serveiseducatius.xtec.cat\/aribagorca-aran\/wp-json\/wp\/v2\/posts\/20306\/revisions\/20312"}],"wp:featuredmedia":[{"embeddable":true,"href":"https:\/\/serveiseducatius.xtec.cat\/aribagorca-aran\/wp-json\/wp\/v2\/media\/20309"}],"wp:attachment":[{"href":"https:\/\/serveiseducatius.xtec.cat\/aribagorca-aran\/wp-json\/wp\/v2\/media?parent=20306"}],"wp:term":[{"taxonomy":"category","embeddable":true,"href":"https:\/\/serveiseducatius.xtec.cat\/aribagorca-aran\/wp-json\/wp\/v2\/categories?post=20306"},{"taxonomy":"post_tag","embeddable":true,"href":"https:\/\/serveiseducatius.xtec.cat\/aribagorca-aran\/wp-json\/wp\/v2\/tags?post=20306"}],"curies":[{"name":"wp","href":"https:\/\/api.w.org\/{rel}","templated":true}]}}