{"id":20300,"date":"2026-04-30T13:15:03","date_gmt":"2026-04-30T11:15:03","guid":{"rendered":"https:\/\/serveiseducatius.xtec.cat\/aribagorca-aran\/?p=20300"},"modified":"2026-04-30T13:16:21","modified_gmt":"2026-04-30T11:16:21","slug":"jornada-esport-adaptat-ara-escola","status":"publish","type":"post","link":"https:\/\/serveiseducatius.xtec.cat\/aribagorca-aran\/general\/jornada-esport-adaptat-ara-escola\/","title":{"rendered":"Jornada Esp\u00f2rt Adaptat ara Esc\u00f2la"},"content":{"rendered":"<p>&nbsp;<\/p>\n<p><strong>\u00a0<\/strong>Era <em>Diputaci\u00f3 de Lleida<\/em> amassa damb era <em>Federaci\u00f3 Catalana d\u2019Esports de Persones amb Discapacitat F\u00edsica (FCEDF)<\/em> desvolupen eth programa \u201cEsport adaptat a l\u2019escola\u201d, mejan\u00e7ant eth qu\u2019es pret\u00e9n qu\u2019er alumnat sapie qu\u2019er esp\u00f2rt p\u00f2t \u00e8ster inclusiu ent\u00e0 toti, sigue quina sigue era diversitat funcionau dera persona.<img loading=\"lazy\" decoding=\"async\" class=\"size-medium wp-image-20303 alignright\" src=\"https:\/\/serveiseducatius.xtec.cat\/aribagorca-aran\/wp-content\/uploads\/usu1143\/2026\/04\/Captura-204-227x300.png\" alt=\"\" width=\"227\" height=\"300\" srcset=\"https:\/\/serveiseducatius.xtec.cat\/aribagorca-aran\/wp-content\/uploads\/usu1143\/2026\/04\/Captura-204-227x300.png 227w, https:\/\/serveiseducatius.xtec.cat\/aribagorca-aran\/wp-content\/uploads\/usu1143\/2026\/04\/Captura-204.png 329w\" sizes=\"auto, (max-width: 227px) 100vw, 227px\" \/><\/p>\n<p>Laguens d\u2019aguest encastre, dijaus 9 d\u2019abriu se celebr\u00e8c ua jornada en pavalhon poliesportiu de Salard\u00fa entar alumnat de cicle superior dera ZER, a on es mainatges e mainades poderen practicar diu\u00e8rsi esp\u00f2rts paralimpics.<\/p>\n<p>Era organizacion estec a cargue dera <em>Federaci\u00f3 Catalana d\u2019Esport de Persones amb Discapacitat F\u00edsica (FCEDF)<\/em> en coordinacion damb era direccion dera ZER e era fisioterap\u00e8uta der EAP Val d\u2019Aran-Alta Ribagor\u00e7a e \u00a0era collaboracion der Ajuntament deth Naut Aran.<\/p>\n<p>Abans dera jornada practica es realiz\u00e8c ua session teorica en cada centre damb era finalitat de crear consci\u00e9ncia e fomentar tant era sensibilizacion cap ar esp\u00f2rt adaptat coma era acceptacion dera diversitat e era singularitat des persones.<\/p>\n<p><img loading=\"lazy\" decoding=\"async\" class=\" wp-image-20301 alignleft\" src=\"https:\/\/serveiseducatius.xtec.cat\/aribagorca-aran\/wp-content\/uploads\/usu1143\/2026\/04\/Captura-203-300x208.png\" alt=\"\" width=\"371\" height=\"257\" srcset=\"https:\/\/serveiseducatius.xtec.cat\/aribagorca-aran\/wp-content\/uploads\/usu1143\/2026\/04\/Captura-203-300x208.png 300w, https:\/\/serveiseducatius.xtec.cat\/aribagorca-aran\/wp-content\/uploads\/usu1143\/2026\/04\/Captura-203-768x533.png 768w, https:\/\/serveiseducatius.xtec.cat\/aribagorca-aran\/wp-content\/uploads\/usu1143\/2026\/04\/Captura-203.png 991w\" sizes=\"auto, (max-width: 371px) 100vw, 371px\" \/><\/p>\n<p>Ena jornada deth 9 d\u2019abriu er alumnat practiqu\u00e8c 4 modalitats esportives, en situacion reau de j\u00f2c, damb eth corresponent materiau esportiu especific.<\/p>\n<p>Damb aguesta jornada auem volut sensibilizar sus era normalitat e era viabilitat der esp\u00f2rt adaptat, rem\u00e8rcar eth pap\u00e8r der esp\u00f2rt coma eish vertebrador dera inclusion, es dificultats e era capacitat de superacion des esportistes damb discapacitat, trebalhar era autoacceptacion deth pr\u00f2pi c\u00f2s e dera r\u00e8sta der alumnat atau coma era diversitat des persones e des capacitats. Arregra\u00efm era collaboracion dera <em>Federaci\u00f3 Catalana d\u2019Esports de Persones amb Discapacitat F\u00edsica (FCEDF)<\/em> e der Ajuntament deth Naut Aran pera cession des installacions ent\u00e0 realizar era activitat.<\/p>\n<p>Ent\u00e0 m\u00e8s informacion:<\/p>\n<p><a href=\"https:\/\/www.3cat.cat\/3catinfo\/esport-adaptat-ena-escola\/noticia\/3404286\/\" target=\"_blank\" rel=\"noopener\">3catinfo<\/a><\/p>\n<p><a href=\"https:\/\/www.3cat.cat\/3cat\/eth-maitin-daran-08042026\/audio\/1276502\/?ext=SM_WP_F4_CE24_\" target=\"_blank\" rel=\"noopener\">Eth maitin d&#8217;Aran<\/a><\/p>\n<p>&nbsp;<\/p>\n<p>&nbsp;<\/p>\n","protected":false},"excerpt":{"rendered":"<p>&nbsp;<br \/>\n\u00a0Era Diputaci\u00f3 de Lleida amassa damb era Federaci\u00f3 Catalana d\u2019Esports de Persones amb Discapacitat F\u00edsica (FCEDF) desvolupen eth programa \u201cEsport adaptat a l\u2019escola\u201d, mejan\u00e7ant eth qu\u2019es pret\u00e9n qu\u2019er alumnat sapie qu\u2019er esp\u00f2rt p\u00f2t \u00e8ster inclusiu ent\u00e0 toti, sigue quina sigue era diversitat funcionau dera persona.<br \/>\nLaguens&hellip;  <a href=\"https:\/\/serveiseducatius.xtec.cat\/aribagorca-aran\/general\/jornada-esport-adaptat-ara-escola\/\" title=\"Read Jornada Esp\u00f2rt Adaptat ara Esc\u00f2la\">Llegeix m\u00e9s\u00bb<\/a><\/p>\n","protected":false},"author":1,"featured_media":20301,"comment_status":"open","ping_status":"open","sticky":false,"template":"","format":"standard","meta":{"_bbp_topic_count":0,"_bbp_reply_count":0,"_bbp_total_topic_count":0,"_bbp_total_reply_count":0,"_bbp_voice_count":0,"_bbp_anonymous_reply_count":0,"_bbp_topic_count_hidden":0,"_bbp_reply_count_hidden":0,"_bbp_forum_subforum_count":0,"footnotes":""},"categories":[1],"tags":[92,628,624,302],"class_list":["post-20300","post","type-post","status-publish","format-standard","has-post-thumbnail","hentry","category-general","tag-esport","tag-iclusio","tag-inclusion","tag-jornada"],"post_mailing_queue_ids":[],"_links":{"self":[{"href":"https:\/\/serveiseducatius.xtec.cat\/aribagorca-aran\/wp-json\/wp\/v2\/posts\/20300","targetHints":{"allow":["GET"]}}],"collection":[{"href":"https:\/\/serveiseducatius.xtec.cat\/aribagorca-aran\/wp-json\/wp\/v2\/posts"}],"about":[{"href":"https:\/\/serveiseducatius.xtec.cat\/aribagorca-aran\/wp-json\/wp\/v2\/types\/post"}],"author":[{"embeddable":true,"href":"https:\/\/serveiseducatius.xtec.cat\/aribagorca-aran\/wp-json\/wp\/v2\/users\/1"}],"replies":[{"embeddable":true,"href":"https:\/\/serveiseducatius.xtec.cat\/aribagorca-aran\/wp-json\/wp\/v2\/comments?post=20300"}],"version-history":[{"count":3,"href":"https:\/\/serveiseducatius.xtec.cat\/aribagorca-aran\/wp-json\/wp\/v2\/posts\/20300\/revisions"}],"predecessor-version":[{"id":20305,"href":"https:\/\/serveiseducatius.xtec.cat\/aribagorca-aran\/wp-json\/wp\/v2\/posts\/20300\/revisions\/20305"}],"wp:featuredmedia":[{"embeddable":true,"href":"https:\/\/serveiseducatius.xtec.cat\/aribagorca-aran\/wp-json\/wp\/v2\/media\/20301"}],"wp:attachment":[{"href":"https:\/\/serveiseducatius.xtec.cat\/aribagorca-aran\/wp-json\/wp\/v2\/media?parent=20300"}],"wp:term":[{"taxonomy":"category","embeddable":true,"href":"https:\/\/serveiseducatius.xtec.cat\/aribagorca-aran\/wp-json\/wp\/v2\/categories?post=20300"},{"taxonomy":"post_tag","embeddable":true,"href":"https:\/\/serveiseducatius.xtec.cat\/aribagorca-aran\/wp-json\/wp\/v2\/tags?post=20300"}],"curies":[{"name":"wp","href":"https:\/\/api.w.org\/{rel}","templated":true}]}}