{"id":20097,"date":"2026-03-02T16:23:31","date_gmt":"2026-03-02T15:23:31","guid":{"rendered":"https:\/\/serveiseducatius.xtec.cat\/aribagorca-aran\/?p=20097"},"modified":"2026-03-02T16:24:51","modified_gmt":"2026-03-02T15:24:51","slug":"airines-faig-fonamentades-enes-aportacions-dera-psicologia-cognitiva-e-era-neuroeducacion-recorsi","status":"publish","type":"post","link":"https:\/\/serveiseducatius.xtec.cat\/aribagorca-aran\/general\/airines-faig-fonamentades-enes-aportacions-dera-psicologia-cognitiva-e-era-neuroeducacion-recorsi\/","title":{"rendered":"Airines FAIG fonamentades enes aportacions dera psicologia cognitiva e era neuroeducacion (recorsi)"},"content":{"rendered":"<p><img loading=\"lazy\" decoding=\"async\" class=\"\" src=\"https:\/\/agora.xtec.cat\/ceip-canpuig\/wp-content\/uploads\/usu1039\/2023\/10\/FAIG.jpg\" alt=\"FAIG | Escola Can Puig\" width=\"458\" height=\"253\" \/><\/p>\n<p><span style=\"font-weight: 400;\">Eth CESIRE a publicat en <\/span><span style=\"color: #339966;\"><a style=\"color: #339966;\" href=\"https:\/\/serveiseducatius.xtec.cat\/cesire\/category\/einesfaig\/\"><i><span style=\"font-weight: 400;\">espai EINES FAIG<\/span><\/i><\/a><\/span><span style=\"font-weight: 400;\"><span style=\"color: #339966;\">,<\/span> un nau apartat en s\u00f2n espaci web, damb recorsi descargables ent\u00e0 dessenhar proj\u00e8ctes d\u2019aprenedissatge damb sentit a compdar de problemes sociaus remercables, de man\u00e8ra collaborativa e fonamentada e favorir un aprenedissatge prigond e significatiu der alumnat. L\u2019espaci <\/span><span style=\"font-weight: 400;\">conten<\/span><span style=\"font-weight: 400;\"> quate seccions: <\/span><\/p>\n<ul>\n<li><span style=\"color: #339966;\"><a style=\"color: #339966;\" href=\"https:\/\/serveiseducatius.xtec.cat\/cesire\/eina-dideacio-del-proposit-dun-projecte-faig\/\"><i><span style=\"font-weight: 400;\">Eina d\u2019ideaci\u00f3 del prop\u00f2sit d\u2019un projecte FAIG<\/span><\/i><\/a><\/span><span style=\"font-weight: 400;\"><span style=\"color: #339966;\">:<\/span> ajude a definir <\/span><b>eth perqu\u00e9 deth proj\u00e8cte<\/b><span style=\"font-weight: 400;\"> e es intencions pedagogiques que le fonamenten.<\/span><\/li>\n<li style=\"font-weight: 400;\" aria-level=\"1\"><span style=\"color: #339966;\"><a style=\"color: #339966;\" href=\"https:\/\/serveiseducatius.xtec.cat\/cesire\/bastida-per-dissenyar-un-projecte-faig\/\"><i><span style=\"font-weight: 400;\">Bastida per dissenyar un projecte FAIG<\/span><\/i><\/a><\/span><span style=\"font-weight: 400;\"><span style=\"color: #339966;\">:<\/span> acompanhe eth dessenh de proj\u00e8ctes connectats damb era vida der alumnat e orientats ar <strong>aprenedissatge damb sentit.<\/strong><\/span><\/li>\n<li style=\"font-weight: 400;\" aria-level=\"1\"><span style=\"color: #339966;\"><a style=\"color: #339966;\" href=\"https:\/\/serveiseducatius.xtec.cat\/cesire\/eina-de-cocreacio-dun-projecte\/\"><i><span style=\"font-weight: 400;\">Eina de cocreaci\u00f3 d\u2019un projecte<\/span><\/i><\/a><i><span style=\"font-weight: 400;\">:<\/span><\/i><\/span><span style=\"font-weight: 400;\"> guie era fasa iniciau deth proj\u00e8cte mejan\u00e7ant <\/span><b>preguntes clau<\/b><span style=\"font-weight: 400;\"> que faciliten era cocreacion entre docents.<\/span><\/li>\n<li style=\"font-weight: 400;\" aria-level=\"1\"><span style=\"color: #339966;\"><a style=\"color: #339966;\" href=\"https:\/\/serveiseducatius.xtec.cat\/cesire\/eina-per-al-disseny-creacio-i-millora-dun-proosit-faig\/\"><i><span style=\"font-weight: 400;\">Eina per al disseny, creaci\u00f3 i millora d\u2019un prop\u00f2sit FAIG<\/span><\/i><\/a><i><span style=\"font-weight: 400;\">:<\/span><\/i><\/span><span style=\"font-weight: 400;\"> ajude a<strong> concretar era intencion<\/strong> d\u2019un proj\u00e8cte d\u2019aprenedissatge e a h\u00e8r-le reauments significatiu.<\/span><\/li>\n<\/ul>\n<p>&nbsp;<\/p>\n","protected":false},"excerpt":{"rendered":"<p>Eth CESIRE a publicat en <a style=\"color: #339966;\" href=\"https:\/\/serveiseducatius.xtec.cat\/cesire\/category\/einesfaig\/\">espai EINES FAIG<\/a>, un nau apartat en s\u00f2n espaci web, damb recorsi descargables ent\u00e0 dessenhar proj\u00e8ctes d\u2019aprenedissatge damb sentit a compdar de problemes sociaus remercables, de man\u00e8ra collaborativa e fonamentada e favorir un aprenedissatge prigond e significatiu&hellip;  <a href=\"https:\/\/serveiseducatius.xtec.cat\/aribagorca-aran\/general\/airines-faig-fonamentades-enes-aportacions-dera-psicologia-cognitiva-e-era-neuroeducacion-recorsi\/\" title=\"Read Airines FAIG fonamentades enes aportacions dera psicologia cognitiva e era neuroeducacion (recorsi)\">Llegeix m\u00e9s\u00bb<\/a><\/p>\n","protected":false},"author":1,"featured_media":0,"comment_status":"open","ping_status":"open","sticky":false,"template":"","format":"standard","meta":{"_bbp_topic_count":0,"_bbp_reply_count":0,"_bbp_total_topic_count":0,"_bbp_total_reply_count":0,"_bbp_voice_count":0,"_bbp_anonymous_reply_count":0,"_bbp_topic_count_hidden":0,"_bbp_reply_count_hidden":0,"_bbp_forum_subforum_count":0,"footnotes":""},"categories":[1],"tags":[],"class_list":["post-20097","post","type-post","status-publish","format-standard","hentry","category-general"],"post_mailing_queue_ids":[],"_links":{"self":[{"href":"https:\/\/serveiseducatius.xtec.cat\/aribagorca-aran\/wp-json\/wp\/v2\/posts\/20097","targetHints":{"allow":["GET"]}}],"collection":[{"href":"https:\/\/serveiseducatius.xtec.cat\/aribagorca-aran\/wp-json\/wp\/v2\/posts"}],"about":[{"href":"https:\/\/serveiseducatius.xtec.cat\/aribagorca-aran\/wp-json\/wp\/v2\/types\/post"}],"author":[{"embeddable":true,"href":"https:\/\/serveiseducatius.xtec.cat\/aribagorca-aran\/wp-json\/wp\/v2\/users\/1"}],"replies":[{"embeddable":true,"href":"https:\/\/serveiseducatius.xtec.cat\/aribagorca-aran\/wp-json\/wp\/v2\/comments?post=20097"}],"version-history":[{"count":3,"href":"https:\/\/serveiseducatius.xtec.cat\/aribagorca-aran\/wp-json\/wp\/v2\/posts\/20097\/revisions"}],"predecessor-version":[{"id":20101,"href":"https:\/\/serveiseducatius.xtec.cat\/aribagorca-aran\/wp-json\/wp\/v2\/posts\/20097\/revisions\/20101"}],"wp:attachment":[{"href":"https:\/\/serveiseducatius.xtec.cat\/aribagorca-aran\/wp-json\/wp\/v2\/media?parent=20097"}],"wp:term":[{"taxonomy":"category","embeddable":true,"href":"https:\/\/serveiseducatius.xtec.cat\/aribagorca-aran\/wp-json\/wp\/v2\/categories?post=20097"},{"taxonomy":"post_tag","embeddable":true,"href":"https:\/\/serveiseducatius.xtec.cat\/aribagorca-aran\/wp-json\/wp\/v2\/tags?post=20097"}],"curies":[{"name":"wp","href":"https:\/\/api.w.org\/{rel}","templated":true}]}}