{"id":19989,"date":"2025-12-18T16:21:05","date_gmt":"2025-12-18T15:21:05","guid":{"rendered":"https:\/\/serveiseducatius.xtec.cat\/aribagorca-aran\/?p=19989"},"modified":"2025-12-18T16:21:05","modified_gmt":"2025-12-18T15:21:05","slug":"projecte-estrategies-de-feedback-intern-pel-desplegament-dels-nous-curriculums-competencials-cap-a-lautoregulacio-de-laprenentatge-de-lalumnat-eficca3","status":"publish","type":"post","link":"https:\/\/serveiseducatius.xtec.cat\/aribagorca-aran\/general\/projecte-estrategies-de-feedback-intern-pel-desplegament-dels-nous-curriculums-competencials-cap-a-lautoregulacio-de-laprenentatge-de-lalumnat-eficca3\/","title":{"rendered":"Proj\u00e8cte Estrat\u00e8gies de feedback intern pel desplegament dels nous curr\u00edculums competencials: cap a l\u2019autoregulaci\u00f3 de l\u2019aprenentatge de l\u2019alumnat (EFICCA3)"},"content":{"rendered":"<p><img loading=\"lazy\" decoding=\"async\" class=\"\" src=\"https:\/\/serveiseducatius.xtec.cat\/noguera\/wp-content\/uploads\/usu1149\/2025\/12\/Publicacions-1r-TRI-25-26-1200-x-800-px-1000-x-800-px-35.jpg\" alt=\"CRP \u2013 La Noguera\" width=\"320\" height=\"256\" \/><\/p>\n<p><span style=\"font-weight: 400;\">Eth proj\u00e8cte EFICCA3 es centre enes proc\u00e8ssi de feedback e era autoregulacion der aprenedissatge,\u00a0 er objectiu principau deth proj\u00e8cte a estat cercar e compr\u00e9ner practiques de<\/span><span style=\"font-weight: 400;\"> feedback <\/span><span style=\"font-weight: 400;\">internalizat ent\u00e0 prom\u00f2ir era autoregulacion der alumnat, damb era finalitat de poder transferir entre mestres e professorat coma dessenhar prepauses educatives que prebotgen aguest tipe d\u2019experi\u00e9ncies autoreguladores.<\/span><\/p>\n<p><span style=\"font-weight: 400;\">Desp\u00fas d\u2019ua rec\u00e8rca sistematica, s\u2019an identificat centres d\u2019educacion segond\u00e0ria damb practiques d\u2019\u00e8xit e s\u2019an estudiat a hons 10 cassi catalans que v\u00f2len compartir damb nosati.<\/span><\/p>\n<p><a href=\"https:\/\/www.youtube.com\/playlist?list=PLYC6Kwamb2veYSDdrW5OwCfg1lFu2cl1U\"><b>Vid\u00e8us elaborats ath torn deth proj\u00e8cte<\/b><\/a><span style=\"font-weight: 400;\">, que ser\u00e0n un recors d\u2019utilitat ent\u00e0 transferir ada aqueri centres qu\u2019an dubtes resp\u00e8cte ara avaloracion e era autoregulacion der aprenedissatge.<\/span><\/p>\n<ul>\n<li style=\"font-weight: 400;\" aria-level=\"1\"><span style=\"font-weight: 400;\">10 v\u00edd\u00e8us de cada cas, en encastre catalan (<\/span><a href=\"https:\/\/www.youtube.com\/watch?v=g0Y2S2ERzzg\"><b>Escola Garb\u00ed Pere Verg\u00e9s de Badalona<\/b><\/a><span style=\"font-weight: 400;\">;<\/span><strong><a href=\"https:\/\/www.youtube.com\/watch?v=7l-_UE5PTCs\"> Escola Virolai<\/a><\/strong>; <a href=\"https:\/\/www.youtube.com\/watch?v=2Bp0B39RjP8\"><b>Institut Escola Feixes<\/b><\/a><span style=\"font-weight: 400;\">;<\/span><a href=\"https:\/\/www.youtube.com\/watch?v=dH9-wYa3jD0\"><b> Institut Escola Josep Maria Xandri<\/b><\/a><span style=\"font-weight: 400;\">; <\/span><a href=\"https:\/\/www.youtube.com\/watch?v=e5HsIJj_hRI\"><b>Institut Escola Les Vinyes<\/b><\/a><span style=\"font-weight: 400;\">; <\/span><a href=\"https:\/\/www.youtube.com\/watch?v=xhM9K4Od1XM\"><b>Institut Escola Santa Anna<\/b><\/a><span style=\"font-weight: 400;\">; <\/span><a href=\"https:\/\/www.youtube.com\/watch?v=7CQBL1n_5Vo\"><b>Institut Neus Catal\u00e0<\/b><\/a><span style=\"font-weight: 400;\">; <\/span><a href=\"https:\/\/www.youtube.com\/watch?v=GCY4qiSJLlE\"><b>Institut Peralada<\/b><\/a><span style=\"font-weight: 400;\">; <\/span><a href=\"https:\/\/www.youtube.com\/watch?v=3E7XTokOReA\"><b>Institut Vilafranca 2<\/b><\/a><span style=\"font-weight: 400;\">; <\/span><a href=\"https:\/\/www.youtube.com\/watch?v=71-qKZDGioo\"><b>Institut Vilamajor<\/b><\/a><span style=\"font-weight: 400;\">);<\/span><\/li>\n<li style=\"font-weight: 400;\" aria-level=\"1\"><a href=\"https:\/\/www.youtube.com\/watch?v=V_SqG2u62pA&amp;list=PLYC6Kwamb2veYSDdrW5OwCfg1lFu2cl1U&amp;index=2\"><b>1 vid\u00e8u resum des 10 cassi nacionaus estudiats<\/b><\/a><span style=\"font-weight: 400;\">;<\/span><\/li>\n<li style=\"font-weight: 400;\" aria-level=\"1\"><span style=\"font-weight: 400;\">E es vid\u00e8us gessudi dera Jornada finau deth proj\u00e8cte, celebrada eth passat 3 de junhs\u00e8ga ena seden\u00e7a UOC: 1 <\/span><a href=\"https:\/\/www.youtube.com\/watch?v=J-0hEiT8LkI\"><span style=\"font-weight: 400;\">videoresum dera jornada<\/span><\/a><b>,<\/b><a href=\"https:\/\/www.youtube.com\/watch?v=_alVRZSX3RU&amp;list=PLYC6Kwamb2veYSDdrW5OwCfg1lFu2cl1U&amp;index=2\"><span style=\"font-weight: 400;\"> era r\u00f2da d\u2019experi\u00e9ncies damb era participacion deth professorat des cassi e, <\/span><\/a><b>\u00a0<\/b><a href=\"https:\/\/www.youtube.com\/watch?v=XoquZSkh9aQ&amp;list=PLYC6Kwamb2veYSDdrW5OwCfg1lFu2cl1U&amp;index=3\"><span style=\"font-weight: 400;\">un am\u00e0s finau de recomanacions ent\u00e0 m\u00e8stres de prim\u00e0ria e professorat de segond\u00e0ria<\/span><\/a><b>.<\/b><\/li>\n<\/ul>\n<p><span style=\"font-weight: 400;\">Ath del\u00e0 s\u2019ei acabant d\u2019elaborar un recors didactic, en format Guia, adre\u00e7at as madeishi actors educatius, damb aguest sentit practic ent\u00e0 poder transferir es resultats deth proj\u00e8cte entara sua aplicacion enes aules de prim\u00e0ria, e de segond\u00e0ria.<\/span><\/p>\n","protected":false},"excerpt":{"rendered":"<p>Eth proj\u00e8cte EFICCA3 es centre enes proc\u00e8ssi de feedback e era autoregulacion der aprenedissatge,\u00a0 er objectiu principau deth proj\u00e8cte a estat cercar e compr\u00e9ner practiques de feedback internalizat ent\u00e0 prom\u00f2ir era autoregulacion der alumnat, damb era finalitat de poder transferir entre mestres e professorat coma&hellip;  <a href=\"https:\/\/serveiseducatius.xtec.cat\/aribagorca-aran\/general\/projecte-estrategies-de-feedback-intern-pel-desplegament-dels-nous-curriculums-competencials-cap-a-lautoregulacio-de-laprenentatge-de-lalumnat-eficca3\/\" title=\"Read Proj\u00e8cte Estrat\u00e8gies de feedback intern pel desplegament dels nous curr\u00edculums competencials: cap a l\u2019autoregulaci\u00f3 de l\u2019aprenentatge de l\u2019alumnat (EFICCA3)\">Llegeix m\u00e9s\u00bb<\/a><\/p>\n","protected":false},"author":1,"featured_media":0,"comment_status":"open","ping_status":"open","sticky":false,"template":"","format":"standard","meta":{"_bbp_topic_count":0,"_bbp_reply_count":0,"_bbp_total_topic_count":0,"_bbp_total_reply_count":0,"_bbp_voice_count":0,"_bbp_anonymous_reply_count":0,"_bbp_topic_count_hidden":0,"_bbp_reply_count_hidden":0,"_bbp_forum_subforum_count":0,"footnotes":""},"categories":[65,1],"tags":[],"class_list":["post-19989","post","type-post","status-publish","format-standard","hentry","category-crp","category-general"],"post_mailing_queue_ids":[],"_links":{"self":[{"href":"https:\/\/serveiseducatius.xtec.cat\/aribagorca-aran\/wp-json\/wp\/v2\/posts\/19989","targetHints":{"allow":["GET"]}}],"collection":[{"href":"https:\/\/serveiseducatius.xtec.cat\/aribagorca-aran\/wp-json\/wp\/v2\/posts"}],"about":[{"href":"https:\/\/serveiseducatius.xtec.cat\/aribagorca-aran\/wp-json\/wp\/v2\/types\/post"}],"author":[{"embeddable":true,"href":"https:\/\/serveiseducatius.xtec.cat\/aribagorca-aran\/wp-json\/wp\/v2\/users\/1"}],"replies":[{"embeddable":true,"href":"https:\/\/serveiseducatius.xtec.cat\/aribagorca-aran\/wp-json\/wp\/v2\/comments?post=19989"}],"version-history":[{"count":6,"href":"https:\/\/serveiseducatius.xtec.cat\/aribagorca-aran\/wp-json\/wp\/v2\/posts\/19989\/revisions"}],"predecessor-version":[{"id":19995,"href":"https:\/\/serveiseducatius.xtec.cat\/aribagorca-aran\/wp-json\/wp\/v2\/posts\/19989\/revisions\/19995"}],"wp:attachment":[{"href":"https:\/\/serveiseducatius.xtec.cat\/aribagorca-aran\/wp-json\/wp\/v2\/media?parent=19989"}],"wp:term":[{"taxonomy":"category","embeddable":true,"href":"https:\/\/serveiseducatius.xtec.cat\/aribagorca-aran\/wp-json\/wp\/v2\/categories?post=19989"},{"taxonomy":"post_tag","embeddable":true,"href":"https:\/\/serveiseducatius.xtec.cat\/aribagorca-aran\/wp-json\/wp\/v2\/tags?post=19989"}],"curies":[{"name":"wp","href":"https:\/\/api.w.org\/{rel}","templated":true}]}}