{"id":19954,"date":"2025-11-26T19:24:51","date_gmt":"2025-11-26T18:24:51","guid":{"rendered":"https:\/\/serveiseducatius.xtec.cat\/aribagorca-aran\/?p=19954"},"modified":"2025-11-28T14:16:29","modified_gmt":"2025-11-28T13:16:29","slug":"charrada-damb-familhes-atencion-educativa-ar-alumnat-damb-besonhs-especifiques","status":"publish","type":"post","link":"https:\/\/serveiseducatius.xtec.cat\/aribagorca-aran\/general\/charrada-damb-familhes-atencion-educativa-ar-alumnat-damb-besonhs-especifiques\/","title":{"rendered":"Charrada damb familhes: Atencion educativa ar alumnat damb besonhs especifiques"},"content":{"rendered":"<p><a href=\"https:\/\/meet.google.com\/oiv-crym-wxb\"><img loading=\"lazy\" decoding=\"async\" class=\"size-medium wp-image-19961 alignleft\" src=\"https:\/\/serveiseducatius.xtec.cat\/aribagorca-aran\/wp-content\/uploads\/usu1143\/2025\/11\/Conversa-amb-families-Mesures-i-suports-a-les-escoles-per-alumnes-amb-necessitats-especifiques-2_page-0001-1-212x300.jpg\" alt=\"\" width=\"212\" height=\"300\" srcset=\"https:\/\/serveiseducatius.xtec.cat\/aribagorca-aran\/wp-content\/uploads\/usu1143\/2025\/11\/Conversa-amb-families-Mesures-i-suports-a-les-escoles-per-alumnes-amb-necessitats-especifiques-2_page-0001-1-212x300.jpg 212w, https:\/\/serveiseducatius.xtec.cat\/aribagorca-aran\/wp-content\/uploads\/usu1143\/2025\/11\/Conversa-amb-families-Mesures-i-suports-a-les-escoles-per-alumnes-amb-necessitats-especifiques-2_page-0001-1-725x1024.jpg 725w, https:\/\/serveiseducatius.xtec.cat\/aribagorca-aran\/wp-content\/uploads\/usu1143\/2025\/11\/Conversa-amb-families-Mesures-i-suports-a-les-escoles-per-alumnes-amb-necessitats-especifiques-2_page-0001-1-768x1085.jpg 768w, https:\/\/serveiseducatius.xtec.cat\/aribagorca-aran\/wp-content\/uploads\/usu1143\/2025\/11\/Conversa-amb-families-Mesures-i-suports-a-les-escoles-per-alumnes-amb-necessitats-especifiques-2_page-0001-1-1087x1536.jpg 1087w, https:\/\/serveiseducatius.xtec.cat\/aribagorca-aran\/wp-content\/uploads\/usu1143\/2025\/11\/Conversa-amb-families-Mesures-i-suports-a-les-escoles-per-alumnes-amb-necessitats-especifiques-2_page-0001-1-1449x2048.jpg 1449w, https:\/\/serveiseducatius.xtec.cat\/aribagorca-aran\/wp-content\/uploads\/usu1143\/2025\/11\/Conversa-amb-families-Mesures-i-suports-a-les-escoles-per-alumnes-amb-necessitats-especifiques-2_page-0001-1.jpg 1755w\" sizes=\"auto, (max-width: 212px) 100vw, 212px\" \/><\/a><\/p>\n<p>&nbsp;<\/p>\n<p>Eth Departament d&#8217;Educacion organize aguesta charrada damb era finalitat d&#8217;aufrir as familhes un espaci ent\u00e0 que conesquen es recorsi disponibles ent\u00e0s s\u00f2ns hilhs en entorn escolar e posquen res\u00f2ler dubtes.<\/p>\n<p>Aur\u00e0 l\u00f2c eth 3 de deseme, ent\u00e0s 16 ores, en Servici Educatiu de Tremp.<\/p>\n<p>En cas de non poder asistir en format presenciau, traparatz er acc\u00e8s ara conexion en linha en enla\u00e7ament que segu\u00eds: <a href=\"https:\/\/meet.google.com\/oiv-crym-wxb\">enla\u00e7ament<\/a><\/p>\n<p>&nbsp;<\/p>\n<p>&nbsp;<\/p>\n<p>&nbsp;<\/p>\n","protected":false},"excerpt":{"rendered":"<p><a href=\"https:\/\/meet.google.com\/oiv-crym-wxb\"><\/a><br \/>\n&nbsp;<br \/>\nEth Departament d&#8217;Educacion organize aguesta charrada damb era finalitat d&#8217;aufrir as familhes un espaci ent\u00e0 que conesquen es recorsi disponibles ent\u00e0s s\u00f2ns hilhs en entorn escolar e posquen res\u00f2ler dubtes.<br \/>\nAur\u00e0 l\u00f2c eth 3 de deseme, ent\u00e0s 16 ores, en Servici Educatiu de Tremp.<br \/>\nEn cas&hellip;  <a href=\"https:\/\/serveiseducatius.xtec.cat\/aribagorca-aran\/general\/charrada-damb-familhes-atencion-educativa-ar-alumnat-damb-besonhs-especifiques\/\" title=\"Read Charrada damb familhes: Atencion educativa ar alumnat damb besonhs especifiques\">Llegeix m\u00e9s\u00bb<\/a><\/p>\n","protected":false},"author":1,"featured_media":19958,"comment_status":"open","ping_status":"open","sticky":false,"template":"","format":"standard","meta":{"_bbp_topic_count":0,"_bbp_reply_count":0,"_bbp_total_topic_count":0,"_bbp_total_reply_count":0,"_bbp_voice_count":0,"_bbp_anonymous_reply_count":0,"_bbp_topic_count_hidden":0,"_bbp_reply_count_hidden":0,"_bbp_forum_subforum_count":0,"footnotes":""},"categories":[65,1],"tags":[622,623,625,624,323,429],"class_list":["post-19954","post","type-post","status-publish","format-standard","has-post-thumbnail","hentry","category-crp","category-general","tag-familhes","tag-familias","tag-inclusio","tag-inclusion","tag-recorsi","tag-recursos"],"post_mailing_queue_ids":[],"_links":{"self":[{"href":"https:\/\/serveiseducatius.xtec.cat\/aribagorca-aran\/wp-json\/wp\/v2\/posts\/19954","targetHints":{"allow":["GET"]}}],"collection":[{"href":"https:\/\/serveiseducatius.xtec.cat\/aribagorca-aran\/wp-json\/wp\/v2\/posts"}],"about":[{"href":"https:\/\/serveiseducatius.xtec.cat\/aribagorca-aran\/wp-json\/wp\/v2\/types\/post"}],"author":[{"embeddable":true,"href":"https:\/\/serveiseducatius.xtec.cat\/aribagorca-aran\/wp-json\/wp\/v2\/users\/1"}],"replies":[{"embeddable":true,"href":"https:\/\/serveiseducatius.xtec.cat\/aribagorca-aran\/wp-json\/wp\/v2\/comments?post=19954"}],"version-history":[{"count":6,"href":"https:\/\/serveiseducatius.xtec.cat\/aribagorca-aran\/wp-json\/wp\/v2\/posts\/19954\/revisions"}],"predecessor-version":[{"id":19968,"href":"https:\/\/serveiseducatius.xtec.cat\/aribagorca-aran\/wp-json\/wp\/v2\/posts\/19954\/revisions\/19968"}],"wp:featuredmedia":[{"embeddable":true,"href":"https:\/\/serveiseducatius.xtec.cat\/aribagorca-aran\/wp-json\/wp\/v2\/media\/19958"}],"wp:attachment":[{"href":"https:\/\/serveiseducatius.xtec.cat\/aribagorca-aran\/wp-json\/wp\/v2\/media?parent=19954"}],"wp:term":[{"taxonomy":"category","embeddable":true,"href":"https:\/\/serveiseducatius.xtec.cat\/aribagorca-aran\/wp-json\/wp\/v2\/categories?post=19954"},{"taxonomy":"post_tag","embeddable":true,"href":"https:\/\/serveiseducatius.xtec.cat\/aribagorca-aran\/wp-json\/wp\/v2\/tags?post=19954"}],"curies":[{"name":"wp","href":"https:\/\/api.w.org\/{rel}","templated":true}]}}