{"id":19116,"date":"2022-12-01T11:32:01","date_gmt":"2022-12-01T10:32:01","guid":{"rendered":"https:\/\/serveiseducatius.xtec.cat\/aribagorca-aran\/?p=19116"},"modified":"2022-12-01T11:32:48","modified_gmt":"2022-12-01T10:32:48","slug":"premi-trebalh-de-recerca-bachelierat-sus-economia-sociau-2023","status":"publish","type":"post","link":"https:\/\/serveiseducatius.xtec.cat\/aribagorca-aran\/general\/premi-trebalh-de-recerca-bachelierat-sus-economia-sociau-2023\/","title":{"rendered":"Pr\u00e8mi trebalh de rec\u00e8rca bachelierat sus economia sociau, 2023"},"content":{"rendered":"<p>Er Ateneu Cooperatiu der Alt Pirineu i Aran e es Servicis Educatius der Alt Pirineu- Aran conv\u00f2quen aguest pr\u00e8mi damb er objectiu de:<\/p>\n<p><a href=\"https:\/\/serveiseducatius.xtec.cat\/aribagorca-aran\/wp-content\/uploads\/usu1143\/2022\/12\/Screenshot_67.png\"><img loading=\"lazy\" decoding=\"async\" class=\"aligncenter size-medium wp-image-19118\" src=\"https:\/\/serveiseducatius.xtec.cat\/aribagorca-aran\/wp-content\/uploads\/usu1143\/2022\/12\/Screenshot_67-300x199.png\" alt=\"\" width=\"300\" height=\"199\" srcset=\"https:\/\/serveiseducatius.xtec.cat\/aribagorca-aran\/wp-content\/uploads\/usu1143\/2022\/12\/Screenshot_67-300x199.png 300w, https:\/\/serveiseducatius.xtec.cat\/aribagorca-aran\/wp-content\/uploads\/usu1143\/2022\/12\/Screenshot_67.png 472w\" sizes=\"auto, (max-width: 300px) 100vw, 300px\" \/><\/a><\/p>\n<ul>\n<li>Prom\u00f2ir e recon\u00e9isher trebalhs enfocadi ara<strong> rec\u00e8rca en camp dera economia sociau e cooperativa<\/strong> des comarques der Alt Pirineu i Aran.<\/li>\n<li>H\u00e8r a con\u00e9isher e apropar es valors deth cooperativisme as estudiants de bachelierat des comarques der Alt Pirineu-Aran.<\/li>\n<\/ul>\n<h5><strong>ADRE\u00c7AT A:<\/strong><\/h5>\n<p>Estudiants de bachelierat de centres publics o privats des par\u00e7ans der Alt Pirineu i Aran<\/p>\n<h5><strong>T\u00c8RME LIURAMENT DE TREBALHS<\/strong>:<\/h5>\n<p>31 d\u2019abriu de 2023<\/p>\n<h5><a href=\"https:\/\/drive.google.com\/file\/d\/1CpWz6w4KX25NiVV4d3O9wYV4qHJbNkg4\/view\" target=\"_blank\" rel=\"noopener\">BASES DES PR\u00c8MIS<\/a><\/h5>\n<h5><a href=\"https:\/\/drive.google.com\/file\/d\/1NP8iEGdxT_wivtW-Eu9DdAq9ugjaxE7F\/view\" target=\"_blank\" rel=\"noopener\">INSCRIPCION<\/a><\/h5>\n","protected":false},"excerpt":{"rendered":"<p>Er Ateneu Cooperatiu der Alt Pirineu i Aran e es Servicis Educatius der Alt Pirineu- Aran conv\u00f2quen aguest pr\u00e8mi damb er objectiu de:<br \/>\n<a href=\"https:\/\/serveiseducatius.xtec.cat\/aribagorca-aran\/wp-content\/uploads\/usu1143\/2022\/12\/Screenshot_67.png\"><\/a><\/p>\n<ul>\n<li>Prom\u00f2ir e recon\u00e9isher trebalhs enfocadi ara rec\u00e8rca en camp dera economia sociau e cooperativa des comarques der Alt Pirineu i Aran.<\/li>\n<li>H\u00e8r a&hellip;  <a href=\"https:\/\/serveiseducatius.xtec.cat\/aribagorca-aran\/general\/premi-trebalh-de-recerca-bachelierat-sus-economia-sociau-2023\/\" title=\"Read Pr\u00e8mi trebalh de rec\u00e8rca bachelierat sus economia sociau, 2023\">Llegeix m\u00e9s\u00bb<\/a><br \/>\n","protected":false},"author":1,"featured_media":19118,"comment_status":"open","ping_status":"closed","sticky":false,"template":"","format":"standard","meta":{"_bbp_topic_count":0,"_bbp_reply_count":0,"_bbp_total_topic_count":0,"_bbp_total_reply_count":0,"_bbp_voice_count":0,"_bbp_anonymous_reply_count":0,"_bbp_topic_count_hidden":0,"_bbp_reply_count_hidden":0,"_bbp_forum_subforum_count":0,"footnotes":""},"categories":[456,1],"tags":[464,288],"class_list":["post-19116","post","type-post","status-publish","format-standard","has-post-thumbnail","hentry","category-concorsi","category-general","tag-trebalhs-de-recerca","tag-treballs-de-recerca"],"post_mailing_queue_ids":[],"_links":{"self":[{"href":"https:\/\/serveiseducatius.xtec.cat\/aribagorca-aran\/wp-json\/wp\/v2\/posts\/19116","targetHints":{"allow":["GET"]}}],"collection":[{"href":"https:\/\/serveiseducatius.xtec.cat\/aribagorca-aran\/wp-json\/wp\/v2\/posts"}],"about":[{"href":"https:\/\/serveiseducatius.xtec.cat\/aribagorca-aran\/wp-json\/wp\/v2\/types\/post"}],"author":[{"embeddable":true,"href":"https:\/\/serveiseducatius.xtec.cat\/aribagorca-aran\/wp-json\/wp\/v2\/users\/1"}],"replies":[{"embeddable":true,"href":"https:\/\/serveiseducatius.xtec.cat\/aribagorca-aran\/wp-json\/wp\/v2\/comments?post=19116"}],"version-history":[{"count":2,"href":"https:\/\/serveiseducatius.xtec.cat\/aribagorca-aran\/wp-json\/wp\/v2\/posts\/19116\/revisions"}],"predecessor-version":[{"id":19121,"href":"https:\/\/serveiseducatius.xtec.cat\/aribagorca-aran\/wp-json\/wp\/v2\/posts\/19116\/revisions\/19121"}],"wp:featuredmedia":[{"embeddable":true,"href":"https:\/\/serveiseducatius.xtec.cat\/aribagorca-aran\/wp-json\/wp\/v2\/media\/19118"}],"wp:attachment":[{"href":"https:\/\/serveiseducatius.xtec.cat\/aribagorca-aran\/wp-json\/wp\/v2\/media?parent=19116"}],"wp:term":[{"taxonomy":"category","embeddable":true,"href":"https:\/\/serveiseducatius.xtec.cat\/aribagorca-aran\/wp-json\/wp\/v2\/categories?post=19116"},{"taxonomy":"post_tag","embeddable":true,"href":"https:\/\/serveiseducatius.xtec.cat\/aribagorca-aran\/wp-json\/wp\/v2\/tags?post=19116"}],"curies":[{"name":"wp","href":"https:\/\/api.w.org\/{rel}","templated":true}]}}