{"id":19063,"date":"2022-11-07T13:27:37","date_gmt":"2022-11-07T12:27:37","guid":{"rendered":"https:\/\/serveiseducatius.xtec.cat\/aribagorca-aran\/?p=19063"},"modified":"2022-11-07T13:27:37","modified_gmt":"2022-11-07T12:27:37","slug":"dia-internacionau-des-drets-dera-enfantesa-20-de-noveme-dia-deth-pijama-18-de-noveme","status":"publish","type":"post","link":"https:\/\/serveiseducatius.xtec.cat\/aribagorca-aran\/general\/dia-internacionau-des-drets-dera-enfantesa-20-de-noveme-dia-deth-pijama-18-de-noveme\/","title":{"rendered":"Dia internacionau des drets dera enfantesa, 20 de noveme. Dia deth Pijama, 18 de noveme"},"content":{"rendered":"<p><span lang=\"ca\"><a href=\"https:\/\/serveiseducatius.xtec.cat\/aribagorca-aran\/wp-content\/uploads\/usu1143\/2022\/11\/Screenshot_48.png\"><img loading=\"lazy\" decoding=\"async\" class=\"size-medium wp-image-19064 alignleft\" src=\"https:\/\/serveiseducatius.xtec.cat\/aribagorca-aran\/wp-content\/uploads\/usu1143\/2022\/11\/Screenshot_48-215x300.png\" alt=\"\" width=\"215\" height=\"300\" srcset=\"https:\/\/serveiseducatius.xtec.cat\/aribagorca-aran\/wp-content\/uploads\/usu1143\/2022\/11\/Screenshot_48-215x300.png 215w, https:\/\/serveiseducatius.xtec.cat\/aribagorca-aran\/wp-content\/uploads\/usu1143\/2022\/11\/Screenshot_48.png 532w\" sizes=\"auto, (max-width: 215px) 100vw, 215px\" \/><\/a>Eth dia<\/span><b><span lang=\"ca\"> 20 de noveme<\/span><\/b><span lang=\"ca\">, Dia Internacionau des drets dera enfantesa, des dera ASEAF (Associacion Estatau d\u2019Acuelhement Familiar) celebren eth Dia deth Pijama, damb er objectiu de dar visibilitat ara mainad\u00e8ra e joeni que viuen en centres d&#8217;acuelhuda (17.000 nens, nenes e adolescents en tota Espanha) , conscienciar sus eth dret de toti era mainad\u00e8ra a v\u00eduer damb ua familha e crear ua cultura dera acuelhuda mejan\u00e7ant era difusion, sensibilizacion e conscienciacion sociau.\u00a0<\/span><\/p>\n<p><b><span lang=\"ca\">Enguan, er acte principau enes esc\u00f2les se celebrar\u00e0 eth 18 de noveme, ent\u00e0 co\u00efncidir damb era jornada lectiva.\u00a0<\/span><\/b><\/p>\n<p><span lang=\"ca\">Er <\/span><span lang=\"ca\">alumnat<b> d&#8217;Infantila e Prim\u00e0ria anar\u00e0 ara esc\u00f2la vestit en pijama<\/b> ent\u00e0 visibilizar era realitat que viuen l\u00e8u 17.000 mainatges e mainades en Espanha, es quaus creishen en centres d&#8217;acuelhuda. Eth pijama <b>simbolize<\/b> es moments en familha e era calor deth lar\u00e8r quan es mairs e pairs legen un conde as s\u00f2ns hilhs e hilhes\u00a0 abans d&#8217;anar-se&#8217;n a dromir. Un moment en qu\u00e9 era mainad\u00e8ra se sent\u00eds protegida, estimada e segura. Ath del\u00e0, ath long deth dia, es realizar\u00e0n diferentes activitats coma <\/span><span lang=\"ca\"><b>lectures de condes ena classa, projeccion de materiau audiovisuau sus era enfantesa tutelada, eca.<\/b><\/span><span lang=\"ca\">\u00a0<\/span><span lang=\"ca\">\u00a0<\/span><\/p>\n<p><span lang=\"ca\">Enes<b> corsi superiors<\/b>, tanben es poir\u00e0n realizar activitats de conscienciacion sus era enfantesa\u00a0 tutelada e era acuelhuda familiar, com eth visionat de pellicules, concors de relats, eca.<\/span><\/p>\n<p><a href=\"https:\/\/drive.google.com\/file\/d\/1epxuA6Fs8NaPU1kah-KWb-5deUeOdlSw\/view?usp=share_link\" target=\"_blank\" rel=\"noopener\">M\u00c8S INFORMACION<\/a><\/p>\n<p><a href=\"https:\/\/www.diadelpijama.org\/apunta-a-tu-cole1.html\" target=\"_blank\" rel=\"noopener\"><span lang=\"ca\">\u00a0INSCRIPCION<\/span><\/a><\/p>\n","protected":false},"excerpt":{"rendered":"<p><a href=\"https:\/\/serveiseducatius.xtec.cat\/aribagorca-aran\/wp-content\/uploads\/usu1143\/2022\/11\/Screenshot_48.png\"><\/a>Eth dia 20 de noveme, Dia Internacionau des drets dera enfantesa, des dera ASEAF (Associacion Estatau d\u2019Acuelhement Familiar) celebren eth Dia deth Pijama, damb er objectiu de dar visibilitat ara mainad\u00e8ra e joeni que viuen en centres d&#8217;acuelhuda (17.000 nens, nenes e adolescents en&hellip;  <a href=\"https:\/\/serveiseducatius.xtec.cat\/aribagorca-aran\/general\/dia-internacionau-des-drets-dera-enfantesa-20-de-noveme-dia-deth-pijama-18-de-noveme\/\" title=\"Read Dia internacionau des drets dera enfantesa, 20 de noveme. Dia deth Pijama, 18 de noveme\">Llegeix m\u00e9s\u00bb<\/a><\/p>\n","protected":false},"author":1,"featured_media":19064,"comment_status":"open","ping_status":"closed","sticky":false,"template":"","format":"standard","meta":{"_bbp_topic_count":0,"_bbp_reply_count":0,"_bbp_total_topic_count":0,"_bbp_total_reply_count":0,"_bbp_voice_count":0,"_bbp_anonymous_reply_count":0,"_bbp_topic_count_hidden":0,"_bbp_reply_count_hidden":0,"_bbp_forum_subforum_count":0,"footnotes":""},"categories":[1,235],"tags":[564,561,563,562],"class_list":["post-19063","post","type-post","status-publish","format-standard","has-post-thumbnail","hentry","category-general","category-formacio_ins","tag-dia-del-pijama","tag-dia-internacional-de-los-derechos-de-la-infancia","tag-dia-internacional-dels-drets-dels-infants","tag-dia-internacionau-des-drets-dera-enfantesa"],"post_mailing_queue_ids":[],"_links":{"self":[{"href":"https:\/\/serveiseducatius.xtec.cat\/aribagorca-aran\/wp-json\/wp\/v2\/posts\/19063","targetHints":{"allow":["GET"]}}],"collection":[{"href":"https:\/\/serveiseducatius.xtec.cat\/aribagorca-aran\/wp-json\/wp\/v2\/posts"}],"about":[{"href":"https:\/\/serveiseducatius.xtec.cat\/aribagorca-aran\/wp-json\/wp\/v2\/types\/post"}],"author":[{"embeddable":true,"href":"https:\/\/serveiseducatius.xtec.cat\/aribagorca-aran\/wp-json\/wp\/v2\/users\/1"}],"replies":[{"embeddable":true,"href":"https:\/\/serveiseducatius.xtec.cat\/aribagorca-aran\/wp-json\/wp\/v2\/comments?post=19063"}],"version-history":[{"count":3,"href":"https:\/\/serveiseducatius.xtec.cat\/aribagorca-aran\/wp-json\/wp\/v2\/posts\/19063\/revisions"}],"predecessor-version":[{"id":19068,"href":"https:\/\/serveiseducatius.xtec.cat\/aribagorca-aran\/wp-json\/wp\/v2\/posts\/19063\/revisions\/19068"}],"wp:featuredmedia":[{"embeddable":true,"href":"https:\/\/serveiseducatius.xtec.cat\/aribagorca-aran\/wp-json\/wp\/v2\/media\/19064"}],"wp:attachment":[{"href":"https:\/\/serveiseducatius.xtec.cat\/aribagorca-aran\/wp-json\/wp\/v2\/media?parent=19063"}],"wp:term":[{"taxonomy":"category","embeddable":true,"href":"https:\/\/serveiseducatius.xtec.cat\/aribagorca-aran\/wp-json\/wp\/v2\/categories?post=19063"},{"taxonomy":"post_tag","embeddable":true,"href":"https:\/\/serveiseducatius.xtec.cat\/aribagorca-aran\/wp-json\/wp\/v2\/tags?post=19063"}],"curies":[{"name":"wp","href":"https:\/\/api.w.org\/{rel}","templated":true}]}}