{"id":19002,"date":"2022-10-19T10:35:53","date_gmt":"2022-10-19T08:35:53","guid":{"rendered":"https:\/\/serveiseducatius.xtec.cat\/aribagorca-aran\/?p=19002"},"modified":"2022-10-19T10:35:53","modified_gmt":"2022-10-19T08:35:53","slug":"xii-mostra-internacionau-de-cinema-etnografic-ena-biblioteca-de-vielha","status":"publish","type":"post","link":"https:\/\/serveiseducatius.xtec.cat\/aribagorca-aran\/general\/xii-mostra-internacionau-de-cinema-etnografic-ena-biblioteca-de-vielha\/","title":{"rendered":"XII M\u00f2stra Internacionau de Cin\u00e8ma Etnografic ena Bibliot\u00e8ca de Vielha"},"content":{"rendered":"<p><a href=\"https:\/\/serveiseducatius.xtec.cat\/aribagorca-aran\/wp-content\/uploads\/usu1143\/2022\/10\/IMG-20221014-WA0001.jpg\"><img loading=\"lazy\" decoding=\"async\" class=\"aligncenter  wp-image-19003\" src=\"https:\/\/serveiseducatius.xtec.cat\/aribagorca-aran\/wp-content\/uploads\/usu1143\/2022\/10\/IMG-20221014-WA0001-212x300.jpg\" alt=\"\" width=\"289\" height=\"409\" srcset=\"https:\/\/serveiseducatius.xtec.cat\/aribagorca-aran\/wp-content\/uploads\/usu1143\/2022\/10\/IMG-20221014-WA0001-212x300.jpg 212w, https:\/\/serveiseducatius.xtec.cat\/aribagorca-aran\/wp-content\/uploads\/usu1143\/2022\/10\/IMG-20221014-WA0001-724x1024.jpg 724w, https:\/\/serveiseducatius.xtec.cat\/aribagorca-aran\/wp-content\/uploads\/usu1143\/2022\/10\/IMG-20221014-WA0001-768x1086.jpg 768w, https:\/\/serveiseducatius.xtec.cat\/aribagorca-aran\/wp-content\/uploads\/usu1143\/2022\/10\/IMG-20221014-WA0001-1086x1536.jpg 1086w, https:\/\/serveiseducatius.xtec.cat\/aribagorca-aran\/wp-content\/uploads\/usu1143\/2022\/10\/IMG-20221014-WA0001.jpg 1131w\" sizes=\"auto, (max-width: 289px) 100vw, 289px\" \/><\/a><\/p>\n","protected":false},"excerpt":{"rendered":"<p><a href=\"https:\/\/serveiseducatius.xtec.cat\/aribagorca-aran\/wp-content\/uploads\/usu1143\/2022\/10\/IMG-20221014-WA0001.jpg\"><\/a><\/p>\n","protected":false},"author":1,"featured_media":19003,"comment_status":"open","ping_status":"closed","sticky":false,"template":"","format":"standard","meta":{"_bbp_topic_count":0,"_bbp_reply_count":0,"_bbp_total_topic_count":0,"_bbp_total_reply_count":0,"_bbp_voice_count":0,"_bbp_anonymous_reply_count":0,"_bbp_topic_count_hidden":0,"_bbp_reply_count_hidden":0,"_bbp_forum_subforum_count":0,"footnotes":""},"categories":[1,235],"tags":[313,556,449],"class_list":["post-19002","post","type-post","status-publish","format-standard","has-post-thumbnail","hentry","category-general","category-formacio_ins","tag-biblioteca","tag-biblioteca-de-vielha","tag-bibliotequem"],"post_mailing_queue_ids":[],"_links":{"self":[{"href":"https:\/\/serveiseducatius.xtec.cat\/aribagorca-aran\/wp-json\/wp\/v2\/posts\/19002","targetHints":{"allow":["GET"]}}],"collection":[{"href":"https:\/\/serveiseducatius.xtec.cat\/aribagorca-aran\/wp-json\/wp\/v2\/posts"}],"about":[{"href":"https:\/\/serveiseducatius.xtec.cat\/aribagorca-aran\/wp-json\/wp\/v2\/types\/post"}],"author":[{"embeddable":true,"href":"https:\/\/serveiseducatius.xtec.cat\/aribagorca-aran\/wp-json\/wp\/v2\/users\/1"}],"replies":[{"embeddable":true,"href":"https:\/\/serveiseducatius.xtec.cat\/aribagorca-aran\/wp-json\/wp\/v2\/comments?post=19002"}],"version-history":[{"count":2,"href":"https:\/\/serveiseducatius.xtec.cat\/aribagorca-aran\/wp-json\/wp\/v2\/posts\/19002\/revisions"}],"predecessor-version":[{"id":19005,"href":"https:\/\/serveiseducatius.xtec.cat\/aribagorca-aran\/wp-json\/wp\/v2\/posts\/19002\/revisions\/19005"}],"wp:featuredmedia":[{"embeddable":true,"href":"https:\/\/serveiseducatius.xtec.cat\/aribagorca-aran\/wp-json\/wp\/v2\/media\/19003"}],"wp:attachment":[{"href":"https:\/\/serveiseducatius.xtec.cat\/aribagorca-aran\/wp-json\/wp\/v2\/media?parent=19002"}],"wp:term":[{"taxonomy":"category","embeddable":true,"href":"https:\/\/serveiseducatius.xtec.cat\/aribagorca-aran\/wp-json\/wp\/v2\/categories?post=19002"},{"taxonomy":"post_tag","embeddable":true,"href":"https:\/\/serveiseducatius.xtec.cat\/aribagorca-aran\/wp-json\/wp\/v2\/tags?post=19002"}],"curies":[{"name":"wp","href":"https:\/\/api.w.org\/{rel}","templated":true}]}}