{"id":18679,"date":"2022-03-31T11:17:28","date_gmt":"2022-03-31T09:17:28","guid":{"rendered":"https:\/\/serveiseducatius.xtec.cat\/aribagorca-aran\/?p=18679"},"modified":"2022-04-21T17:05:14","modified_gmt":"2022-04-21T15:05:14","slug":"ua-practica-educatiua-dera-escola-estudi-alejandro-casona-reconeishuda-coma-practica-educatiua-de-referencia-dinnovacion-pedagogica","status":"publish","type":"post","link":"https:\/\/serveiseducatius.xtec.cat\/aribagorca-aran\/general\/ua-practica-educatiua-dera-escola-estudi-alejandro-casona-reconeishuda-coma-practica-educatiua-de-referencia-dinnovacion-pedagogica\/","title":{"rendered":"Ua practica educatiua dera esc\u00f2la Estudi Alejandro Casona, reconeishuda coma practica educatiua de refer\u00e9ncia d&#8217;innovacion pedagogica"},"content":{"rendered":"<p>Eth passat 21 de mar\u00e7 gessec era Resolucion deth Departament d&#8217;Educacion ena que se hec publica era relacion de professorat damb dret a certificacion d&#8217;innovacion pedagogica d&#8217;ac\u00f2rd ar apartat 10 der ann\u00e8x dera Resolucion EDU\/3415\/2021, de 12 de noveme, pera quau se daur\u00eds convocat\u00f2ria entath reconeishement de practiques educatives de refer\u00e9ncia d&#8217;innovacion pedagogica\u200b.<\/p>\n<p>Era practica &#8220;<b>Pr\u00e0ctica vivencial musical. L\u2019orquestra escolar&#8221; <\/b>planificada e implementada pera m\u00e8stra de musica Alba Orrit Borrell a estat reconeishuda en aguesta resolucion. Felicitats!!!<\/p>\n<p><a href=\"https:\/\/serveiseducatius.xtec.cat\/aribagorca-aran\/wp-content\/uploads\/usu1143\/2022\/03\/Orquesta_escolara_LES.jpg\"><img loading=\"lazy\" decoding=\"async\" class=\"aligncenter wp-image-18681\" src=\"https:\/\/serveiseducatius.xtec.cat\/aribagorca-aran\/wp-content\/uploads\/usu1143\/2022\/03\/Orquesta_escolara_LES-300x172.jpg\" alt=\"\" width=\"464\" height=\"266\" srcset=\"https:\/\/serveiseducatius.xtec.cat\/aribagorca-aran\/wp-content\/uploads\/usu1143\/2022\/03\/Orquesta_escolara_LES-300x172.jpg 300w, https:\/\/serveiseducatius.xtec.cat\/aribagorca-aran\/wp-content\/uploads\/usu1143\/2022\/03\/Orquesta_escolara_LES-1024x588.jpg 1024w, https:\/\/serveiseducatius.xtec.cat\/aribagorca-aran\/wp-content\/uploads\/usu1143\/2022\/03\/Orquesta_escolara_LES-768x441.jpg 768w, https:\/\/serveiseducatius.xtec.cat\/aribagorca-aran\/wp-content\/uploads\/usu1143\/2022\/03\/Orquesta_escolara_LES-1536x882.jpg 1536w, https:\/\/serveiseducatius.xtec.cat\/aribagorca-aran\/wp-content\/uploads\/usu1143\/2022\/03\/Orquesta_escolara_LES.jpg 1911w\" sizes=\"auto, (max-width: 464px) 100vw, 464px\" \/><\/a><\/p>\n<p>Se voletz saber m\u00e8s, ac\u00ed vos deisham dus enlaci ara web deth centre.<\/p>\n<p><a href=\"https:\/\/agora.xtec.cat\/esc-estudiacasona-les\/portada\/orquestra-de-cicle-superior\/\" target=\"_blank\" rel=\"noopener\">ORQU\u00c8STRA ESCOLAR<\/a><\/p>\n<p><a href=\"https:\/\/agora.xtec.cat\/esc-estudiacasona-les\/portada\/canta\/\" target=\"_blank\" rel=\"noopener\">MEM\u00d2RIES D&#8217;UA ENTREVISTA<\/a><\/p>\n","protected":false},"excerpt":{"rendered":"<p>Eth passat 21 de mar\u00e7 gessec era Resolucion deth Departament d&#8217;Educacion ena que se hec publica era relacion de professorat damb dret a certificacion d&#8217;innovacion pedagogica d&#8217;ac\u00f2rd ar apartat 10 der ann\u00e8x dera Resolucion EDU\/3415\/2021, de 12 de noveme, pera quau se daur\u00eds convocat\u00f2ria entath&hellip;  <a href=\"https:\/\/serveiseducatius.xtec.cat\/aribagorca-aran\/general\/ua-practica-educatiua-dera-escola-estudi-alejandro-casona-reconeishuda-coma-practica-educatiua-de-referencia-dinnovacion-pedagogica\/\" title=\"Read Ua practica educatiua dera esc\u00f2la Estudi Alejandro Casona, reconeishuda coma practica educatiua de refer\u00e9ncia d&#8217;innovacion pedagogica\">Llegeix m\u00e9s\u00bb<\/a><\/p>\n","protected":false},"author":1,"featured_media":18680,"comment_status":"open","ping_status":"closed","sticky":false,"template":"","format":"standard","meta":{"_bbp_topic_count":0,"_bbp_reply_count":0,"_bbp_total_topic_count":0,"_bbp_total_reply_count":0,"_bbp_voice_count":0,"_bbp_anonymous_reply_count":0,"_bbp_topic_count_hidden":0,"_bbp_reply_count_hidden":0,"_bbp_forum_subforum_count":0,"footnotes":""},"categories":[1,300],"tags":[511,512,507,508,510,509],"class_list":["post-18679","post","type-post","status-publish","format-standard","has-post-thumbnail","hentry","category-general","category-innovacio","tag-educacio-musical","tag-educacion-musicau","tag-orquesta-escolar","tag-orquestra-escolar","tag-practica-educatiua-de-referencia","tag-practica-educativa-de-referencia"],"post_mailing_queue_ids":[],"_links":{"self":[{"href":"https:\/\/serveiseducatius.xtec.cat\/aribagorca-aran\/wp-json\/wp\/v2\/posts\/18679","targetHints":{"allow":["GET"]}}],"collection":[{"href":"https:\/\/serveiseducatius.xtec.cat\/aribagorca-aran\/wp-json\/wp\/v2\/posts"}],"about":[{"href":"https:\/\/serveiseducatius.xtec.cat\/aribagorca-aran\/wp-json\/wp\/v2\/types\/post"}],"author":[{"embeddable":true,"href":"https:\/\/serveiseducatius.xtec.cat\/aribagorca-aran\/wp-json\/wp\/v2\/users\/1"}],"replies":[{"embeddable":true,"href":"https:\/\/serveiseducatius.xtec.cat\/aribagorca-aran\/wp-json\/wp\/v2\/comments?post=18679"}],"version-history":[{"count":3,"href":"https:\/\/serveiseducatius.xtec.cat\/aribagorca-aran\/wp-json\/wp\/v2\/posts\/18679\/revisions"}],"predecessor-version":[{"id":18687,"href":"https:\/\/serveiseducatius.xtec.cat\/aribagorca-aran\/wp-json\/wp\/v2\/posts\/18679\/revisions\/18687"}],"wp:featuredmedia":[{"embeddable":true,"href":"https:\/\/serveiseducatius.xtec.cat\/aribagorca-aran\/wp-json\/wp\/v2\/media\/18680"}],"wp:attachment":[{"href":"https:\/\/serveiseducatius.xtec.cat\/aribagorca-aran\/wp-json\/wp\/v2\/media?parent=18679"}],"wp:term":[{"taxonomy":"category","embeddable":true,"href":"https:\/\/serveiseducatius.xtec.cat\/aribagorca-aran\/wp-json\/wp\/v2\/categories?post=18679"},{"taxonomy":"post_tag","embeddable":true,"href":"https:\/\/serveiseducatius.xtec.cat\/aribagorca-aran\/wp-json\/wp\/v2\/tags?post=18679"}],"curies":[{"name":"wp","href":"https:\/\/api.w.org\/{rel}","templated":true}]}}