{"id":18600,"date":"2022-03-11T10:38:57","date_gmt":"2022-03-11T09:38:57","guid":{"rendered":"https:\/\/serveiseducatius.xtec.cat\/aribagorca-aran\/?p=18600"},"modified":"2022-03-11T10:38:57","modified_gmt":"2022-03-11T09:38:57","slug":"campanha-biblioteca-duberta","status":"publish","type":"post","link":"https:\/\/serveiseducatius.xtec.cat\/aribagorca-aran\/general\/campanha-biblioteca-duberta\/","title":{"rendered":"CAMPANHA BIBLIOT\u00c8CA DUB\u00c8RTA"},"content":{"rendered":"<p>Era Campanha Bibliot\u00e8ques Dub\u00e8rtes ei ua oportunitat ent\u00e0 dif\u00f3ner exemples de bones practiques des bibliot\u00e8ques des centres educatius e crear hilat de bibliot\u00e8ques escolares.<\/p>\n<p>Ent\u00e0 participar auetz de h\u00e8r un petit vid\u00e8o mostrant es v\u00f2sti espacis de bibliot\u00e8ca e\/o lectura e b\u00e8ra activitat o activitats que pensetz p\u00f2den \u00e8ster d&#8217;inter\u00e8s. Es vid\u00e8os es compartir\u00e0n\u00a0 ena web de <a href=\"https:\/\/projectes.xtec.cat\/bescat\/\" target=\"_blank\" rel=\"noopener\">Bibliot\u00e8ques Escolars de Catalunya.<\/a><\/p>\n<p>Ac\u00ed auetz es <a href=\"https:\/\/serveiseducatius.xtec.cat\/aribagorca-aran\/wp-content\/uploads\/usu1143\/2022\/03\/Indicacions-enregistrament-video-biblioteques-obertes.pdf\" target=\"_blank\" rel=\"noopener\">ORIENTACIONS<\/a> entara gravacion.<\/p>\n<p>Eth <a href=\"https:\/\/serveiseducatius.xtec.cat\/aribagorca-aran\/wp-content\/uploads\/usu1143\/2022\/03\/Biblioteca-oberta-cartell.pdf\" target=\"_blank\" rel=\"noopener\">FORMULARI<\/a> t\u00e0 penjar eth vid\u00e8o.<\/p>\n<p>Un <a href=\"https:\/\/wakelet.com\/wake\/8_K-Tlao8-5hHeTjuHnlI\" target=\"_blank\" rel=\"noopener\">EXEMPLE<\/a> de vid\u00e8o d&#8217;ua esc\u00f2la.<\/p>\n<p><a href=\"https:\/\/serveiseducatius.xtec.cat\/aribagorca-aran\/wp-content\/uploads\/usu1143\/2022\/03\/Screenshot_53.png\"><img loading=\"lazy\" decoding=\"async\" class=\"aligncenter size-medium wp-image-18601\" src=\"https:\/\/serveiseducatius.xtec.cat\/aribagorca-aran\/wp-content\/uploads\/usu1143\/2022\/03\/Screenshot_53-300x122.png\" alt=\"\" width=\"300\" height=\"122\" srcset=\"https:\/\/serveiseducatius.xtec.cat\/aribagorca-aran\/wp-content\/uploads\/usu1143\/2022\/03\/Screenshot_53-300x122.png 300w, https:\/\/serveiseducatius.xtec.cat\/aribagorca-aran\/wp-content\/uploads\/usu1143\/2022\/03\/Screenshot_53-768x312.png 768w, https:\/\/serveiseducatius.xtec.cat\/aribagorca-aran\/wp-content\/uploads\/usu1143\/2022\/03\/Screenshot_53.png 986w\" sizes=\"auto, (max-width: 300px) 100vw, 300px\" \/><\/a><\/p>\n","protected":false},"excerpt":{"rendered":"<p>Era Campanha Bibliot\u00e8ques Dub\u00e8rtes ei ua oportunitat ent\u00e0 dif\u00f3ner exemples de bones practiques des bibliot\u00e8ques des centres educatius e crear hilat de bibliot\u00e8ques escolares.<br \/>\nEnt\u00e0 participar auetz de h\u00e8r un petit vid\u00e8o mostrant es v\u00f2sti espacis de bibliot\u00e8ca e\/o lectura e b\u00e8ra activitat o activitats que&hellip;  <a href=\"https:\/\/serveiseducatius.xtec.cat\/aribagorca-aran\/general\/campanha-biblioteca-duberta\/\" title=\"Read CAMPANHA BIBLIOT\u00c8CA DUB\u00c8RTA\">Llegeix m\u00e9s\u00bb<\/a><\/p>\n","protected":false},"author":1,"featured_media":18601,"comment_status":"open","ping_status":"closed","sticky":false,"template":"","format":"standard","meta":{"_bbp_topic_count":0,"_bbp_reply_count":0,"_bbp_total_topic_count":0,"_bbp_total_reply_count":0,"_bbp_voice_count":0,"_bbp_anonymous_reply_count":0,"_bbp_topic_count_hidden":0,"_bbp_reply_count_hidden":0,"_bbp_forum_subforum_count":0,"footnotes":""},"categories":[81,1,300],"tags":[166,466,449],"class_list":["post-18600","post","type-post","status-publish","format-standard","has-post-thumbnail","hentry","category-biblioteca-escolar","category-general","category-innovacio","tag-biblioteca-escolar","tag-biblioteca-escolara","tag-bibliotequem"],"post_mailing_queue_ids":[],"_links":{"self":[{"href":"https:\/\/serveiseducatius.xtec.cat\/aribagorca-aran\/wp-json\/wp\/v2\/posts\/18600","targetHints":{"allow":["GET"]}}],"collection":[{"href":"https:\/\/serveiseducatius.xtec.cat\/aribagorca-aran\/wp-json\/wp\/v2\/posts"}],"about":[{"href":"https:\/\/serveiseducatius.xtec.cat\/aribagorca-aran\/wp-json\/wp\/v2\/types\/post"}],"author":[{"embeddable":true,"href":"https:\/\/serveiseducatius.xtec.cat\/aribagorca-aran\/wp-json\/wp\/v2\/users\/1"}],"replies":[{"embeddable":true,"href":"https:\/\/serveiseducatius.xtec.cat\/aribagorca-aran\/wp-json\/wp\/v2\/comments?post=18600"}],"version-history":[{"count":3,"href":"https:\/\/serveiseducatius.xtec.cat\/aribagorca-aran\/wp-json\/wp\/v2\/posts\/18600\/revisions"}],"predecessor-version":[{"id":18606,"href":"https:\/\/serveiseducatius.xtec.cat\/aribagorca-aran\/wp-json\/wp\/v2\/posts\/18600\/revisions\/18606"}],"wp:featuredmedia":[{"embeddable":true,"href":"https:\/\/serveiseducatius.xtec.cat\/aribagorca-aran\/wp-json\/wp\/v2\/media\/18601"}],"wp:attachment":[{"href":"https:\/\/serveiseducatius.xtec.cat\/aribagorca-aran\/wp-json\/wp\/v2\/media?parent=18600"}],"wp:term":[{"taxonomy":"category","embeddable":true,"href":"https:\/\/serveiseducatius.xtec.cat\/aribagorca-aran\/wp-json\/wp\/v2\/categories?post=18600"},{"taxonomy":"post_tag","embeddable":true,"href":"https:\/\/serveiseducatius.xtec.cat\/aribagorca-aran\/wp-json\/wp\/v2\/tags?post=18600"}],"curies":[{"name":"wp","href":"https:\/\/api.w.org\/{rel}","templated":true}]}}