{"id":18462,"date":"2022-01-20T14:31:30","date_gmt":"2022-01-20T13:31:30","guid":{"rendered":"https:\/\/serveiseducatius.xtec.cat\/aribagorca-aran\/?p=18462"},"modified":"2022-01-20T16:30:44","modified_gmt":"2022-01-20T15:30:44","slug":"xiau-concors-escolar-comic-barcelona","status":"publish","type":"post","link":"https:\/\/serveiseducatius.xtec.cat\/aribagorca-aran\/general\/xiau-concors-escolar-comic-barcelona\/","title":{"rendered":"XIau CONCORS ESCOLAR COMIC BARCELONA"},"content":{"rendered":"<p>En marc dera 40\u00e8a edicion deth Comic Barcelona, FICOMIC, damb era collaboraicon deth Departament d&#8217;Educacion dera Generalitat de Catalonha, se conv\u00f2que er XIau Concors Escolar Comic Barcelona ent\u00e0 Cicle Mejan e Superior dera Educacion Prim\u00e0ria e ESO.<br \/>\nAur\u00e0n de crear ua superero\u00efna e ua ist\u00f2ria protagonizada per era, en tot auer ua vision critica des estereotips de genre.<\/p>\n<p>Ent\u00e0 participar en concors, es docents aur\u00e0n de formalizar era inscripcion accedint ath formulari en linha. <strong>Eth peri\u00f2de ei deth 10 de g\u00e8r ar 11 de hereu\u00e8r deth 2022.<\/strong><\/p>\n<p><a href=\"https:\/\/serveiseducatius.xtec.cat\/aribagorca-aran\/wp-content\/uploads\/usu1143\/2022\/01\/Bases-Concurs-2021_r.pdf\">M\u00e8s informacion<\/a><\/p>\n<p style=\"text-align: left;\"><a href=\"https:\/\/serveiseducatius.xtec.cat\/aribagorca-aran\/wp-content\/uploads\/usu1143\/2022\/01\/Screenshot_6.png\"><img loading=\"lazy\" decoding=\"async\" class=\" wp-image-18465 alignleft\" src=\"https:\/\/serveiseducatius.xtec.cat\/aribagorca-aran\/wp-content\/uploads\/usu1143\/2022\/01\/Screenshot_6-300x54.png\" alt=\"\" width=\"573\" height=\"103\" srcset=\"https:\/\/serveiseducatius.xtec.cat\/aribagorca-aran\/wp-content\/uploads\/usu1143\/2022\/01\/Screenshot_6-300x54.png 300w, https:\/\/serveiseducatius.xtec.cat\/aribagorca-aran\/wp-content\/uploads\/usu1143\/2022\/01\/Screenshot_6.png 603w\" sizes=\"auto, (max-width: 573px) 100vw, 573px\" \/><\/a><\/p>\n<p>&nbsp;<\/p>\n<p>&nbsp;<\/p>\n<p>&nbsp;<\/p>\n<p>&nbsp;<\/p>\n<p>&nbsp;<\/p>\n<p>&nbsp;<\/p>\n","protected":false},"excerpt":{"rendered":"<p>En marc dera 40\u00e8a edicion deth Comic Barcelona, FICOMIC, damb era collaboraicon deth Departament d&#8217;Educacion dera Generalitat de Catalonha, se conv\u00f2que er XIau Concors Escolar Comic Barcelona ent\u00e0 Cicle Mejan e Superior dera Educacion Prim\u00e0ria e ESO.<br \/>\nAur\u00e0n de crear ua superero\u00efna e ua ist\u00f2ria protagonizada&hellip;  <a href=\"https:\/\/serveiseducatius.xtec.cat\/aribagorca-aran\/general\/xiau-concors-escolar-comic-barcelona\/\" title=\"Read XIau CONCORS ESCOLAR COMIC BARCELONA\">Llegeix m\u00e9s\u00bb<\/a><\/p>\n","protected":false},"author":1,"featured_media":18465,"comment_status":"open","ping_status":"closed","sticky":false,"template":"","format":"standard","meta":{"_bbp_topic_count":0,"_bbp_reply_count":0,"_bbp_total_topic_count":0,"_bbp_total_reply_count":0,"_bbp_voice_count":0,"_bbp_anonymous_reply_count":0,"_bbp_topic_count_hidden":0,"_bbp_reply_count_hidden":0,"_bbp_forum_subforum_count":0,"footnotes":""},"categories":[456,1],"tags":[466,449,467,462,325,470,469,468],"class_list":["post-18462","post","type-post","status-publish","format-standard","has-post-thumbnail","hentry","category-concorsi","category-general","tag-biblioteca-escolara","tag-bibliotequem","tag-bibliteca-escolar","tag-coeducacio","tag-coeducacion","tag-comic","tag-expressio-plastica","tag-expression-plastica"],"post_mailing_queue_ids":[],"_links":{"self":[{"href":"https:\/\/serveiseducatius.xtec.cat\/aribagorca-aran\/wp-json\/wp\/v2\/posts\/18462","targetHints":{"allow":["GET"]}}],"collection":[{"href":"https:\/\/serveiseducatius.xtec.cat\/aribagorca-aran\/wp-json\/wp\/v2\/posts"}],"about":[{"href":"https:\/\/serveiseducatius.xtec.cat\/aribagorca-aran\/wp-json\/wp\/v2\/types\/post"}],"author":[{"embeddable":true,"href":"https:\/\/serveiseducatius.xtec.cat\/aribagorca-aran\/wp-json\/wp\/v2\/users\/1"}],"replies":[{"embeddable":true,"href":"https:\/\/serveiseducatius.xtec.cat\/aribagorca-aran\/wp-json\/wp\/v2\/comments?post=18462"}],"version-history":[{"count":3,"href":"https:\/\/serveiseducatius.xtec.cat\/aribagorca-aran\/wp-json\/wp\/v2\/posts\/18462\/revisions"}],"predecessor-version":[{"id":18472,"href":"https:\/\/serveiseducatius.xtec.cat\/aribagorca-aran\/wp-json\/wp\/v2\/posts\/18462\/revisions\/18472"}],"wp:featuredmedia":[{"embeddable":true,"href":"https:\/\/serveiseducatius.xtec.cat\/aribagorca-aran\/wp-json\/wp\/v2\/media\/18465"}],"wp:attachment":[{"href":"https:\/\/serveiseducatius.xtec.cat\/aribagorca-aran\/wp-json\/wp\/v2\/media?parent=18462"}],"wp:term":[{"taxonomy":"category","embeddable":true,"href":"https:\/\/serveiseducatius.xtec.cat\/aribagorca-aran\/wp-json\/wp\/v2\/categories?post=18462"},{"taxonomy":"post_tag","embeddable":true,"href":"https:\/\/serveiseducatius.xtec.cat\/aribagorca-aran\/wp-json\/wp\/v2\/tags?post=18462"}],"curies":[{"name":"wp","href":"https:\/\/api.w.org\/{rel}","templated":true}]}}