{"id":18105,"date":"2021-06-09T11:18:19","date_gmt":"2021-06-09T09:18:19","guid":{"rendered":"http:\/\/serveiseducatius.xtec.cat\/aribagorca-aran\/?p=18105"},"modified":"2021-06-09T14:09:04","modified_gmt":"2021-06-09T12:09:04","slug":"eclipse-parciau-de-solei","status":"publish","type":"post","link":"https:\/\/serveiseducatius.xtec.cat\/aribagorca-aran\/general\/eclipse-parciau-de-solei\/","title":{"rendered":"Eclipse parciau de solei"},"content":{"rendered":"<p style=\"font-weight: 400;\"><span style=\"color: #808000;\"><a href=\"https:\/\/serveiseducatius.xtec.cat\/aribagorca-aran\/wp-content\/uploads\/usu1143\/2021\/06\/60bf2d407034b.jpeg\"><img loading=\"lazy\" decoding=\"async\" class=\"size-medium wp-image-18106 alignleft\" src=\"https:\/\/serveiseducatius.xtec.cat\/aribagorca-aran\/wp-content\/uploads\/usu1143\/2021\/06\/60bf2d407034b-300x200.jpeg\" alt=\"\" width=\"300\" height=\"200\" srcset=\"https:\/\/serveiseducatius.xtec.cat\/aribagorca-aran\/wp-content\/uploads\/usu1143\/2021\/06\/60bf2d407034b-300x200.jpeg 300w, https:\/\/serveiseducatius.xtec.cat\/aribagorca-aran\/wp-content\/uploads\/usu1143\/2021\/06\/60bf2d407034b.jpeg 449w\" sizes=\"auto, (max-width: 300px) 100vw, 300px\" \/><\/a><\/span><\/p>\n<p style=\"font-weight: 400;\"><span style=\"color: #808000;\">Eth pr\u00f2pl\u00e8u dia 10 de junh aur\u00e0 l\u00f2c un eclipse de solei parciau, que comen\u00e7ar\u00e0 t\u00e0s 11:01, en tot arribar ath maxim t\u00e0s 11:43 e acabar t\u00e0s 12:29. En \u00e8ster en orari lectiu, s&#8217;ei deth v\u00f2ste inter\u00e9s, lo poiratz seguir per f\u00f2r\u00e7a meis. Vos deisham aciu er enla\u00e7 tar <strong><a style=\"color: #808000;\" href=\"https:\/\/observatoridepujalt.cat\/eclipsisolar\/\" target=\"_blank\" rel=\"noopener noreferrer\" data-saferedirecturl=\"https:\/\/www.google.com\/url?q=https:\/\/observatoridepujalt.cat\/eclipsisolar\/&amp;source=gmail&amp;ust=1623307880588000&amp;usg=AFQjCNFA8EUfJICOaqbKEInoMEpaMZi-9g\">Observatori de Pujalt<\/a><\/strong> que realizar\u00e0 emision en dir\u00e8cte, o ben en <strong><a style=\"color: #808000;\" href=\"https:\/\/projectes.xtec.cat\/steamcat\/esdeveniments\/eclipsi-solar-parcial\/\" target=\"_blank\" rel=\"noopener noreferrer\" data-saferedirecturl=\"https:\/\/www.google.com\/url?q=https:\/\/projectes.xtec.cat\/steamcat\/esdeveniments\/eclipsi-solar-parcial\/&amp;source=gmail&amp;ust=1623307880588000&amp;usg=AFQjCNHkJMK4jfr4Nv-wAeMeDoqgxM5Y4A\">nodes STEAMcat<\/a>.<\/strong><\/span><\/p>\n<p style=\"font-weight: 400;\"><span style=\"color: #808000;\">Un eclipse solar se produs\u00eds quan ua porcion dera T\u00e8rra demore entornejada pera ombra projectada pera Lua que bl\u00f2que totaument o parciaument era lum deth solei. Aguest fenomen sonque a l\u00f2c s&#8217;era lua se trape entremiei deth solei e era t\u00e8rra e aguesti son alineadi.\u00a0<\/span><\/p>\n<p><span style=\"color: #808000;\">Ent\u00e0 m\u00e8s informacion vos deisham er <a href=\"https:\/\/projectes.xtec.cat\/secrp\/portada\/seguiment-en-directe-de-leclipsi-solar-parcial\/\" target=\"_blank\" rel=\"noopener noreferrer\">enla\u00e7 tath n\u00f2des des Servicis educatius<\/a><\/span><\/p>\n<p style=\"font-weight: 400;\">\n","protected":false},"excerpt":{"rendered":"<p>Dia 10 de junh, eclipse parciau de solei&hellip;  <a href=\"https:\/\/serveiseducatius.xtec.cat\/aribagorca-aran\/general\/eclipse-parciau-de-solei\/\" title=\"Read Eclipse parciau de solei\">Llegeix m\u00e9s\u00bb<\/a><\/p>\n","protected":false},"author":1,"featured_media":18106,"comment_status":"open","ping_status":"closed","sticky":false,"template":"","format":"standard","meta":{"_bbp_topic_count":0,"_bbp_reply_count":0,"_bbp_total_topic_count":0,"_bbp_total_reply_count":0,"_bbp_voice_count":0,"_bbp_anonymous_reply_count":0,"_bbp_topic_count_hidden":0,"_bbp_reply_count_hidden":0,"_bbp_forum_subforum_count":0,"footnotes":""},"categories":[1],"tags":[250,356,357],"class_list":["post-18105","post","type-post","status-publish","format-standard","has-post-thumbnail","hentry","category-general","tag-ciencia","tag-eclipse","tag-steam"],"post_mailing_queue_ids":[],"_links":{"self":[{"href":"https:\/\/serveiseducatius.xtec.cat\/aribagorca-aran\/wp-json\/wp\/v2\/posts\/18105","targetHints":{"allow":["GET"]}}],"collection":[{"href":"https:\/\/serveiseducatius.xtec.cat\/aribagorca-aran\/wp-json\/wp\/v2\/posts"}],"about":[{"href":"https:\/\/serveiseducatius.xtec.cat\/aribagorca-aran\/wp-json\/wp\/v2\/types\/post"}],"author":[{"embeddable":true,"href":"https:\/\/serveiseducatius.xtec.cat\/aribagorca-aran\/wp-json\/wp\/v2\/users\/1"}],"replies":[{"embeddable":true,"href":"https:\/\/serveiseducatius.xtec.cat\/aribagorca-aran\/wp-json\/wp\/v2\/comments?post=18105"}],"version-history":[{"count":3,"href":"https:\/\/serveiseducatius.xtec.cat\/aribagorca-aran\/wp-json\/wp\/v2\/posts\/18105\/revisions"}],"predecessor-version":[{"id":18114,"href":"https:\/\/serveiseducatius.xtec.cat\/aribagorca-aran\/wp-json\/wp\/v2\/posts\/18105\/revisions\/18114"}],"wp:featuredmedia":[{"embeddable":true,"href":"https:\/\/serveiseducatius.xtec.cat\/aribagorca-aran\/wp-json\/wp\/v2\/media\/18106"}],"wp:attachment":[{"href":"https:\/\/serveiseducatius.xtec.cat\/aribagorca-aran\/wp-json\/wp\/v2\/media?parent=18105"}],"wp:term":[{"taxonomy":"category","embeddable":true,"href":"https:\/\/serveiseducatius.xtec.cat\/aribagorca-aran\/wp-json\/wp\/v2\/categories?post=18105"},{"taxonomy":"post_tag","embeddable":true,"href":"https:\/\/serveiseducatius.xtec.cat\/aribagorca-aran\/wp-json\/wp\/v2\/tags?post=18105"}],"curies":[{"name":"wp","href":"https:\/\/api.w.org\/{rel}","templated":true}]}}