{"id":17775,"date":"2021-04-07T15:27:45","date_gmt":"2021-04-07T13:27:45","guid":{"rendered":"http:\/\/serveiseducatius.xtec.cat\/aribagorca-aran\/?p=17775"},"modified":"2021-04-07T15:27:45","modified_gmt":"2021-04-07T13:27:45","slug":"seminari-estrategias-educativas-hacia-la-sostenibilidad-caminos-de-futuro","status":"publish","type":"post","link":"https:\/\/serveiseducatius.xtec.cat\/aribagorca-aran\/general\/seminari-estrategias-educativas-hacia-la-sostenibilidad-caminos-de-futuro\/","title":{"rendered":"Seminari: \u00a0&#8220;Estrategias educativas hacia la sostenibilidad. Caminos de futuro&#8221;."},"content":{"rendered":"<p><a href=\"https:\/\/serveiseducatius.xtec.cat\/aribagorca-aran\/wp-content\/uploads\/usu1143\/2021\/04\/cartel-eds-seminario-web.jpg.jpg\"><img loading=\"lazy\" decoding=\"async\" class=\" wp-image-17776 alignleft\" src=\"https:\/\/serveiseducatius.xtec.cat\/aribagorca-aran\/wp-content\/uploads\/usu1143\/2021\/04\/cartel-eds-seminario-web.jpg-300x212.jpg\" alt=\"\" width=\"457\" height=\"323\" srcset=\"https:\/\/serveiseducatius.xtec.cat\/aribagorca-aran\/wp-content\/uploads\/usu1143\/2021\/04\/cartel-eds-seminario-web.jpg-300x212.jpg 300w, https:\/\/serveiseducatius.xtec.cat\/aribagorca-aran\/wp-content\/uploads\/usu1143\/2021\/04\/cartel-eds-seminario-web.jpg-768x542.jpg 768w, https:\/\/serveiseducatius.xtec.cat\/aribagorca-aran\/wp-content\/uploads\/usu1143\/2021\/04\/cartel-eds-seminario-web.jpg.jpg 864w\" sizes=\"auto, (max-width: 457px) 100vw, 457px\" \/><\/a><\/p>\n<p>&nbsp;<\/p>\n<p>&nbsp;<\/p>\n<p>&nbsp;<\/p>\n<p><strong><span style=\"color: #808000;\">Eth Minist\u00e8ri d&#8217;Educacion e Formacion professionau (MEFP), a organizat eth seminari web sus Educacion entath desvolopament sostenible, \u00a0&#8220;Estrategias educativas hacia la sostenibilidad. Caminos de futuro&#8221;. Eth nomentat seminari se celebr\u00e0 es dies 22, 27 e 29 d&#8217;abriu de 2021,\u00a0en orari de 17 a 19 ores. Eth format ser\u00e0 per videoconfer\u00e9ncia damb eth sup\u00f2rt dera plataforma Zoom.<\/span><\/strong><\/p>\n<p>&nbsp;<\/p>\n<p>&nbsp;<\/p>\n<p><strong><span style=\"color: #808000;\">S&#8217;ei deth v\u00f2ste inter\u00e9s, podetz h\u00e8r era inscripcion en enla\u00e7 que segu\u00eds:<\/span><\/strong><\/p>\n<p style=\"font-weight: 400;\"><strong><span style=\"color: #808000;\"><a style=\"color: #808000;\" href=\"https:\/\/www.educacionyfp.gob.es\/servicios-al-ciudadano\/catalogo\/profesorado\/profesorado-no-universitario\/cursos-y-jornadas\/estrategias-sostenibilidad.html\" data-saferedirecturl=\"https:\/\/www.google.com\/url?q=https:\/\/www.educacionyfp.gob.es\/servicios-al-ciudadano\/catalogo\/profesorado\/profesorado-no-universitario\/cursos-y-jornadas\/estrategias-sostenibilidad.html&amp;source=gmail&amp;ust=1617882278649000&amp;usg=AFQjCNHApLzTQ2v2L44qlV1LTc5EmWqyMw\">https:\/\/www.educacionyfp.gob.es\/servicios-al-ciudadano\/catalogo\/profesorado\/profesorado-no-universitario\/cursos-y-jornadas\/estrategias-sostenibilidad.html<\/a><\/span><\/strong><\/p>\n<p style=\"font-weight: 400;\"><strong><span style=\"color: #808000;\">Ent\u00e0 m\u00e8s informacion poddetz clicar aciu:<\/span><\/strong><\/p>\n<p style=\"font-weight: 400;\"><strong><span style=\"color: #808000;\"><a style=\"color: #808000;\" href=\"http:\/\/www.educacionyfp.gob.es\/mc\/sgctie\/comunicacion\/blog\/marzo2021\/seminario-sostenibilidad.html\" data-saferedirecturl=\"https:\/\/www.google.com\/url?q=http:\/\/www.educacionyfp.gob.es\/mc\/sgctie\/comunicacion\/blog\/marzo2021\/seminario-sostenibilidad.html&amp;source=gmail&amp;ust=1617882278649000&amp;usg=AFQjCNHAHiR2p3hGCr4lQyLNVcS74Sj3wQ\">http:\/\/www.educacionyfp.gob.es\/mc\/sgctie\/comunicacion\/blog\/marzo2021\/seminario-sostenibilidad.html<\/a><\/span><\/strong><\/p>\n<p style=\"font-weight: 400;\">\n","protected":false},"excerpt":{"rendered":"<p>\u00a0Seminari: &#8220;Estrategias educativas hacia la sostenibilidad. Caminos de futuro&#8221;.&hellip;  <a href=\"https:\/\/serveiseducatius.xtec.cat\/aribagorca-aran\/general\/seminari-estrategias-educativas-hacia-la-sostenibilidad-caminos-de-futuro\/\" title=\"Read Seminari: \u00a0&#8220;Estrategias educativas hacia la sostenibilidad. Caminos de futuro&#8221;.\">Llegeix m\u00e9s\u00bb<\/a><\/p>\n","protected":false},"author":1,"featured_media":17776,"comment_status":"open","ping_status":"closed","sticky":false,"template":"","format":"standard","meta":{"_bbp_topic_count":0,"_bbp_reply_count":0,"_bbp_total_topic_count":0,"_bbp_total_reply_count":0,"_bbp_voice_count":0,"_bbp_anonymous_reply_count":0,"_bbp_topic_count_hidden":0,"_bbp_reply_count_hidden":0,"_bbp_forum_subforum_count":0,"footnotes":""},"categories":[1],"tags":[],"class_list":["post-17775","post","type-post","status-publish","format-standard","has-post-thumbnail","hentry","category-general"],"post_mailing_queue_ids":[],"_links":{"self":[{"href":"https:\/\/serveiseducatius.xtec.cat\/aribagorca-aran\/wp-json\/wp\/v2\/posts\/17775","targetHints":{"allow":["GET"]}}],"collection":[{"href":"https:\/\/serveiseducatius.xtec.cat\/aribagorca-aran\/wp-json\/wp\/v2\/posts"}],"about":[{"href":"https:\/\/serveiseducatius.xtec.cat\/aribagorca-aran\/wp-json\/wp\/v2\/types\/post"}],"author":[{"embeddable":true,"href":"https:\/\/serveiseducatius.xtec.cat\/aribagorca-aran\/wp-json\/wp\/v2\/users\/1"}],"replies":[{"embeddable":true,"href":"https:\/\/serveiseducatius.xtec.cat\/aribagorca-aran\/wp-json\/wp\/v2\/comments?post=17775"}],"version-history":[{"count":1,"href":"https:\/\/serveiseducatius.xtec.cat\/aribagorca-aran\/wp-json\/wp\/v2\/posts\/17775\/revisions"}],"predecessor-version":[{"id":17777,"href":"https:\/\/serveiseducatius.xtec.cat\/aribagorca-aran\/wp-json\/wp\/v2\/posts\/17775\/revisions\/17777"}],"wp:featuredmedia":[{"embeddable":true,"href":"https:\/\/serveiseducatius.xtec.cat\/aribagorca-aran\/wp-json\/wp\/v2\/media\/17776"}],"wp:attachment":[{"href":"https:\/\/serveiseducatius.xtec.cat\/aribagorca-aran\/wp-json\/wp\/v2\/media?parent=17775"}],"wp:term":[{"taxonomy":"category","embeddable":true,"href":"https:\/\/serveiseducatius.xtec.cat\/aribagorca-aran\/wp-json\/wp\/v2\/categories?post=17775"},{"taxonomy":"post_tag","embeddable":true,"href":"https:\/\/serveiseducatius.xtec.cat\/aribagorca-aran\/wp-json\/wp\/v2\/tags?post=17775"}],"curies":[{"name":"wp","href":"https:\/\/api.w.org\/{rel}","templated":true}]}}