{"id":17740,"date":"2021-03-25T15:19:12","date_gmt":"2021-03-25T14:19:12","guid":{"rendered":"http:\/\/serveiseducatius.xtec.cat\/aribagorca-aran\/?p=17740"},"modified":"2021-03-25T15:20:19","modified_gmt":"2021-03-25T14:20:19","slug":"programa-erasmus","status":"publish","type":"post","link":"https:\/\/serveiseducatius.xtec.cat\/aribagorca-aran\/general\/programa-erasmus\/","title":{"rendered":"Programa erasmus+"},"content":{"rendered":"<p>&nbsp;<\/p>\n<p><a href=\"https:\/\/serveiseducatius.xtec.cat\/aribagorca-aran\/wp-content\/uploads\/usu1143\/2021\/03\/erasmus.png\"><img loading=\"lazy\" decoding=\"async\" class=\"size-medium wp-image-17742 alignleft\" src=\"https:\/\/serveiseducatius.xtec.cat\/aribagorca-aran\/wp-content\/uploads\/usu1143\/2021\/03\/erasmus-300x84.png\" alt=\"\" width=\"300\" height=\"84\" srcset=\"https:\/\/serveiseducatius.xtec.cat\/aribagorca-aran\/wp-content\/uploads\/usu1143\/2021\/03\/erasmus-300x84.png 300w, https:\/\/serveiseducatius.xtec.cat\/aribagorca-aran\/wp-content\/uploads\/usu1143\/2021\/03\/erasmus.png 344w\" sizes=\"auto, (max-width: 300px) 100vw, 300px\" \/><\/a><\/p>\n<p><span style=\"color: #808000;\">Entad aqueri centres educatius o membres dera communautat educatiua que pogatz auer inter\u00e9s ena participacion en un programa educatiu europ\u00e8u, vos informam qu&#8217; a gessut publicada ua naua guida ent\u00e0 compr\u00e9ner milhor toti es elements a auer en compde se vos trapatz en quauque cas des que seguissen:<\/span><\/p>\n<ul>\n<li><span style=\"color: #808000;\">Organizacion participaira, ei a dider: organizacions, institucions e organismes organizadors d&#8217;activitats damb sup\u00f2rt deth programa;<\/span><\/li>\n<li><span style=\"color: #808000;\">Participaires, ei a dider personas (estudiants, estudiants en practiques, alumnes, educadors d&#8217;adulti, joeni, voluntaris, professorat universitari o d&#8217;auti niv\u00e8us, formadors, trabalhadors der encastre de joenesa, professionaus der encastre dera educacion, era formacion, er esp\u00f2rt, eca) implicadi enens activitats organizades pes organizacions participaires.<\/span><\/li>\n<\/ul>\n<p><span style=\"color: #808000;\"><a style=\"color: #808000;\" href=\"https:\/\/serveiseducatius.xtec.cat\/aribagorca-aran\/wp-content\/uploads\/usu1143\/2021\/03\/2021-erasmusplus-programme-guide_en.pdf\" target=\"_blank\" rel=\"noopener noreferrer\">Guida de participacion<\/a><a style=\"color: #808000;\" href=\"https:\/\/serveiseducatius.xtec.cat\/aribagorca-aran\/wp-content\/uploads\/usu1143\/2021\/03\/logo-es.png\"><img loading=\"lazy\" decoding=\"async\" class=\"size-medium wp-image-17743 alignright\" src=\"https:\/\/serveiseducatius.xtec.cat\/aribagorca-aran\/wp-content\/uploads\/usu1143\/2021\/03\/logo-es.png\" alt=\"\" width=\"290\" height=\"72\" \/><\/a><\/span><\/p>\n<p><span style=\"color: #808000;\"><a style=\"color: #808000;\" href=\"https:\/\/ec.europa.eu\/programmes\/erasmus-plus\/resources\/documents\/erasmus-programme-guide-2021_es\" target=\"_blank\" rel=\"noopener noreferrer\">Acc\u00e9s ara web<\/a><\/span><\/p>\n","protected":false},"excerpt":{"rendered":"<p>Naua guida Erasmus+&hellip;  <a href=\"https:\/\/serveiseducatius.xtec.cat\/aribagorca-aran\/general\/programa-erasmus\/\" title=\"Read Programa erasmus+\">Llegeix m\u00e9s\u00bb<\/a><\/p>\n","protected":false},"author":1,"featured_media":17742,"comment_status":"open","ping_status":"closed","sticky":false,"template":"","format":"standard","meta":{"_bbp_topic_count":0,"_bbp_reply_count":0,"_bbp_total_topic_count":0,"_bbp_total_reply_count":0,"_bbp_voice_count":0,"_bbp_anonymous_reply_count":0,"_bbp_topic_count_hidden":0,"_bbp_reply_count_hidden":0,"_bbp_forum_subforum_count":0,"footnotes":""},"categories":[1],"tags":[],"class_list":["post-17740","post","type-post","status-publish","format-standard","has-post-thumbnail","hentry","category-general"],"post_mailing_queue_ids":[],"_links":{"self":[{"href":"https:\/\/serveiseducatius.xtec.cat\/aribagorca-aran\/wp-json\/wp\/v2\/posts\/17740","targetHints":{"allow":["GET"]}}],"collection":[{"href":"https:\/\/serveiseducatius.xtec.cat\/aribagorca-aran\/wp-json\/wp\/v2\/posts"}],"about":[{"href":"https:\/\/serveiseducatius.xtec.cat\/aribagorca-aran\/wp-json\/wp\/v2\/types\/post"}],"author":[{"embeddable":true,"href":"https:\/\/serveiseducatius.xtec.cat\/aribagorca-aran\/wp-json\/wp\/v2\/users\/1"}],"replies":[{"embeddable":true,"href":"https:\/\/serveiseducatius.xtec.cat\/aribagorca-aran\/wp-json\/wp\/v2\/comments?post=17740"}],"version-history":[{"count":2,"href":"https:\/\/serveiseducatius.xtec.cat\/aribagorca-aran\/wp-json\/wp\/v2\/posts\/17740\/revisions"}],"predecessor-version":[{"id":17748,"href":"https:\/\/serveiseducatius.xtec.cat\/aribagorca-aran\/wp-json\/wp\/v2\/posts\/17740\/revisions\/17748"}],"wp:featuredmedia":[{"embeddable":true,"href":"https:\/\/serveiseducatius.xtec.cat\/aribagorca-aran\/wp-json\/wp\/v2\/media\/17742"}],"wp:attachment":[{"href":"https:\/\/serveiseducatius.xtec.cat\/aribagorca-aran\/wp-json\/wp\/v2\/media?parent=17740"}],"wp:term":[{"taxonomy":"category","embeddable":true,"href":"https:\/\/serveiseducatius.xtec.cat\/aribagorca-aran\/wp-json\/wp\/v2\/categories?post=17740"},{"taxonomy":"post_tag","embeddable":true,"href":"https:\/\/serveiseducatius.xtec.cat\/aribagorca-aran\/wp-json\/wp\/v2\/tags?post=17740"}],"curies":[{"name":"wp","href":"https:\/\/api.w.org\/{rel}","templated":true}]}}