{"id":17608,"date":"2021-02-18T10:21:12","date_gmt":"2021-02-18T09:21:12","guid":{"rendered":"http:\/\/serveiseducatius.xtec.cat\/aribagorca-aran\/?p=17608"},"modified":"2021-02-18T10:21:12","modified_gmt":"2021-02-18T09:21:12","slug":"concors-condes-breus-programa-lecxit","status":"publish","type":"post","link":"https:\/\/serveiseducatius.xtec.cat\/aribagorca-aran\/general\/concors-condes-breus-programa-lecxit\/","title":{"rendered":"Concors condes breus programa LECXIT"},"content":{"rendered":"<p style=\"font-weight: 400;\"><a href=\"https:\/\/serveiseducatius.xtec.cat\/aribagorca-aran\/wp-content\/uploads\/usu1143\/2021\/02\/Concurs-estiu-lector.png\"><img loading=\"lazy\" decoding=\"async\" class=\"wp-image-17612 alignleft\" src=\"https:\/\/serveiseducatius.xtec.cat\/aribagorca-aran\/wp-content\/uploads\/usu1143\/2021\/02\/Concurs-estiu-lector-300x150.png\" alt=\"\" width=\"470\" height=\"235\" srcset=\"https:\/\/serveiseducatius.xtec.cat\/aribagorca-aran\/wp-content\/uploads\/usu1143\/2021\/02\/Concurs-estiu-lector-300x150.png 300w, https:\/\/serveiseducatius.xtec.cat\/aribagorca-aran\/wp-content\/uploads\/usu1143\/2021\/02\/Concurs-estiu-lector-768x384.png 768w, https:\/\/serveiseducatius.xtec.cat\/aribagorca-aran\/wp-content\/uploads\/usu1143\/2021\/02\/Concurs-estiu-lector.png 1024w\" sizes=\"auto, (max-width: 470px) 100vw, 470px\" \/><\/a><\/p>\n<p style=\"font-weight: 400;\"><span style=\"color: #808000;\">Entad aguest ostiu era Fondacion Bofill convide ara mainad\u00e8ra a participar en <strong>concors de condes breus qu&#8217;organize des der encastre deth programa <a style=\"color: #808000;\" href=\"http:\/\/www.lecxit.cat\/\" data-saferedirecturl=\"https:\/\/www.google.com\/url?q=http:\/\/www.lecxit.cat\/&amp;source=gmail&amp;ust=1613720347166000&amp;usg=AFQjCNH-JiFRCNHHJiRIpZYuvxMR28KECQ\">LECXIT<\/a><\/strong><\/span><\/p>\n<p style=\"font-weight: 400;\"><span style=\"color: #808000;\">En cors 19\/20 s&#8217;organiz\u00e8c ua <em>campanha <\/em><a style=\"color: #808000;\" href=\"https:\/\/lecxit.cat\/guanyem-un-estiu-lector\/\" data-saferedirecturl=\"https:\/\/www.google.com\/url?q=https:\/\/lecxit.cat\/guanyem-un-estiu-lector\/&amp;source=gmail&amp;ust=1613720347166000&amp;usg=AFQjCNGktJUUG48rBCDza1Lx4JZP29--ng\"><em>Guanyem un estiu<\/em> lector<\/a> ena que particip\u00e8ren m\u00e8s de 200 esc\u00f2les, bibliot\u00e8ques e ens sociaus en tot art\u00e9nher que m\u00e8s de 10.000 escolans e familhes receb\u00e8ssen eth s\u00f2n <strong>kit lector<\/strong> ent\u00e0 prom\u00f2ir era lectura en ostiu.\u00a0<\/span><span style=\"color: #808000;\">Eth kit lector inclod\u00eds materiau ent\u00e0 prom\u00f2ir era lectura en familha. Un des materiaus deth kit ei un <strong>carnet lector <\/strong>damb prepauses e activitats ent\u00e0 gaudir d\u2019aventures lectores en ostiu.<\/span><\/p>\n<p style=\"font-weight: 400;\"><span style=\"color: #808000;\">Ent\u00e0 poder elaborar un carnet lector mos cau qu&#8217;era mainad\u00e8ra h\u00e8sque a volar era imaginacion e envien es sues creacions liter\u00e0ries. Pr`amor d&#8217;a\u00e7\u00f2 vos prepausam:<\/span><\/p>\n<ul style=\"font-weight: 400;\">\n<li><span style=\"color: #808000;\"><strong>Elaborar condes breus damb era mainad\u00e8ra<\/strong>. Es escrits cau qu&#8217;agen un maximun de <u>180 paraules<\/u>.<\/span><\/li>\n<li><span style=\"color: #808000;\"><strong>Seleccionar maximun de <\/strong><strong>5 candidatures ent\u00e0 <\/strong>\u00a0presentar en concors.<\/span><\/li>\n<li><span style=\"color: #808000;\"><strong>Ramplir<\/strong> eth <a style=\"color: #808000;\" href=\"https:\/\/forms.gle\/3ztUiFoBYxYoBFWy6\" data-saferedirecturl=\"https:\/\/www.google.com\/url?q=https:\/\/forms.gle\/3ztUiFoBYxYoBFWy6&amp;source=gmail&amp;ust=1613720347166000&amp;usg=AFQjCNFMptjFjMXeQnlVaIh5lVMxZWqq1g\">formulari d\u2019inscripcion<\/a> damb es v\u00f2stes donades e es escrits des infants <strong>abans deth 31 de mar\u00e7<\/strong>. Cau qu&#8217;es escrits siguen signadi dmb eth n\u00f2m, edat e cors deth participaire.<\/span><\/li>\n<\/ul>\n<p style=\"font-weight: 400;\"><span style=\"color: #808000;\"><strong>Qui p\u00f2t participar en concors?<\/strong><\/span><\/p>\n<ul style=\"font-weight: 400;\">\n<li><span style=\"color: #808000;\">Manad\u00e8ra de 3au a 6au de <strong>prim\u00e0ria<\/strong> qu&#8217;agen talents d&#8217;escriuer e h\u00e8r qu&#8217;es auti mainatges e mainades agen experi\u00e9ncies lectores a compdar des sues paraules.<\/span><\/li>\n<li><span style=\"color: #808000;\">Vos podetz presentar coma esc\u00f2la, bibliot\u00e8ca\u00a0 o Ens sociau.<\/span><\/li>\n<\/ul>\n<p style=\"font-weight: 400;\"><span style=\"color: #808000;\">De totes es prepauses presentades, se seleccionar\u00e0n <strong>5 escrits finalistes\u00a0<\/strong>que ser\u00e0n es ist\u00f2ries deth carnet lector d\u2019aguest ostiu. Es 5 prepauses guanhaires <strong>receber\u00e0n un l\u00f2t de libres entara\u00a0 esc\u00f2la, bibliot\u00e8ca o Ens sociau <\/strong>que se presente.<\/span><\/p>\n<p style=\"font-weight: 400;\"><span style=\"color: #808000;\">Ent\u00e0 quinsevolh dubte podetz escriuer-mos t\u00e0\u00a0 <a style=\"color: #808000;\" href=\"mailto:lecxit@fbofill.cat\">lecxit@fbofill.cat<\/a> o trucar-mos tath 934 588 700.<\/span><\/p>\n","protected":false},"excerpt":{"rendered":"<p>Concors condes breus programa LECXIT&hellip;  <a href=\"https:\/\/serveiseducatius.xtec.cat\/aribagorca-aran\/general\/concors-condes-breus-programa-lecxit\/\" title=\"Read Concors condes breus programa LECXIT\">Llegeix m\u00e9s\u00bb<\/a><\/p>\n","protected":false},"author":1,"featured_media":17612,"comment_status":"open","ping_status":"closed","sticky":false,"template":"","format":"standard","meta":{"_bbp_topic_count":0,"_bbp_reply_count":0,"_bbp_total_topic_count":0,"_bbp_total_reply_count":0,"_bbp_voice_count":0,"_bbp_anonymous_reply_count":0,"_bbp_topic_count_hidden":0,"_bbp_reply_count_hidden":0,"_bbp_forum_subforum_count":0,"footnotes":""},"categories":[1],"tags":[],"class_list":["post-17608","post","type-post","status-publish","format-standard","has-post-thumbnail","hentry","category-general"],"post_mailing_queue_ids":[],"_links":{"self":[{"href":"https:\/\/serveiseducatius.xtec.cat\/aribagorca-aran\/wp-json\/wp\/v2\/posts\/17608","targetHints":{"allow":["GET"]}}],"collection":[{"href":"https:\/\/serveiseducatius.xtec.cat\/aribagorca-aran\/wp-json\/wp\/v2\/posts"}],"about":[{"href":"https:\/\/serveiseducatius.xtec.cat\/aribagorca-aran\/wp-json\/wp\/v2\/types\/post"}],"author":[{"embeddable":true,"href":"https:\/\/serveiseducatius.xtec.cat\/aribagorca-aran\/wp-json\/wp\/v2\/users\/1"}],"replies":[{"embeddable":true,"href":"https:\/\/serveiseducatius.xtec.cat\/aribagorca-aran\/wp-json\/wp\/v2\/comments?post=17608"}],"version-history":[{"count":3,"href":"https:\/\/serveiseducatius.xtec.cat\/aribagorca-aran\/wp-json\/wp\/v2\/posts\/17608\/revisions"}],"predecessor-version":[{"id":17614,"href":"https:\/\/serveiseducatius.xtec.cat\/aribagorca-aran\/wp-json\/wp\/v2\/posts\/17608\/revisions\/17614"}],"wp:featuredmedia":[{"embeddable":true,"href":"https:\/\/serveiseducatius.xtec.cat\/aribagorca-aran\/wp-json\/wp\/v2\/media\/17612"}],"wp:attachment":[{"href":"https:\/\/serveiseducatius.xtec.cat\/aribagorca-aran\/wp-json\/wp\/v2\/media?parent=17608"}],"wp:term":[{"taxonomy":"category","embeddable":true,"href":"https:\/\/serveiseducatius.xtec.cat\/aribagorca-aran\/wp-json\/wp\/v2\/categories?post=17608"},{"taxonomy":"post_tag","embeddable":true,"href":"https:\/\/serveiseducatius.xtec.cat\/aribagorca-aran\/wp-json\/wp\/v2\/tags?post=17608"}],"curies":[{"name":"wp","href":"https:\/\/api.w.org\/{rel}","templated":true}]}}