{"id":17559,"date":"2021-02-10T10:44:28","date_gmt":"2021-02-10T09:44:28","guid":{"rendered":"http:\/\/serveiseducatius.xtec.cat\/aribagorca-aran\/?p=17559"},"modified":"2021-02-11T13:05:54","modified_gmt":"2021-02-11T12:05:54","slug":"viii-jocs-floraus","status":"publish","type":"post","link":"https:\/\/serveiseducatius.xtec.cat\/aribagorca-aran\/general\/viii-jocs-floraus\/","title":{"rendered":"VIII J\u00f2cs Floraus"},"content":{"rendered":"<h6><a href=\"https:\/\/serveiseducatius.xtec.cat\/aribagorca-aran\/wp-content\/uploads\/usu1143\/2021\/02\/jocs-floraus-catalunya.png\"><img loading=\"lazy\" decoding=\"async\" class=\" wp-image-17564 alignleft\" src=\"https:\/\/serveiseducatius.xtec.cat\/aribagorca-aran\/wp-content\/uploads\/usu1143\/2021\/02\/jocs-floraus-catalunya-300x158.png\" alt=\"\" width=\"250\" height=\"132\" srcset=\"https:\/\/serveiseducatius.xtec.cat\/aribagorca-aran\/wp-content\/uploads\/usu1143\/2021\/02\/jocs-floraus-catalunya-300x158.png 300w, https:\/\/serveiseducatius.xtec.cat\/aribagorca-aran\/wp-content\/uploads\/usu1143\/2021\/02\/jocs-floraus-catalunya.png 364w\" sizes=\"auto, (max-width: 250px) 100vw, 250px\" \/><\/a><\/h6>\n<h6><\/h6>\n<h6><\/h6>\n<h6><span style=\"color: #808000;\">Vos informam qu&#8217;eth Departament d&#8217;educacion a convocat es VIII J\u00f2cs Floraus escolars damb es bases qu&#8217;explicaram ara seguida.\u00a0<\/span><span style=\"color: #808000;\">Son adre\u00e7adi ar alumnat des centres d&#8217;educacion prim\u00e0ria e segond\u00e0ria damb er objectiu d&#8217;estimular era produccion escrita en tot profitar era tradicion des J\u00f2cs floraus. <a href=\"http:\/\/xtec.gencat.cat\/ca\/centres\/alscentres\/premis\/jocsflorals\/2021\/\" target=\"_blank\" rel=\"noopener noreferrer\">En enla\u00e7 que segu\u00eds podetz trapar era web des j\u00f2cs Floraus.<\/a><\/span><\/h6>\n<h6><\/h6>\n<p>&nbsp;<\/p>\n<h6><span style=\"color: #808000;\">Quauqui asp\u00e8ctes que mos cau auer en compde son:<\/span><\/h6>\n<ul style=\"list-style-type: square;\">\n<li>\n<h6><span style=\"color: #808000;\">Era participacion en certamen ei volentaria e era tematica liure.<\/span><\/h6>\n<\/li>\n<li>\n<h6><span style=\"color: #808000;\">Auetz de temps ent\u00e0 presentar es trebalhs en v\u00f2ste Servici educatiu enquiath 26 d&#8217;abriu (data limit), en format digitau e per corr\u00e8u electronic.<\/span><\/h6>\n<\/li>\n<li>\n<h6><span style=\"color: #808000;\">Es trebalhs cau que siguen produsits en catalan o ben aran\u00e9s.<\/span><\/h6>\n<\/li>\n<li>\n<h6><span style=\"color: #808000;\">Coma nauetats cau dider que se premiar\u00e0n autant era milhor poesia coma era milhor pr\u00f2sa per categoria.\u00a0<\/span><\/h6>\n<\/li>\n<li>\n<h6><span style=\"color: #808000;\">Es categories ser\u00e0n:\u00a0<\/span><\/h6>\n<\/li>\n<\/ul>\n<ul>\n<li style=\"list-style-type: none;\">\n<ul>\n<li style=\"list-style-type: none;\">\n<ul style=\"list-style-type: circle;\">\n<li><span style=\"color: #808000;\">A1 Escolanat cicle iniciau d&#8217;educacion prim\u00e0ria. Poesia<\/span><\/li>\n<li><span style=\"color: #808000;\">A2 Escolanat cicle iniciau d&#8217;educacion prim\u00e0ria. Pr\u00f2sa<\/span><\/li>\n<li><span style=\"color: #808000;\">B1 \u00a0Escolanat cicle miei d&#8217;educacion prim\u00e0ria. Poesia<\/span><\/li>\n<li><span style=\"color: #808000;\">B2\u00a0 Escolanat cicle miei d&#8217;educacion prim\u00e0ria. Pr\u00f2sa<\/span><\/li>\n<li><span style=\"color: #808000;\">C1 \u00a0Escolanat cicle superior d&#8217;educacion prim\u00e0ria. Poesia<\/span><\/li>\n<li><span style=\"color: #808000;\">C2\u00a0 Escolanat cicle superior d&#8217;educacion prim\u00e0ria. Pr\u00f2sa<\/span><\/li>\n<li><span style=\"color: #808000;\">D1 Escolanat d&#8217;educacion especiau d&#8217;educacion prim\u00e0ria. Poesia.<\/span><\/li>\n<li><span style=\"color: #808000;\">D2 Escolanat d&#8217;educacion especiau d&#8217;educacion prim\u00e0ria. Pr\u00f2sa.<\/span><\/li>\n<li><span style=\"color: #808000;\">E1 Escolanat d&#8217;educacion especiau d&#8217;educacion segond\u00e0ria. Poesia.<\/span><\/li>\n<li><span style=\"color: #808000;\">E2 Escolanat d&#8217;educacion especiau d&#8217;educacion segond\u00e0ria. Pr\u00f2sa.<\/span><\/li>\n<li><span style=\"color: #808000;\">F1 Alumnat d&#8217;educacion segond\u00e0ria de 1\u00e8r e 2au. Poesia.<\/span><\/li>\n<li><span style=\"color: #808000;\">F2 Alumnat d&#8217;educacion segond\u00e0ria de 1\u00e8r e 2au. Pr\u00f2sa.<\/span><\/li>\n<li><span style=\"color: #808000;\">G1 Alumnat d&#8217;educacion segond\u00e0ria de 3au e 4au. Poesia.<\/span><\/li>\n<li><span style=\"color: #808000;\">G2 Alumnat d&#8217;educacion segond\u00e0ria de 3au e 4au. Pr\u00f2sa.<\/span><\/li>\n<li><span style=\"color: #808000;\">H. Conde audiovisau e illustrat ent\u00e0 tot er escolanat d&#8217;educacion prim\u00e0ria.<\/span><\/li>\n<\/ul>\n<\/li>\n<\/ul>\n<\/li>\n<\/ul>\n<ul style=\"list-style-type: square;\">\n<li>\n<h6><span style=\"color: #808000;\">Enes categories corresponentes ara Educacion prim\u00e0ria es trebalhs seran collectius, ei a dider compausadi per un grop d&#8217;escolans. Eth nombre de participaires en cadun des grops ser\u00e0 decidit peth centre escolar. Ena Educacion segondaria es trabalhs caler\u00e0 que siguen individuaus.<\/span><\/h6>\n<\/li>\n<li>\n<h6><span style=\"color: #808000;\">Se mantier\u00e0 era categoria deth conde audiovisuau, <a style=\"color: #808000;\" href=\"https:\/\/serveiseducatius.xtec.cat\/aribagorca-aran\/wp-content\/uploads\/usu1143\/2021\/02\/Bases-dels-contes-audiovisuals-2020-2021-.pdf\" target=\"_blank\" rel=\"noopener noreferrer\">es bases deth quau podetz con\u00e9isher aciu<\/a>.<\/span><\/h6>\n<\/li>\n<li>\n<h6><span style=\"color: #808000;\">Cau qu&#8217;es centres escolars garantisquen era originalitat des produccions atau coma qu&#8217;era elaboracion a estat en encastre escolar. Ent\u00e0 facilitar era presentacion deth liurament de pr\u00e8mis, se demane, s&#8217;ei possible, h\u00e8r fotografies deth proc\u00e9s de produccion.<\/span><\/h6>\n<\/li>\n<li>\n<h6><span style=\"color: #808000;\">Es caracteristiques deth trebalh son es que seguissen:<\/span><\/h6>\n<\/li>\n<\/ul>\n<ul>\n<li style=\"list-style-type: none;\">\n<ul>\n<li style=\"list-style-type: none;\">\n<ul style=\"list-style-type: circle;\">\n<li><span style=\"color: #808000;\">Extension maximala 3 huelhes e non m\u00e8s de 25 rengs per plana.<\/span><\/li>\n<li><span style=\"color: #808000;\">Era tipologia dera letra Arial 12<\/span><\/li>\n<li><span style=\"color: #808000;\">Format DIN A 4, damb doble espaci e ua cara soleta<\/span><\/li>\n<li><span style=\"color: #808000;\">Cau que c\u00f2nste eth titol dera \u00f2bra e ena part superiora dreta era categoria e eth pseudonim<\/span><\/li>\n<li><span style=\"color: #808000;\">Cau qu&#8217;es trebalhs presentadi agen ua bona correccion lexica, sintactica e ortografica<\/span><\/li>\n<\/ul>\n<\/li>\n<\/ul>\n<\/li>\n<\/ul>\n<ul style=\"list-style-type: square;\">\n<li>\n<h6><span style=\"color: #808000;\">Se crear\u00e0 un jurat ent\u00e0s categories deth trebalh escrit e un aute ent\u00e0s produccions deth conde audiovisuau.<\/span><\/h6>\n<\/li>\n<li>\n<h6><span style=\"color: #808000;\">Es persones finalistes e es centres educatius receberan un dipl\u00f2ma de reconeishement e enes categories que presenten ua produccion collectiua, eth centre receber\u00e0 un obs\u00e8qui.<\/span><\/h6>\n<\/li>\n<li>\n<h6><span style=\"color: #808000;\">Eth veredicte finau de Catalunya se balhar\u00e0 eth dia 19 de junh t\u00e0s 12 ores. Encara cau concretar eth format definitiu.<\/span><\/h6>\n<\/li>\n<\/ul>\n<h6><\/h6>\n<p>&nbsp;<\/p>\n<p>&nbsp;<\/p>\n","protected":false},"excerpt":{"rendered":"<p>VIII J\u00f2cs Floraus&hellip;  <a href=\"https:\/\/serveiseducatius.xtec.cat\/aribagorca-aran\/general\/viii-jocs-floraus\/\" title=\"Read VIII J\u00f2cs Floraus\">Llegeix m\u00e9s\u00bb<\/a><\/p>\n","protected":false},"author":1,"featured_media":17564,"comment_status":"open","ping_status":"closed","sticky":false,"template":"","format":"standard","meta":{"_bbp_topic_count":0,"_bbp_reply_count":0,"_bbp_total_topic_count":0,"_bbp_total_reply_count":0,"_bbp_voice_count":0,"_bbp_anonymous_reply_count":0,"_bbp_topic_count_hidden":0,"_bbp_reply_count_hidden":0,"_bbp_forum_subforum_count":0,"footnotes":""},"categories":[1],"tags":[],"class_list":["post-17559","post","type-post","status-publish","format-standard","has-post-thumbnail","hentry","category-general"],"post_mailing_queue_ids":[],"_links":{"self":[{"href":"https:\/\/serveiseducatius.xtec.cat\/aribagorca-aran\/wp-json\/wp\/v2\/posts\/17559","targetHints":{"allow":["GET"]}}],"collection":[{"href":"https:\/\/serveiseducatius.xtec.cat\/aribagorca-aran\/wp-json\/wp\/v2\/posts"}],"about":[{"href":"https:\/\/serveiseducatius.xtec.cat\/aribagorca-aran\/wp-json\/wp\/v2\/types\/post"}],"author":[{"embeddable":true,"href":"https:\/\/serveiseducatius.xtec.cat\/aribagorca-aran\/wp-json\/wp\/v2\/users\/1"}],"replies":[{"embeddable":true,"href":"https:\/\/serveiseducatius.xtec.cat\/aribagorca-aran\/wp-json\/wp\/v2\/comments?post=17559"}],"version-history":[{"count":3,"href":"https:\/\/serveiseducatius.xtec.cat\/aribagorca-aran\/wp-json\/wp\/v2\/posts\/17559\/revisions"}],"predecessor-version":[{"id":17585,"href":"https:\/\/serveiseducatius.xtec.cat\/aribagorca-aran\/wp-json\/wp\/v2\/posts\/17559\/revisions\/17585"}],"wp:featuredmedia":[{"embeddable":true,"href":"https:\/\/serveiseducatius.xtec.cat\/aribagorca-aran\/wp-json\/wp\/v2\/media\/17564"}],"wp:attachment":[{"href":"https:\/\/serveiseducatius.xtec.cat\/aribagorca-aran\/wp-json\/wp\/v2\/media?parent=17559"}],"wp:term":[{"taxonomy":"category","embeddable":true,"href":"https:\/\/serveiseducatius.xtec.cat\/aribagorca-aran\/wp-json\/wp\/v2\/categories?post=17559"},{"taxonomy":"post_tag","embeddable":true,"href":"https:\/\/serveiseducatius.xtec.cat\/aribagorca-aran\/wp-json\/wp\/v2\/tags?post=17559"}],"curies":[{"name":"wp","href":"https:\/\/api.w.org\/{rel}","templated":true}]}}