{"id":9993,"date":"2025-05-15T08:31:43","date_gmt":"2025-05-15T06:31:43","guid":{"rendered":"https:\/\/serveiseducatius.xtec.cat\/apa\/?p=9993"},"modified":"2025-06-16T13:14:09","modified_gmt":"2025-06-16T11:14:09","slug":"el-govern-de-la-generalitat-i-els-espais-naturals-del-pirineu-impulsen-una-agenda-escolar-per-fomentar-leducacio-ambiental","status":"publish","type":"post","link":"https:\/\/serveiseducatius.xtec.cat\/apa\/general\/el-govern-de-la-generalitat-i-els-espais-naturals-del-pirineu-impulsen-una-agenda-escolar-per-fomentar-leducacio-ambiental\/","title":{"rendered":"Els ST de l&#8217;Alt Pirineu i Aran i els espais naturals del Pirineu impulsen una agenda escolar per fomentar l\u2019educaci\u00f3 ambiental"},"content":{"rendered":"<p><strong>Els ST i els espais naturals protegits del Pirineu han impulsat la primera Agenda escolar interparcs 2025-2026.<\/strong><\/p>\n<p><img loading=\"lazy\" decoding=\"async\" class=\"wp-image-9994 alignleft\" src=\"https:\/\/serveiseducatius.xtec.cat\/apa\/wp-content\/uploads\/usu2951\/2025\/05\/Agenda.webp\" alt=\"\" width=\"261\" height=\"360\" srcset=\"https:\/\/serveiseducatius.xtec.cat\/apa\/wp-content\/uploads\/usu2951\/2025\/05\/Agenda.webp 483w, https:\/\/serveiseducatius.xtec.cat\/apa\/wp-content\/uploads\/usu2951\/2025\/05\/Agenda-218x300.webp 218w\" sizes=\"auto, (max-width: 261px) 100vw, 261px\" \/><\/p>\n<p>Aquesta iniciativa vol ajudar a refor\u00e7ar el vincle dels infants amb el medi natural. L\u2019agenda inclou informaci\u00f3 sobre els espais naturals protegits del Pirineu, aix\u00ed com de les activitats educatives que ofereixen.<\/p>\n<p>Cada setmana els infants, fam\u00edlies i docents podran llegir una curiositat del medi natural i treballar sobre algun dels reptes ambientals que proposa el bloc. Tamb\u00e9 inclou jocs, consells per anar a la natura i una guia per identificar esp\u00e8cies. El bloc es repartir\u00e0 entre els 4.000 alumnes d\u2019una quarantena de centres educatius.<\/p>\n<p>L\u2019agenda, que segueix el format d\u2019un quadern de camp, est\u00e0 adre\u00e7ada a infants i joves de 3 a 16 anys. Ha estat il\u00b7lustrada per l\u2019ornit\u00f2leg i il\u00b7lustrador cient\u00edfic, \u00c0lex Mascarell, i impresa en paper ecol\u00f2gic, sense elements pl\u00e0stics.<\/p>\n<p>La directora dels Serveis Territorials d\u2019Educaci\u00f3 a l\u2019Alt Pirineu i Aran, Carlota Valls, ha valorat positivament la iniciativa, i ha expressat que \u201cl\u2019agenda ens ajudar\u00e0 a difondre el valor dels nostres espais naturals protegits aix\u00ed com a sensibilitzar a la comunitat educativa sobre els reptes que tenim per protegir-los\u201d.<\/p>\n<p>L\u2019agenda es repartir\u00e0 a 40 centres educatius de l\u2019Alta Ribagor\u00e7a, la Vall d\u2019Aran, els Pallars, la Cerdanya, l\u2019Alt Urgell i el Bergued\u00e0 que sumen un total de 4.011 alumnes.<\/p>\n<p>Aquesta agenda escolar \u00e9s l\u2019avantsala per a la creaci\u00f3 de la Xarxa d\u2019escoles interparcs del Pirineu que es constituir\u00e0 formalment el pr\u00f2xim 1 de juliol i on s\u2019integraran aquesta quarantena de centres educatius (33 escoles i 7 instituts). El secretari de Transici\u00f3 Ecol\u00f2gica, Jordi Sargatal, ha explicat que totes aquestes iniciatives s\u2019emmarquen dins de les l\u00ednies estrat\u00e8giques dels mateixos parcs i les pol\u00edtiques d\u2019educaci\u00f3 ambiental del Departament. \u201cL\u2019objectiu \u00e9s potenciar l\u2019educaci\u00f3 i el voluntariat ambiental entre els escolars dels territoris dels parcs del Pirineu i millorar la col\u00b7laboraci\u00f3 i estretir vincles amb els centres educatius\u201d, ha dit Sargatal.<\/p>\n<p>El Departament de Territori, a trav\u00e9s dels parcs naturals de Cad\u00ed-Moixer\u00f3 i l\u2019Alt Pirineu i el Parc Nacional d\u2019Aig\u00fcestortes i Estany de Sant Maurici, i el Departament d\u2019Educaci\u00f3 i Formaci\u00f3 Professional, han impulsat la primera Agenda escolar interparcs del Pirineu 2025-2026. Aquesta iniciativa tamb\u00e9 compta amb la col\u00b7laboraci\u00f3 del Geoparc Or\u00edgens, la Reserva Nacional de Ca\u00e7a de Boumort i el Conselh Generau d\u2019Aran.<\/p>\n<p>Font: (14\/05\/2025) <a href=\"https:\/\/lavalira.eu\/el-govern-de-la-generalitat-i-els-espais-naturals-del-pirineu-impulsen-una-agenda-escolar-per-fomentar-leducacio-ambiental\/\">La Valira\u00a0<\/a><\/p>\n<p>M\u00e9s informaci\u00f3:<\/p>\n<p><a href=\"https:\/\/www.viurealspirineus.cat\/articulo\/societat\/govern-i-els-espais-naturals-protegits-lalt-pirineu-impulsen-agenda-escolar-per-fomentar-leducacio-ambiental\/20250514115602056851.html\"><span style=\"font-size: 12pt;\">El Govern i els espais naturals protegits de l&#8217;Alt Pirineu impulsen una agenda escolar per fomentar l&#8217;educaci\u00f3 ambiental (Viure als Pirineus).<\/span><\/a><\/p>\n<p><a href=\"https:\/\/www.cerdanyadigital.cat\/noticia\/252471\/neix-la-primera-agenda-escolar-interparcs-per-reforcar-el-vincle-dels-alumnes-amb-el-medi-\">Neix la primera Agenda escolar interparcs per refor\u00e7ar el vincle dels alumnes amb el medi natural del Pirineu (Cerdanya Digital)<\/a><\/p>\n","protected":false},"excerpt":{"rendered":"<p>.&hellip;  <a href=\"https:\/\/serveiseducatius.xtec.cat\/apa\/general\/el-govern-de-la-generalitat-i-els-espais-naturals-del-pirineu-impulsen-una-agenda-escolar-per-fomentar-leducacio-ambiental\/\" title=\"Read Els ST de l&#8217;Alt Pirineu i Aran i els espais naturals del Pirineu impulsen una agenda escolar per fomentar l\u2019educaci\u00f3 ambiental\">Llegeix m\u00e9s\u00bb<\/a><\/p>\n","protected":false},"author":1,"featured_media":9994,"comment_status":"closed","ping_status":"closed","sticky":false,"template":"","format":"standard","meta":{"_bbp_topic_count":0,"_bbp_reply_count":0,"_bbp_total_topic_count":0,"_bbp_total_reply_count":0,"_bbp_voice_count":0,"_bbp_anonymous_reply_count":0,"_bbp_topic_count_hidden":0,"_bbp_reply_count_hidden":0,"_bbp_forum_subforum_count":0,"footnotes":""},"categories":[1,29,316],"tags":[],"class_list":["post-9993","post","type-post","status-publish","format-standard","has-post-thumbnail","hentry","category-general","category-portada","category-xarxa-descoles-interparcs-del-pirineu"],"post_mailing_queue_ids":[],"_links":{"self":[{"href":"https:\/\/serveiseducatius.xtec.cat\/apa\/wp-json\/wp\/v2\/posts\/9993","targetHints":{"allow":["GET"]}}],"collection":[{"href":"https:\/\/serveiseducatius.xtec.cat\/apa\/wp-json\/wp\/v2\/posts"}],"about":[{"href":"https:\/\/serveiseducatius.xtec.cat\/apa\/wp-json\/wp\/v2\/types\/post"}],"author":[{"embeddable":true,"href":"https:\/\/serveiseducatius.xtec.cat\/apa\/wp-json\/wp\/v2\/users\/1"}],"replies":[{"embeddable":true,"href":"https:\/\/serveiseducatius.xtec.cat\/apa\/wp-json\/wp\/v2\/comments?post=9993"}],"version-history":[{"count":6,"href":"https:\/\/serveiseducatius.xtec.cat\/apa\/wp-json\/wp\/v2\/posts\/9993\/revisions"}],"predecessor-version":[{"id":10334,"href":"https:\/\/serveiseducatius.xtec.cat\/apa\/wp-json\/wp\/v2\/posts\/9993\/revisions\/10334"}],"wp:featuredmedia":[{"embeddable":true,"href":"https:\/\/serveiseducatius.xtec.cat\/apa\/wp-json\/wp\/v2\/media\/9994"}],"wp:attachment":[{"href":"https:\/\/serveiseducatius.xtec.cat\/apa\/wp-json\/wp\/v2\/media?parent=9993"}],"wp:term":[{"taxonomy":"category","embeddable":true,"href":"https:\/\/serveiseducatius.xtec.cat\/apa\/wp-json\/wp\/v2\/categories?post=9993"},{"taxonomy":"post_tag","embeddable":true,"href":"https:\/\/serveiseducatius.xtec.cat\/apa\/wp-json\/wp\/v2\/tags?post=9993"}],"curies":[{"name":"wp","href":"https:\/\/api.w.org\/{rel}","templated":true}]}}