{"id":9961,"date":"2025-05-08T08:19:15","date_gmt":"2025-05-08T06:19:15","guid":{"rendered":"https:\/\/serveiseducatius.xtec.cat\/apa\/?p=9961"},"modified":"2025-05-08T08:19:15","modified_gmt":"2025-05-08T06:19:15","slug":"uns-300-escolars-de-lalt-urgell-celebren-la-10a-trobada-de-glosa-escolar","status":"publish","type":"post","link":"https:\/\/serveiseducatius.xtec.cat\/apa\/portada\/uns-300-escolars-de-lalt-urgell-celebren-la-10a-trobada-de-glosa-escolar\/","title":{"rendered":"Uns 300 escolars de l\u2019Alt Urgell celebren la 10a Trobada de glosa escolar"},"content":{"rendered":"<p><strong>Els participants s\u2019han presentat a ritme de nyacres i garrotins, entre altres melodies<\/strong><\/p>\n<p><img loading=\"lazy\" decoding=\"async\" class=\"wp-image-9962 alignleft\" src=\"https:\/\/serveiseducatius.xtec.cat\/apa\/wp-content\/uploads\/usu2951\/2025\/05\/PD-GLOSA10-1024x576.jpg\" alt=\"\" width=\"460\" height=\"259\" srcset=\"https:\/\/serveiseducatius.xtec.cat\/apa\/wp-content\/uploads\/usu2951\/2025\/05\/PD-GLOSA10-1024x576.jpg 1024w, https:\/\/serveiseducatius.xtec.cat\/apa\/wp-content\/uploads\/usu2951\/2025\/05\/PD-GLOSA10-300x169.jpg 300w, https:\/\/serveiseducatius.xtec.cat\/apa\/wp-content\/uploads\/usu2951\/2025\/05\/PD-GLOSA10-768x432.jpg 768w, https:\/\/serveiseducatius.xtec.cat\/apa\/wp-content\/uploads\/usu2951\/2025\/05\/PD-GLOSA10-1536x864.jpg 1536w, https:\/\/serveiseducatius.xtec.cat\/apa\/wp-content\/uploads\/usu2951\/2025\/05\/PD-GLOSA10.jpg 1920w\" sizes=\"auto, (max-width: 460px) 100vw, 460px\" \/>JUDIT PUJOL (La Seu d\u2019Urgell).- L\u2019Alt Urgell celebra aquest dimarts la 10a edici\u00f3 de la Trobada de glosa escolar, amb gaireb\u00e9 300 escolars, d\u2019una desena de centres educatius que s\u2019han reunit a la Seu per compartir una jornada de m\u00fasica i llengua.<\/p>\n<p>Els participants s\u2019han presentat al ritme de nyacres, garrotins, corrandes de Veget i la melodia de la perdiueta, que segons explica Laia Rosell, mestra de m\u00fasica de la ZER Urgellet, \u201cforma part de la m\u00fasica tradicional i d\u2019arrel i aix\u00f2, si l\u2019escola no ho ensenya, potser \u00e9s molt dif\u00edcil que alguns infants ho puguin arribar a cantar en fam\u00edlia\u201d. En aquest sentit, Rosell creu que \u201c\u00e9s important ensenyar-la per fer reviure aquesta cultura popular tan important pel territori\u201d.<\/p>\n<p>Els escolars han treballat la improvisaci\u00f3 amb l\u2019elaboraci\u00f3 de rimes a partir de paraules, objectes i quartetes inacabades. En cada prova s\u2019ha donat uns minuts als participants per preparar-se, abans que torn\u00e9s a sonar la melodia. \u201cHa estat un treball molt ric pel que fa a la llengua, ja que han apr\u00e8s a composar quartetes, on el primer vers ha de rimar amb el quart, i cada vers ha de tenir set s\u00edl\u00b7labes\u201d.<\/p>\n<p>La proposta, organitzada pel Servei Educatiu de l\u2019Alt Urgell, tamb\u00e9 ha fet un homenatge al m\u00fasic Pep Lizandra, que fa una d\u00e8cada que s\u2019encarrega de l\u2019acompanyament musical, conjuntament amb professorat dels centres.<\/p>\n<p>Font: <a href=\"https:\/\/pirineusdigital.cat\/uns-300-escolars-de-lalt-urgell-celebren-la-10a-trobada-de-glosa-escolar\/\">Pirineu Digital<\/a> (06\/05\/2025)<\/p>\n<p>&nbsp;<\/p>\n","protected":false},"excerpt":{"rendered":"<p>.&hellip;  <a href=\"https:\/\/serveiseducatius.xtec.cat\/apa\/portada\/uns-300-escolars-de-lalt-urgell-celebren-la-10a-trobada-de-glosa-escolar\/\" title=\"Read Uns 300 escolars de l\u2019Alt Urgell celebren la 10a Trobada de glosa escolar\">Llegeix m\u00e9s\u00bb<\/a><\/p>\n","protected":false},"author":1,"featured_media":9962,"comment_status":"closed","ping_status":"closed","sticky":false,"template":"","format":"standard","meta":{"_bbp_topic_count":0,"_bbp_reply_count":0,"_bbp_total_topic_count":0,"_bbp_total_reply_count":0,"_bbp_voice_count":0,"_bbp_anonymous_reply_count":0,"_bbp_topic_count_hidden":0,"_bbp_reply_count_hidden":0,"_bbp_forum_subforum_count":0,"footnotes":""},"categories":[29],"tags":[],"class_list":["post-9961","post","type-post","status-publish","format-standard","has-post-thumbnail","hentry","category-portada"],"post_mailing_queue_ids":[],"_links":{"self":[{"href":"https:\/\/serveiseducatius.xtec.cat\/apa\/wp-json\/wp\/v2\/posts\/9961","targetHints":{"allow":["GET"]}}],"collection":[{"href":"https:\/\/serveiseducatius.xtec.cat\/apa\/wp-json\/wp\/v2\/posts"}],"about":[{"href":"https:\/\/serveiseducatius.xtec.cat\/apa\/wp-json\/wp\/v2\/types\/post"}],"author":[{"embeddable":true,"href":"https:\/\/serveiseducatius.xtec.cat\/apa\/wp-json\/wp\/v2\/users\/1"}],"replies":[{"embeddable":true,"href":"https:\/\/serveiseducatius.xtec.cat\/apa\/wp-json\/wp\/v2\/comments?post=9961"}],"version-history":[{"count":1,"href":"https:\/\/serveiseducatius.xtec.cat\/apa\/wp-json\/wp\/v2\/posts\/9961\/revisions"}],"predecessor-version":[{"id":9963,"href":"https:\/\/serveiseducatius.xtec.cat\/apa\/wp-json\/wp\/v2\/posts\/9961\/revisions\/9963"}],"wp:featuredmedia":[{"embeddable":true,"href":"https:\/\/serveiseducatius.xtec.cat\/apa\/wp-json\/wp\/v2\/media\/9962"}],"wp:attachment":[{"href":"https:\/\/serveiseducatius.xtec.cat\/apa\/wp-json\/wp\/v2\/media?parent=9961"}],"wp:term":[{"taxonomy":"category","embeddable":true,"href":"https:\/\/serveiseducatius.xtec.cat\/apa\/wp-json\/wp\/v2\/categories?post=9961"},{"taxonomy":"post_tag","embeddable":true,"href":"https:\/\/serveiseducatius.xtec.cat\/apa\/wp-json\/wp\/v2\/tags?post=9961"}],"curies":[{"name":"wp","href":"https:\/\/api.w.org\/{rel}","templated":true}]}}