{"id":9856,"date":"2025-04-28T07:58:36","date_gmt":"2025-04-28T05:58:36","guid":{"rendered":"https:\/\/serveiseducatius.xtec.cat\/apa\/?p=9856"},"modified":"2025-04-28T09:00:38","modified_gmt":"2025-04-28T07:00:38","slug":"els-ods-un-bon-context-per-dissenyar-situacions-daprenentatge","status":"publish","type":"post","link":"https:\/\/serveiseducatius.xtec.cat\/apa\/xarxa-descoles-interparcs-del-pirineu\/els-ods-un-bon-context-per-dissenyar-situacions-daprenentatge\/","title":{"rendered":"Els ODS: Un bon context per dissenyar situacions d&#8217;aprenentatge"},"content":{"rendered":"<p><strong>Pensament cr\u00edtic a l\u2019aula<\/strong><\/p>\n<p><img loading=\"lazy\" decoding=\"async\" class=\"wp-image-9864 aligncenter\" src=\"https:\/\/serveiseducatius.xtec.cat\/apa\/wp-content\/uploads\/usu2951\/2025\/04\/Captura_Pensament_critic.png\" alt=\"\" width=\"481\" height=\"286\" srcset=\"https:\/\/serveiseducatius.xtec.cat\/apa\/wp-content\/uploads\/usu2951\/2025\/04\/Captura_Pensament_critic.png 861w, https:\/\/serveiseducatius.xtec.cat\/apa\/wp-content\/uploads\/usu2951\/2025\/04\/Captura_Pensament_critic-300x178.png 300w, https:\/\/serveiseducatius.xtec.cat\/apa\/wp-content\/uploads\/usu2951\/2025\/04\/Captura_Pensament_critic-768x457.png 768w\" sizes=\"auto, (max-width: 481px) 100vw, 481px\" \/><\/p>\n<p>El nou marc curricular destaca la necessitat de fomentar el pensament cr\u00edtic entre l\u2019alumnat. Ara b\u00e9, de quina manera es poden treballar les habilitats i actituds necess\u00e0ries per desenvolupar el pensament cr\u00edtic?<\/p>\n<p><a href=\"https:\/\/www.youtube.com\/live\/ZuTa5PqZCAY\">Pensament cr\u00edtic a l&#8217;aula de ci\u00e8ncies 22 d&#8217;abril 2025<\/a><\/p>\n<p>M\u00e9s informaci\u00f3:<\/p>\n<p>A la recerca de l&#8217;aprenentatge amb sentit. <a href=\"https:\/\/serveiseducatius.xtec.cat\/cesire\/recurs-eco2\/el-pensament-critica-a-primaria\/\">El pensament cr\u00edtic a prim\u00e0ria<\/a>.<\/p>\n<p><a href=\"https:\/\/diarieducacio.cat\/les-sis-condicions-sine-qua-non-per-educar-en-el-pensament-critic\/\">Les sis condicions &#8220;sine qua non&#8221; per educar en el pensament cr\u00edtic.<\/a><\/p>\n<p>&nbsp;<\/p>\n<p>&nbsp;<\/p>\n","protected":false},"excerpt":{"rendered":"<p>.&hellip;  <a href=\"https:\/\/serveiseducatius.xtec.cat\/apa\/xarxa-descoles-interparcs-del-pirineu\/els-ods-un-bon-context-per-dissenyar-situacions-daprenentatge\/\" title=\"Read Els ODS: Un bon context per dissenyar situacions d&#8217;aprenentatge\">Llegeix m\u00e9s\u00bb<\/a><\/p>\n","protected":false},"author":14,"featured_media":9866,"comment_status":"closed","ping_status":"closed","sticky":false,"template":"","format":"standard","meta":{"_bbp_topic_count":0,"_bbp_reply_count":0,"_bbp_total_topic_count":0,"_bbp_total_reply_count":0,"_bbp_voice_count":0,"_bbp_anonymous_reply_count":0,"_bbp_topic_count_hidden":0,"_bbp_reply_count_hidden":0,"_bbp_forum_subforum_count":0,"footnotes":""},"categories":[316],"tags":[],"class_list":["post-9856","post","type-post","status-publish","format-standard","has-post-thumbnail","hentry","category-xarxa-descoles-interparcs-del-pirineu"],"post_mailing_queue_ids":[],"_links":{"self":[{"href":"https:\/\/serveiseducatius.xtec.cat\/apa\/wp-json\/wp\/v2\/posts\/9856","targetHints":{"allow":["GET"]}}],"collection":[{"href":"https:\/\/serveiseducatius.xtec.cat\/apa\/wp-json\/wp\/v2\/posts"}],"about":[{"href":"https:\/\/serveiseducatius.xtec.cat\/apa\/wp-json\/wp\/v2\/types\/post"}],"author":[{"embeddable":true,"href":"https:\/\/serveiseducatius.xtec.cat\/apa\/wp-json\/wp\/v2\/users\/14"}],"replies":[{"embeddable":true,"href":"https:\/\/serveiseducatius.xtec.cat\/apa\/wp-json\/wp\/v2\/comments?post=9856"}],"version-history":[{"count":6,"href":"https:\/\/serveiseducatius.xtec.cat\/apa\/wp-json\/wp\/v2\/posts\/9856\/revisions"}],"predecessor-version":[{"id":9867,"href":"https:\/\/serveiseducatius.xtec.cat\/apa\/wp-json\/wp\/v2\/posts\/9856\/revisions\/9867"}],"wp:featuredmedia":[{"embeddable":true,"href":"https:\/\/serveiseducatius.xtec.cat\/apa\/wp-json\/wp\/v2\/media\/9866"}],"wp:attachment":[{"href":"https:\/\/serveiseducatius.xtec.cat\/apa\/wp-json\/wp\/v2\/media?parent=9856"}],"wp:term":[{"taxonomy":"category","embeddable":true,"href":"https:\/\/serveiseducatius.xtec.cat\/apa\/wp-json\/wp\/v2\/categories?post=9856"},{"taxonomy":"post_tag","embeddable":true,"href":"https:\/\/serveiseducatius.xtec.cat\/apa\/wp-json\/wp\/v2\/tags?post=9856"}],"curies":[{"name":"wp","href":"https:\/\/api.w.org\/{rel}","templated":true}]}}