{"id":9824,"date":"2025-04-24T08:14:18","date_gmt":"2025-04-24T06:14:18","guid":{"rendered":"https:\/\/serveiseducatius.xtec.cat\/apa\/?p=9824"},"modified":"2025-05-09T08:40:54","modified_gmt":"2025-05-09T06:40:54","slug":"les-escoles-del-pallars-sobira-promocionen-les-bitlles-pallareses-amb-un-torneig-comarcal","status":"publish","type":"post","link":"https:\/\/serveiseducatius.xtec.cat\/apa\/portada\/les-escoles-del-pallars-sobira-promocionen-les-bitlles-pallareses-amb-un-torneig-comarcal\/","title":{"rendered":"Les escoles del Pallars Sobir\u00e0 promocionen les bitlles pallareses amb un torneig comarcal"},"content":{"rendered":"<p>Compta amb la participaci\u00f3 d\u2019una vuitantena d\u2019alumnes de 5\u00e8 de prim\u00e0ria de les escoles d&#8217;Esterri d&#8217;\u00c0neu, Sort i els de cicle superior de la ZER Alt Pallars Sobir\u00e0.<\/p>\n<p><img loading=\"lazy\" decoding=\"async\" class=\"aligncenter\" src=\"https:\/\/pallarsdigital.sobrevia.net\/redaccio\/arxius\/imatges\/202504\/1200_1745391878bitlles_pallareses.jpg\" width=\"602\" height=\"339\" \/><\/p>\n<p>Les escoles del Pallars Sobir\u00e0, amb el suport dels Serveis Educatius de la comarca, impulsen el projecte Recuperem les bitlles pallareses als centres educatius. La proposta neix de la voluntat dels mestres d\u2019Educaci\u00f3 F\u00edsica dels centres de recuperar i donar vida a aquest joc tradicional tan arrelat a la cultura pallaresa.<\/p>\n<p>La iniciativa, que enguany es presenta com a prova pilot, compta amb la participaci\u00f3 d\u2019una vuitantena d\u2019alumnes de 5\u00e8 de prim\u00e0ria de les escoles La Closa d&#8217;Esterri d&#8217;\u00c0neu i \u00c0ngel Seraf\u00ed Casanovas de Sort, aix\u00ed com amb els alumnes de cicle superior de la ZER Alt Pallars Sobir\u00e0 (Rialp, Llavors\u00ed, Ribera de Card\u00f3s, T\u00edrvia i Alins).<\/p>\n<p><img loading=\"lazy\" decoding=\"async\" class=\"aligncenter\" src=\"https:\/\/pallarsdigital.sobrevia.net\/redaccio\/arxius\/imatges\/202504\/1200_1745391909poster_de_les_bitlles_(4).jpg\" width=\"362\" height=\"512\" \/><\/p>\n<p>La jornada central tindr\u00e0 lloc el dijous 8 de maig al Castell dels Comtes de Pallars, a Sort, on se celebrar\u00e0 el primer torneig escolar comarcal de bitlles pallareses, amb equips formats per alumnes de diferents escoles per afavorir la conviv\u00e8ncia i el treball en equip.<\/p>\n<p>A m\u00e9s del torneig, els alumnes hauran pogut gaudir pr\u00e8viament de sessions de pr\u00e0ctica a l&#8217;aula, activitats sobre la hist\u00f2ria del joc i un concurs per dissenyar el logotip oficial de la trobada. El projecte busca promoure els valors del joc net, l\u2019esfor\u00e7 i la solidaritat; refor\u00e7ar els lligams entre alumnes de diferents municipis i, sobretot, preservar i valorar el patrimoni cultural del territori.<\/p>\n<p>El projecte compta amb la col\u00b7laboraci\u00f3 de l\u2019associaci\u00f3 Bitlles de les Valls d\u2019\u00c0neu, que ha cedit el material de joc necessari; el Consell Esportiu del Pallars Sobir\u00e0 i el Consell Catal\u00e0 de l\u2019Esport, que ofereix l\u2019equipaci\u00f3 als participants; el Consell Comarcal del Pallars Sobir\u00e0, que facilita el transport de tots els escolars fins al Castell de Sort; l\u2019Ajuntament de Sort amb el refrigeri i les instal\u00b7lacions; i la Diputaci\u00f3 de Lleida, que cedeix els obsequis.<\/p>\n<p>Font: 23 d&#8217;abril de 2025 a les 09:05\u00a0 <img loading=\"lazy\" decoding=\"async\" class=\"\" src=\"https:\/\/pallarsdigital.sobrevia.net\/redaccio\/arxius\/autorsnoticies\/1691407676_isotip%20comarques.png\" alt=\"Pallars Digital\" width=\"41\" height=\"41\" \/><a href=\"https:\/\/www.pallarsdigital.cat\/cultura\/21395-les-escoles-del-pallars-sobira-promocionen-les-bitlles-pallareses\"> PALLARS DIGITAL<\/a><\/p>\n<p>M\u00e9s informaci\u00f3:<\/p>\n<blockquote class=\"wp-embedded-content\" data-secret=\"3K9uLXFZ3X\"><p><a href=\"https:\/\/laborrufa.com\/recuperem-les-bitlles\/\">Recuperem les bitlles pallareses als centres educatius: una iniciativa per preservar el patrimoni i crear aliances intercentres<\/a><\/p><\/blockquote>\n<p><iframe loading=\"lazy\" class=\"wp-embedded-content\" sandbox=\"allow-scripts\" security=\"restricted\" style=\"position: absolute; clip: rect(1px, 1px, 1px, 1px);\" title=\"&#8220;Recuperem les bitlles pallareses als centres educatius: una iniciativa per preservar el patrimoni i crear aliances intercentres&#8221; &#8212; Pirineu | Connectant comarques\" src=\"https:\/\/laborrufa.com\/recuperem-les-bitlles\/embed\/#?secret=NnX8w6Pl5J#?secret=3K9uLXFZ3X\" data-secret=\"3K9uLXFZ3X\" width=\"500\" height=\"282\" frameborder=\"0\" marginwidth=\"0\" marginheight=\"0\" scrolling=\"no\"><\/iframe><\/p>\n<p>&nbsp;<\/p>\n","protected":false},"excerpt":{"rendered":"<p>.&hellip;  <a href=\"https:\/\/serveiseducatius.xtec.cat\/apa\/portada\/les-escoles-del-pallars-sobira-promocionen-les-bitlles-pallareses-amb-un-torneig-comarcal\/\" title=\"Read Les escoles del Pallars Sobir\u00e0 promocionen les bitlles pallareses amb un torneig comarcal\">Llegeix m\u00e9s\u00bb<\/a><\/p>\n","protected":false},"author":14,"featured_media":9825,"comment_status":"closed","ping_status":"closed","sticky":false,"template":"","format":"standard","meta":{"_bbp_topic_count":0,"_bbp_reply_count":0,"_bbp_total_topic_count":0,"_bbp_total_reply_count":0,"_bbp_voice_count":0,"_bbp_anonymous_reply_count":0,"_bbp_topic_count_hidden":0,"_bbp_reply_count_hidden":0,"_bbp_forum_subforum_count":0,"footnotes":""},"categories":[29],"tags":[],"class_list":["post-9824","post","type-post","status-publish","format-standard","has-post-thumbnail","hentry","category-portada"],"post_mailing_queue_ids":[],"_links":{"self":[{"href":"https:\/\/serveiseducatius.xtec.cat\/apa\/wp-json\/wp\/v2\/posts\/9824","targetHints":{"allow":["GET"]}}],"collection":[{"href":"https:\/\/serveiseducatius.xtec.cat\/apa\/wp-json\/wp\/v2\/posts"}],"about":[{"href":"https:\/\/serveiseducatius.xtec.cat\/apa\/wp-json\/wp\/v2\/types\/post"}],"author":[{"embeddable":true,"href":"https:\/\/serveiseducatius.xtec.cat\/apa\/wp-json\/wp\/v2\/users\/14"}],"replies":[{"embeddable":true,"href":"https:\/\/serveiseducatius.xtec.cat\/apa\/wp-json\/wp\/v2\/comments?post=9824"}],"version-history":[{"count":3,"href":"https:\/\/serveiseducatius.xtec.cat\/apa\/wp-json\/wp\/v2\/posts\/9824\/revisions"}],"predecessor-version":[{"id":9966,"href":"https:\/\/serveiseducatius.xtec.cat\/apa\/wp-json\/wp\/v2\/posts\/9824\/revisions\/9966"}],"wp:featuredmedia":[{"embeddable":true,"href":"https:\/\/serveiseducatius.xtec.cat\/apa\/wp-json\/wp\/v2\/media\/9825"}],"wp:attachment":[{"href":"https:\/\/serveiseducatius.xtec.cat\/apa\/wp-json\/wp\/v2\/media?parent=9824"}],"wp:term":[{"taxonomy":"category","embeddable":true,"href":"https:\/\/serveiseducatius.xtec.cat\/apa\/wp-json\/wp\/v2\/categories?post=9824"},{"taxonomy":"post_tag","embeddable":true,"href":"https:\/\/serveiseducatius.xtec.cat\/apa\/wp-json\/wp\/v2\/tags?post=9824"}],"curies":[{"name":"wp","href":"https:\/\/api.w.org\/{rel}","templated":true}]}}