{"id":9784,"date":"2025-04-22T08:14:07","date_gmt":"2025-04-22T06:14:07","guid":{"rendered":"https:\/\/serveiseducatius.xtec.cat\/apa\/?p=9784"},"modified":"2025-06-09T14:16:58","modified_gmt":"2025-06-09T12:16:58","slug":"les-docents-de-lescola-angel-serafi-tanquen-el-taller-de-mesures-i-suports-universals-amb-una-sessio-per-compartir-bones-practiques-inclusives","status":"publish","type":"post","link":"https:\/\/serveiseducatius.xtec.cat\/apa\/portada\/les-docents-de-lescola-angel-serafi-tanquen-el-taller-de-mesures-i-suports-universals-amb-una-sessio-per-compartir-bones-practiques-inclusives\/","title":{"rendered":"Les docents de l&#8217;escola \u00c0ngel Seraf\u00ed tanquen el Taller de Mesures i Suports Universals"},"content":{"rendered":"<p><b>Les docents de l&#8217;escola \u00c0ngel Seraf\u00ed tanquen el Taller de Mesures i Suports Universals amb una sessi\u00f3 per compartir bones pr\u00e0ctiques inclusives.<\/b><\/p>\n<p><img loading=\"lazy\" decoding=\"async\" class=\"wp-image-9785 alignleft\" src=\"https:\/\/serveiseducatius.xtec.cat\/apa\/wp-content\/uploads\/usu2951\/2025\/04\/WhatsApp-Image-2025-04-11-at-11.06.09-768x1024.jpeg\" alt=\"\" width=\"239\" height=\"319\" srcset=\"https:\/\/serveiseducatius.xtec.cat\/apa\/wp-content\/uploads\/usu2951\/2025\/04\/WhatsApp-Image-2025-04-11-at-11.06.09-768x1024.jpeg 768w, https:\/\/serveiseducatius.xtec.cat\/apa\/wp-content\/uploads\/usu2951\/2025\/04\/WhatsApp-Image-2025-04-11-at-11.06.09-225x300.jpeg 225w, https:\/\/serveiseducatius.xtec.cat\/apa\/wp-content\/uploads\/usu2951\/2025\/04\/WhatsApp-Image-2025-04-11-at-11.06.09-1152x1536.jpeg 1152w, https:\/\/serveiseducatius.xtec.cat\/apa\/wp-content\/uploads\/usu2951\/2025\/04\/WhatsApp-Image-2025-04-11-at-11.06.09.jpeg 1536w\" sizes=\"auto, (max-width: 239px) 100vw, 239px\" \/>Despr\u00e9s de 5 sessions d&#8217;aprofundiment en les Mesures i els Suports Universals el claustre ha tancat la formaci\u00f3 amb una sessi\u00f3 on s&#8217;han compartit bones pr\u00e0ctiques en educaci\u00f3 inclusiva. La valoraci\u00f3 del claustre ha estat molt bona.<\/p>\n<p>El Taller de Mesures i suports universals \u00e9s una de les intervencions que duen a terme les Dinamitzadores d&#8217;educaci\u00f3 inclusiva. La formaci\u00f3 est\u00e0 dissenyada per abordar les necessitats de l&#8217;alumnat en un marc d&#8217;inclusi\u00f3 educativa, centrant-se en el Decret 150\/2017 d&#8217;atenci\u00f3 educativa a l&#8217;alumnat en el marc d&#8217;un sistema educatiu inclusiu, i els marcs que el sustenten. El Marc del Disseny Universal per a l&#8217;Aprenentatge i el marc d&#8217;intensitats de mesures i suports. Amb aquest taller, la comunitat docent pot explorar noves perspectives i pr\u00e0ctiques per respondre a la diversitat dels alumnes, principalment, a trav\u00e9s de les mesures i els suports universals.<\/p>\n<p>&nbsp;<\/p>\n","protected":false},"excerpt":{"rendered":"<p>.&hellip;  <a href=\"https:\/\/serveiseducatius.xtec.cat\/apa\/portada\/les-docents-de-lescola-angel-serafi-tanquen-el-taller-de-mesures-i-suports-universals-amb-una-sessio-per-compartir-bones-practiques-inclusives\/\" title=\"Read Les docents de l&#8217;escola \u00c0ngel Seraf\u00ed tanquen el Taller de Mesures i Suports Universals\">Llegeix m\u00e9s\u00bb<\/a><\/p>\n","protected":false},"author":14,"featured_media":9785,"comment_status":"closed","ping_status":"closed","sticky":false,"template":"","format":"standard","meta":{"_bbp_topic_count":0,"_bbp_reply_count":0,"_bbp_total_topic_count":0,"_bbp_total_reply_count":0,"_bbp_voice_count":0,"_bbp_anonymous_reply_count":0,"_bbp_topic_count_hidden":0,"_bbp_reply_count_hidden":0,"_bbp_forum_subforum_count":0,"footnotes":""},"categories":[340,314,29],"tags":[],"class_list":["post-9784","post","type-post","status-publish","format-standard","has-post-thumbnail","hentry","category-equip-de-dinamitzadores-deducacio-inclusiva-dei","category-inclusiva","category-portada"],"post_mailing_queue_ids":[],"_links":{"self":[{"href":"https:\/\/serveiseducatius.xtec.cat\/apa\/wp-json\/wp\/v2\/posts\/9784","targetHints":{"allow":["GET"]}}],"collection":[{"href":"https:\/\/serveiseducatius.xtec.cat\/apa\/wp-json\/wp\/v2\/posts"}],"about":[{"href":"https:\/\/serveiseducatius.xtec.cat\/apa\/wp-json\/wp\/v2\/types\/post"}],"author":[{"embeddable":true,"href":"https:\/\/serveiseducatius.xtec.cat\/apa\/wp-json\/wp\/v2\/users\/14"}],"replies":[{"embeddable":true,"href":"https:\/\/serveiseducatius.xtec.cat\/apa\/wp-json\/wp\/v2\/comments?post=9784"}],"version-history":[{"count":4,"href":"https:\/\/serveiseducatius.xtec.cat\/apa\/wp-json\/wp\/v2\/posts\/9784\/revisions"}],"predecessor-version":[{"id":9801,"href":"https:\/\/serveiseducatius.xtec.cat\/apa\/wp-json\/wp\/v2\/posts\/9784\/revisions\/9801"}],"wp:featuredmedia":[{"embeddable":true,"href":"https:\/\/serveiseducatius.xtec.cat\/apa\/wp-json\/wp\/v2\/media\/9785"}],"wp:attachment":[{"href":"https:\/\/serveiseducatius.xtec.cat\/apa\/wp-json\/wp\/v2\/media?parent=9784"}],"wp:term":[{"taxonomy":"category","embeddable":true,"href":"https:\/\/serveiseducatius.xtec.cat\/apa\/wp-json\/wp\/v2\/categories?post=9784"},{"taxonomy":"post_tag","embeddable":true,"href":"https:\/\/serveiseducatius.xtec.cat\/apa\/wp-json\/wp\/v2\/tags?post=9784"}],"curies":[{"name":"wp","href":"https:\/\/api.w.org\/{rel}","templated":true}]}}