{"id":9736,"date":"2025-04-08T13:31:30","date_gmt":"2025-04-08T11:31:30","guid":{"rendered":"https:\/\/serveiseducatius.xtec.cat\/apa\/?p=9736"},"modified":"2025-05-05T09:18:44","modified_gmt":"2025-05-05T07:18:44","slug":"un-total-de-10-estudiants-superen-les-semifinals-pallareses-del-certamen-de-lectura-en-veu-alta","status":"publish","type":"post","link":"https:\/\/serveiseducatius.xtec.cat\/apa\/general\/un-total-de-10-estudiants-superen-les-semifinals-pallareses-del-certamen-de-lectura-en-veu-alta\/","title":{"rendered":"Un total de 10 estudiants superen les semifinals pallareses del CLVA"},"content":{"rendered":"<p><strong>Els finalistes participaran a la final territorial de l\u2019Alt Pirineu i Aran el proper 15 de maig a Sort.<\/strong><\/p>\n<p><img loading=\"lazy\" decoding=\"async\" class=\"wp-image-9741 aligncenter\" src=\"https:\/\/serveiseducatius.xtec.cat\/apa\/wp-content\/uploads\/usu2951\/2025\/04\/Lectura-Sort_2_OK-1024x576.jpg\" alt=\"\" width=\"620\" height=\"349\" srcset=\"https:\/\/serveiseducatius.xtec.cat\/apa\/wp-content\/uploads\/usu2951\/2025\/04\/Lectura-Sort_2_OK-1024x576.jpg 1024w, https:\/\/serveiseducatius.xtec.cat\/apa\/wp-content\/uploads\/usu2951\/2025\/04\/Lectura-Sort_2_OK-300x169.jpg 300w, https:\/\/serveiseducatius.xtec.cat\/apa\/wp-content\/uploads\/usu2951\/2025\/04\/Lectura-Sort_2_OK-768x432.jpg 768w, https:\/\/serveiseducatius.xtec.cat\/apa\/wp-content\/uploads\/usu2951\/2025\/04\/Lectura-Sort_2_OK-1536x864.jpg 1536w, https:\/\/serveiseducatius.xtec.cat\/apa\/wp-content\/uploads\/usu2951\/2025\/04\/Lectura-Sort_2_OK.jpg 1600w\" sizes=\"auto, (max-width: 620px) 100vw, 620px\" \/><\/p>\n<p>REDACCI\u00d3 (Sort).- Les semifinals pallareses del Certamen de lectura en veu alta han tingut lloc aquest dijous a Sort, on s\u2019han reunit uns 300 infants i joves de les dues comarques, dels quals 30 han llegit en veu alta, i 10 han estat escollits en les diverses categories per participar a la final territorial de l\u2019Alt Pirineu i Aran el proper 15 de maig al Cinema-Teatre Els til\u00b7lers de Sort.<\/p>\n<p>En la categoria de Grumets vermells (Cicle Mitj\u00e0 de Prim\u00e0ria), ha estat seleccionada Gala Lloret Manso, de l\u2019Escola de Sal\u00e0s de Pallars; en la categoria de Grumets verds (Cicle Superior de Prim\u00e0ria), la seleccionada ha estat Paula P\u00e9rez Vilanova, de l\u2019Escola \u00c0ngel Seraf\u00ed de Sort; a la categoria de Timoners (alumnat nouvingut de Cicle Superior de Prim\u00e0ria i 13 i 2n d\u2019ESO), la guanyadora ha estat Salma Es-Sati, de l\u2019Escola Valldeflors de Tremp; a Corsaris (1r i 2n d\u2019ESO), la guanyadora ha estat Martina Vega Malet, del Col\u00b7legi M. Immaculada de Tremp; a la categoria de Tropa de corsaris (3r i 4t d\u2019ESO), han resultat elegits Valen\u00e7a Farr\u00e9 Lluvich, Pol Rabasa Farrera i Lluna Valladares Pou, de l\u2019Institut Hug Roger III de Sort, i Mariona Cort\u00e9s Tendero, Eire Guill\u00e9n Pou i Zoila Mayora Sanvis\u00e9n, de l\u2019Institut Morell\u00f3 d\u2019Esterri d\u2019\u00c0neu.<\/p>\n<p><img loading=\"lazy\" decoding=\"async\" class=\"wp-image-9742 aligncenter\" src=\"https:\/\/serveiseducatius.xtec.cat\/apa\/wp-content\/uploads\/usu2951\/2025\/04\/Lectura-Sort-3.jpg\" alt=\"\" width=\"585\" height=\"329\" srcset=\"https:\/\/serveiseducatius.xtec.cat\/apa\/wp-content\/uploads\/usu2951\/2025\/04\/Lectura-Sort-3.jpg 768w, https:\/\/serveiseducatius.xtec.cat\/apa\/wp-content\/uploads\/usu2951\/2025\/04\/Lectura-Sort-3-300x169.jpg 300w\" sizes=\"auto, (max-width: 585px) 100vw, 585px\" \/><\/p>\n<p>El jurat ha estat format pel periodista Tom\u00e0s Espot; la t\u00e8cnica de normalitzaci\u00f3 ling\u00fc\u00edstica del Servei Comarcal de catal\u00e0 del Pallars Juss\u00e0, Laia Escol\u00e0; la mestra, pedagoga i c coordinadora de Llengua, interculturalitat i cohesi\u00f3 social de la Zona Escolar Alt Pallars Sobir\u00e0, Conxi Lozano, i l\u2019assessora de llengua, interculturalitat i cohesi\u00f3 social del Pallars Sobir\u00e0, Ivet Eroles.<\/p>\n<p>Les semifinals han estat organitzades pel Servei Educatiu del Pallars, que enguany ha comptat amb la col\u00b7laboraci\u00f3 de l\u2019Ajuntament de Sort i el Consell Comarcal del Pallars Sobir\u00e0, amb el suport del projecte art\u00edstic La Rural Ut\u00f2pica.<\/p>\n<p>Font: <a href=\"https:\/\/pirineusdigital.cat\/un-total-de-10-estudiants-han-passat-les-semifinals-pallareses-del-certamen-de-lectura-en-veu-alta\/\">Pirineus Digital<\/a><\/p>\n<p>&nbsp;<\/p>\n","protected":false},"excerpt":{"rendered":"<p>.&hellip;  <a href=\"https:\/\/serveiseducatius.xtec.cat\/apa\/general\/un-total-de-10-estudiants-superen-les-semifinals-pallareses-del-certamen-de-lectura-en-veu-alta\/\" title=\"Read Un total de 10 estudiants superen les semifinals pallareses del CLVA\">Llegeix m\u00e9s\u00bb<\/a><\/p>\n","protected":false},"author":14,"featured_media":9737,"comment_status":"closed","ping_status":"closed","sticky":false,"template":"","format":"standard","meta":{"_bbp_topic_count":0,"_bbp_reply_count":0,"_bbp_total_topic_count":0,"_bbp_total_reply_count":0,"_bbp_voice_count":0,"_bbp_anonymous_reply_count":0,"_bbp_topic_count_hidden":0,"_bbp_reply_count_hidden":0,"_bbp_forum_subforum_count":0,"footnotes":""},"categories":[1,29],"tags":[],"class_list":["post-9736","post","type-post","status-publish","format-standard","has-post-thumbnail","hentry","category-general","category-portada"],"post_mailing_queue_ids":[],"_links":{"self":[{"href":"https:\/\/serveiseducatius.xtec.cat\/apa\/wp-json\/wp\/v2\/posts\/9736","targetHints":{"allow":["GET"]}}],"collection":[{"href":"https:\/\/serveiseducatius.xtec.cat\/apa\/wp-json\/wp\/v2\/posts"}],"about":[{"href":"https:\/\/serveiseducatius.xtec.cat\/apa\/wp-json\/wp\/v2\/types\/post"}],"author":[{"embeddable":true,"href":"https:\/\/serveiseducatius.xtec.cat\/apa\/wp-json\/wp\/v2\/users\/14"}],"replies":[{"embeddable":true,"href":"https:\/\/serveiseducatius.xtec.cat\/apa\/wp-json\/wp\/v2\/comments?post=9736"}],"version-history":[{"count":5,"href":"https:\/\/serveiseducatius.xtec.cat\/apa\/wp-json\/wp\/v2\/posts\/9736\/revisions"}],"predecessor-version":[{"id":9901,"href":"https:\/\/serveiseducatius.xtec.cat\/apa\/wp-json\/wp\/v2\/posts\/9736\/revisions\/9901"}],"wp:featuredmedia":[{"embeddable":true,"href":"https:\/\/serveiseducatius.xtec.cat\/apa\/wp-json\/wp\/v2\/media\/9737"}],"wp:attachment":[{"href":"https:\/\/serveiseducatius.xtec.cat\/apa\/wp-json\/wp\/v2\/media?parent=9736"}],"wp:term":[{"taxonomy":"category","embeddable":true,"href":"https:\/\/serveiseducatius.xtec.cat\/apa\/wp-json\/wp\/v2\/categories?post=9736"},{"taxonomy":"post_tag","embeddable":true,"href":"https:\/\/serveiseducatius.xtec.cat\/apa\/wp-json\/wp\/v2\/tags?post=9736"}],"curies":[{"name":"wp","href":"https:\/\/api.w.org\/{rel}","templated":true}]}}