{"id":9632,"date":"2025-03-31T09:26:30","date_gmt":"2025-03-31T07:26:30","guid":{"rendered":"https:\/\/serveiseducatius.xtec.cat\/apa\/?p=9632"},"modified":"2025-04-03T09:40:12","modified_gmt":"2025-04-03T07:40:12","slug":"creixem-junts-a-la-3a-fira-la-carrulla-educacio-0-6-i-innovacio-pedagogica-inscripcions-fins-al-25-dabril","status":"publish","type":"post","link":"https:\/\/serveiseducatius.xtec.cat\/apa\/general\/creixem-junts-a-la-3a-fira-la-carrulla-educacio-0-6-i-innovacio-pedagogica-inscripcions-fins-al-25-dabril\/","title":{"rendered":"Creixem junts a la 3a Fira la Carrulla \u2013 Educaci\u00f3 0-6 i innovaci\u00f3 pedag\u00f2gica (inscripcions fins al 25 d\u2019abril!)"},"content":{"rendered":"<p>La Fira Carrulla \u00e9s la fira itinerant de la petita inf\u00e0ncia de l&#8217;Alt Pirineu i Aran. La Fira \u00e9s un esdeveniment sense \u00e0nim de lucre que pret\u00e9n visibilitzar i recon\u00e8ixer la petita inf\u00e0ncia de 0-6 anys oferint diferents activitats l\u00fadiques, formatives i informatives a fam\u00edlies, infants, docents i persones interessades en el sector de l&#8217;educaci\u00f3 de 0-6.<\/p>\n<p>Durant la fira tindran lloc pon\u00e8ncies entorn de l&#8217;educaci\u00f3 0-6 a c\u00e0rrec de Joan Tur\u00fa (https:\/\/www.joanturu.cat\/), Jenny Silvente (https:\/\/verpensarsentir.com\/) i Laia Domingo (@canviantmirades). Tamb\u00e9 hi haur\u00e0 una taula rodona de debat pedag\u00f2gic.<br \/>\nParal\u00b7lelament, s&#8217;ofereixen espais educatius, tallers per a infants, fireta de productes de proximitat i un espectacle final. T\u00edtol proposat: Innovaci\u00f3 i educaci\u00f3 a la 3a Fira la Carrulla \u2013 Inscriu-t&#8217;hi abans del 25 d\u2019abril!&#8221;<\/p>\n<p>A m\u00e9s a m\u00e9s, hi haur\u00e0 un espai destinat a compartir experi\u00e8ncies educatives 0-6 anys de totes les escoles i llars d&#8217;infants del territori. En aquest sentit, us convidem a participar en l&#8217;intercanvi d&#8217;experi\u00e8ncies. La participaci\u00f3 \u00e9s molt senzilla, cal que empleneu aquest formulari i nosaltres crearem els cartells amb la informaci\u00f3 que ens proporcioneu sobre una de les bones pr\u00e0ctiques que ja es porten a terme al vostre centre. Els centres que comparteixin una experi\u00e8ncia educativa obtindran un reconeixement en material pedag\u00f2gic a escollir. Us animem a participar-hi!<\/p>\n<p>Hi ha temps fins al 25 d&#8217;abril per presentar les experi\u00e8ncies.<\/p>\n<p><a href=\"https:\/\/serveiseducatius.xtec.cat\/apa\/wp-content\/uploads\/usu2951\/2025\/03\/Cartell-3a-ed.-Fira-La-Carrulla.png\"><img loading=\"lazy\" decoding=\"async\" class=\"alignnone wp-image-9307\" src=\"https:\/\/serveiseducatius.xtec.cat\/apa\/wp-content\/uploads\/usu2951\/2025\/03\/Cartell-3a-ed.-Fira-La-Carrulla-724x1024.png\" alt=\"\" width=\"256\" height=\"362\" srcset=\"https:\/\/serveiseducatius.xtec.cat\/apa\/wp-content\/uploads\/usu2951\/2025\/03\/Cartell-3a-ed.-Fira-La-Carrulla-724x1024.png 724w, https:\/\/serveiseducatius.xtec.cat\/apa\/wp-content\/uploads\/usu2951\/2025\/03\/Cartell-3a-ed.-Fira-La-Carrulla-212x300.png 212w, https:\/\/serveiseducatius.xtec.cat\/apa\/wp-content\/uploads\/usu2951\/2025\/03\/Cartell-3a-ed.-Fira-La-Carrulla-768x1086.png 768w, https:\/\/serveiseducatius.xtec.cat\/apa\/wp-content\/uploads\/usu2951\/2025\/03\/Cartell-3a-ed.-Fira-La-Carrulla.png 1024w\" sizes=\"auto, (max-width: 256px) 100vw, 256px\" \/><\/a><\/p>\n","protected":false},"excerpt":{"rendered":"<p>.&hellip;  <a href=\"https:\/\/serveiseducatius.xtec.cat\/apa\/general\/creixem-junts-a-la-3a-fira-la-carrulla-educacio-0-6-i-innovacio-pedagogica-inscripcions-fins-al-25-dabril\/\" title=\"Read Creixem junts a la 3a Fira la Carrulla \u2013 Educaci\u00f3 0-6 i innovaci\u00f3 pedag\u00f2gica (inscripcions fins al 25 d\u2019abril!)\">Llegeix m\u00e9s\u00bb<\/a><\/p>\n","protected":false},"author":14,"featured_media":9307,"comment_status":"closed","ping_status":"closed","sticky":false,"template":"","format":"standard","meta":{"_bbp_topic_count":0,"_bbp_reply_count":0,"_bbp_total_topic_count":0,"_bbp_total_reply_count":0,"_bbp_voice_count":0,"_bbp_anonymous_reply_count":0,"_bbp_topic_count_hidden":0,"_bbp_reply_count_hidden":0,"_bbp_forum_subforum_count":0,"footnotes":""},"categories":[1,29],"tags":[330],"class_list":["post-9632","post","type-post","status-publish","format-standard","has-post-thumbnail","hentry","category-general","category-portada","tag-0-6-anys"],"post_mailing_queue_ids":[],"_links":{"self":[{"href":"https:\/\/serveiseducatius.xtec.cat\/apa\/wp-json\/wp\/v2\/posts\/9632","targetHints":{"allow":["GET"]}}],"collection":[{"href":"https:\/\/serveiseducatius.xtec.cat\/apa\/wp-json\/wp\/v2\/posts"}],"about":[{"href":"https:\/\/serveiseducatius.xtec.cat\/apa\/wp-json\/wp\/v2\/types\/post"}],"author":[{"embeddable":true,"href":"https:\/\/serveiseducatius.xtec.cat\/apa\/wp-json\/wp\/v2\/users\/14"}],"replies":[{"embeddable":true,"href":"https:\/\/serveiseducatius.xtec.cat\/apa\/wp-json\/wp\/v2\/comments?post=9632"}],"version-history":[{"count":2,"href":"https:\/\/serveiseducatius.xtec.cat\/apa\/wp-json\/wp\/v2\/posts\/9632\/revisions"}],"predecessor-version":[{"id":9638,"href":"https:\/\/serveiseducatius.xtec.cat\/apa\/wp-json\/wp\/v2\/posts\/9632\/revisions\/9638"}],"wp:featuredmedia":[{"embeddable":true,"href":"https:\/\/serveiseducatius.xtec.cat\/apa\/wp-json\/wp\/v2\/media\/9307"}],"wp:attachment":[{"href":"https:\/\/serveiseducatius.xtec.cat\/apa\/wp-json\/wp\/v2\/media?parent=9632"}],"wp:term":[{"taxonomy":"category","embeddable":true,"href":"https:\/\/serveiseducatius.xtec.cat\/apa\/wp-json\/wp\/v2\/categories?post=9632"},{"taxonomy":"post_tag","embeddable":true,"href":"https:\/\/serveiseducatius.xtec.cat\/apa\/wp-json\/wp\/v2\/tags?post=9632"}],"curies":[{"name":"wp","href":"https:\/\/api.w.org\/{rel}","templated":true}]}}