{"id":9501,"date":"2025-03-19T08:41:01","date_gmt":"2025-03-19T07:41:01","guid":{"rendered":"https:\/\/serveiseducatius.xtec.cat\/apa\/?p=9501"},"modified":"2025-03-19T08:46:56","modified_gmt":"2025-03-19T07:46:56","slug":"1a-jornada-fem-matematiques-sense-limits-alt-pirineu-i-aran","status":"publish","type":"post","link":"https:\/\/serveiseducatius.xtec.cat\/apa\/general\/1a-jornada-fem-matematiques-sense-limits-alt-pirineu-i-aran\/","title":{"rendered":"1a Jornada Fem matem\u00e0tiques sense l\u00edmits. Alt Pirineu i Aran"},"content":{"rendered":"<p><span style=\"font-family: verdana, sans-serif;\"><img loading=\"lazy\" decoding=\"async\" class=\"wp-image-9507 alignleft\" src=\"https:\/\/serveiseducatius.xtec.cat\/apa\/wp-content\/uploads\/usu2951\/2025\/03\/Cartell_-I-JORNADA-FEM-MATEMATIQUES-SENSE-LIMITS-1-1-1086x1536-1-724x1024.png\" alt=\"\" width=\"134\" height=\"190\" srcset=\"https:\/\/serveiseducatius.xtec.cat\/apa\/wp-content\/uploads\/usu2951\/2025\/03\/Cartell_-I-JORNADA-FEM-MATEMATIQUES-SENSE-LIMITS-1-1-1086x1536-1-724x1024.png 724w, https:\/\/serveiseducatius.xtec.cat\/apa\/wp-content\/uploads\/usu2951\/2025\/03\/Cartell_-I-JORNADA-FEM-MATEMATIQUES-SENSE-LIMITS-1-1-1086x1536-1-212x300.png 212w, https:\/\/serveiseducatius.xtec.cat\/apa\/wp-content\/uploads\/usu2951\/2025\/03\/Cartell_-I-JORNADA-FEM-MATEMATIQUES-SENSE-LIMITS-1-1-1086x1536-1-768x1086.png 768w, https:\/\/serveiseducatius.xtec.cat\/apa\/wp-content\/uploads\/usu2951\/2025\/03\/Cartell_-I-JORNADA-FEM-MATEMATIQUES-SENSE-LIMITS-1-1-1086x1536-1.png 1086w\" sizes=\"auto, (max-width: 134px) 100vw, 134px\" \/>Benvolgudes, benvolguts,<\/span><\/p>\n<div dir=\"ltr\">\n<div><span style=\"font-family: verdana, sans-serif;\">Enguany se celebrar\u00e0 la\u00a0<b>1a Jornada<i>\u00a0Fem matem\u00e0tiques sense l\u00edmits<\/i>. Alt Pirineu i Aran<\/b>, adjunt us fem arribar tota la informaci\u00f3.<\/span><\/div>\n<div>Aquesta\u00a0 jornada no nom\u00e9s representar\u00e0 una oportunitat de formaci\u00f3, sin\u00f3 tamb\u00e9 un espai de trobada i intercanvi entre professionals compromesos amb la millora de l&#8217;ensenyament de les matem\u00e0tiques.<\/div>\n<\/div>\n<div><\/div>\n<div><\/div>\n<blockquote>\n<div>\n<div><span style=\"font-family: verdana, sans-serif;\"><span style=\"font-size: xx-large;\"><img decoding=\"async\" class=\"an1\" draggable=\"false\" src=\"https:\/\/fonts.gstatic.com\/s\/e\/notoemoji\/16.0\/1f5d3_fe0f\/72.png\" alt=\"\ud83d\uddd3\ufe0f\" data-emoji=\"\ud83d\uddd3\ufe0f\" aria-label=\"\ud83d\uddd3\ufe0f\" \/>\u00a0<\/span><\/span><b>Data:\u00a0<\/b>26 d&#8217;abril de 2025<\/div>\n<\/div>\n<div>\n<div><span style=\"font-family: verdana, sans-serif;\"><span style=\"font-size: xx-large;\"><img decoding=\"async\" class=\"an1\" draggable=\"false\" src=\"https:\/\/fonts.gstatic.com\/s\/e\/notoemoji\/16.0\/1f5fa_fe0f\/72.png\" alt=\"\ud83d\uddfa\ufe0f\" data-emoji=\"\ud83d\uddfa\ufe0f\" aria-label=\"\ud83d\uddfa\ufe0f\" \/>\u00a0<\/span><b>Lloc:<\/b>\u00a0Escola \u00c0ngel Seraf\u00ed Casanovas &#8211; Sort<\/span><\/div>\n<\/div>\n<div>\n<div><span style=\"font-family: verdana, sans-serif;\"><span style=\"font-size: xx-large;\"><img decoding=\"async\" class=\"an1\" draggable=\"false\" src=\"https:\/\/fonts.gstatic.com\/s\/e\/notoemoji\/16.0\/1f393\/72.png\" alt=\"\ud83c\udf93\" data-emoji=\"\ud83c\udf93\" aria-label=\"\ud83c\udf93\" \/>\u00a0<\/span><b>Adre\u00e7at a:\u00a0<\/b>docents de tots els nivells educatius<\/span><\/div>\n<\/div>\n<div>\n<div style=\"text-align: center;\"><span style=\"font-family: verdana, sans-serif;\"><span style=\"font-size: xx-large;\"><img decoding=\"async\" class=\"an1\" draggable=\"false\" src=\"https:\/\/fonts.gstatic.com\/s\/e\/notoemoji\/16.0\/1f4dd\/72.png\" alt=\"\ud83d\udcdd\" data-emoji=\"\ud83d\udcdd\" aria-label=\"\ud83d\udcdd\" \/>\u00a0<\/span><b><a href=\"https:\/\/ja.cat\/qURMM\" target=\"_blank\" rel=\"noopener\" data-saferedirecturl=\"https:\/\/www.google.com\/url?q=https:\/\/ja.cat\/qURMM&amp;source=gmail&amp;ust=1742454386523000&amp;usg=AOvVaw2Yf9cSY36tIsW-wF9Rz1d4\">Inscripcions<\/a>\u00a0<\/b><\/span><\/div>\n<div><\/div>\n<\/div>\n<\/blockquote>\n","protected":false},"excerpt":{"rendered":"<p>Matem\u00e0tiques&hellip;  <a href=\"https:\/\/serveiseducatius.xtec.cat\/apa\/general\/1a-jornada-fem-matematiques-sense-limits-alt-pirineu-i-aran\/\" title=\"Read 1a Jornada Fem matem\u00e0tiques sense l\u00edmits. Alt Pirineu i Aran\">Llegeix m\u00e9s\u00bb<\/a><\/p>\n","protected":false},"author":1,"featured_media":9507,"comment_status":"closed","ping_status":"closed","sticky":false,"template":"","format":"standard","meta":{"_bbp_topic_count":0,"_bbp_reply_count":0,"_bbp_total_topic_count":0,"_bbp_total_reply_count":0,"_bbp_voice_count":0,"_bbp_anonymous_reply_count":0,"_bbp_topic_count_hidden":0,"_bbp_reply_count_hidden":0,"_bbp_forum_subforum_count":0,"footnotes":""},"categories":[1],"tags":[],"class_list":["post-9501","post","type-post","status-publish","format-standard","has-post-thumbnail","hentry","category-general"],"post_mailing_queue_ids":[],"_links":{"self":[{"href":"https:\/\/serveiseducatius.xtec.cat\/apa\/wp-json\/wp\/v2\/posts\/9501","targetHints":{"allow":["GET"]}}],"collection":[{"href":"https:\/\/serveiseducatius.xtec.cat\/apa\/wp-json\/wp\/v2\/posts"}],"about":[{"href":"https:\/\/serveiseducatius.xtec.cat\/apa\/wp-json\/wp\/v2\/types\/post"}],"author":[{"embeddable":true,"href":"https:\/\/serveiseducatius.xtec.cat\/apa\/wp-json\/wp\/v2\/users\/1"}],"replies":[{"embeddable":true,"href":"https:\/\/serveiseducatius.xtec.cat\/apa\/wp-json\/wp\/v2\/comments?post=9501"}],"version-history":[{"count":6,"href":"https:\/\/serveiseducatius.xtec.cat\/apa\/wp-json\/wp\/v2\/posts\/9501\/revisions"}],"predecessor-version":[{"id":9510,"href":"https:\/\/serveiseducatius.xtec.cat\/apa\/wp-json\/wp\/v2\/posts\/9501\/revisions\/9510"}],"wp:featuredmedia":[{"embeddable":true,"href":"https:\/\/serveiseducatius.xtec.cat\/apa\/wp-json\/wp\/v2\/media\/9507"}],"wp:attachment":[{"href":"https:\/\/serveiseducatius.xtec.cat\/apa\/wp-json\/wp\/v2\/media?parent=9501"}],"wp:term":[{"taxonomy":"category","embeddable":true,"href":"https:\/\/serveiseducatius.xtec.cat\/apa\/wp-json\/wp\/v2\/categories?post=9501"},{"taxonomy":"post_tag","embeddable":true,"href":"https:\/\/serveiseducatius.xtec.cat\/apa\/wp-json\/wp\/v2\/tags?post=9501"}],"curies":[{"name":"wp","href":"https:\/\/api.w.org\/{rel}","templated":true}]}}