{"id":9266,"date":"2025-03-03T12:54:30","date_gmt":"2025-03-03T11:54:30","guid":{"rendered":"https:\/\/serveiseducatius.xtec.cat\/apa\/?p=9266"},"modified":"2025-04-24T09:57:58","modified_gmt":"2025-04-24T07:57:58","slug":"la-jornada-geoxperts-reuneix-a-tremp-lalumnat-de-4t-deso-del-pirineu","status":"publish","type":"post","link":"https:\/\/serveiseducatius.xtec.cat\/apa\/general\/la-jornada-geoxperts-reuneix-a-tremp-lalumnat-de-4t-deso-del-pirineu\/","title":{"rendered":"La jornada GeoXperts reuneix a Tremp l\u2019alumnat de 4t d\u2019ESO del Pirineu"},"content":{"rendered":"<div class=\"col-md-12\">\n<div class=\"amp_capsalera\">\n<div class=\"amp_subtitol\">\n<h2><span style=\"font-size: 12pt;\">Amb la geologia com a fil conductor, els alumnes han treballat en grups per resoldre reptes a diferents empla\u00e7aments de la ciutat.<\/span><\/h2>\n<\/div>\n<div class=\"amp_autor_compartir\">\n<div class=\"row\">\n<div class=\"col-xs-12\">\n<div class=\"amp_autor\"><span class=\"amp_autor_foto_mn\"><img decoding=\"async\" class=\"img-circle\" src=\"https:\/\/pallarsdigital.sobrevia.net\/redaccio\/arxius\/autorsnoticies\/1691407676_isotip%20comarques.png\" alt=\"Pallars Digital\" \/><\/span><em><a class=\"amp_autor_item amp_autor_item_1\" href=\"https:\/\/www.pallarsdigital.cat\/noticias\/autor\/569\/pallars-digital\">Pallars Digital<\/a><\/em>Tremp |\u00a0<span class=\"\" title=\"\" data-timestamp=\"1740737220\" data-toggle=\"tooltip\" data-placement=\"bottom\" data-original-title=\"28 de febrer de 2025 a les 11:07\">28 de febrer de 2025 a les 11:07<\/span><\/div>\n<\/div>\n<\/div>\n<\/div>\n<div class=\"espai-de-xarxes\">\n<div class=\"sharethis-inline-share-buttons\"><\/div>\n<\/div>\n<\/div>\n<\/div>\n<div class=\"col-md-9 deixa-espai-si-9\">\n<div class=\"row\">\n<div class=\"col-md-12\">\n<div class=\"amp_fotografia_peu\">\n<div class=\"amp_fotografia\"><img loading=\"lazy\" decoding=\"async\" class=\"img-responsive\" src=\"https:\/\/pallarsdigital.sobrevia.net\/redaccio\/arxius\/imatges\/202502\/1200_1740736672geoxperts_tremp.jpg\" width=\"1200\" height=\"800\" \/><\/div>\n<div><\/div>\n<div class=\"amp_fotografia\" style=\"text-align: left;\"><span class=\"peuimgprincipal\">La trobada t\u00e9 com a objectiu promoure el coneixement i l&#8217;intercanvi entre alumnat de l&#8217;Alt Pirineu i Aran <span class=\"barrapeuautorimgprincipal\">\u00a0|\u00a0<\/span><\/span><span class=\"peuimgprincipal\"><span class=\"autorimgprincipal\">Institut de Tremp.<\/span><\/span><\/div>\n<div><\/div>\n<\/div>\n<div class=\"row\">\n<div class=\"col-md-9 col-md-offset-1\">\n<div class=\"amp_textnoticia\">\n<p>\u00a0 \u00a0L&#8217;<strong>Institut de Tremp<\/strong>\u00a0ha acollit aquest dijous la jornada\u00a0<strong>GeoXperts\u00a0<\/strong>amb alumnes de\u00a0<strong>4t d&#8217;ESO<\/strong>\u00a0de\u00a0<strong>biologia<\/strong>\u00a0i\u00a0<strong>geologia<\/strong> del Pirineu. A banda dels\u00a0 \u00a0 \u00a0del centre trempol\u00ed, tamb\u00e9 hi han participat nois i noies dels instituts de la <strong>Val d&#8217;Aran<\/strong>,\u00a0<strong>la Pobla de Segur<\/strong>,\u00a0<strong>Sort<\/strong>,\u00a0<strong>la Seu d&#8217;Urgell<\/strong>\u00a0i\u00a0<strong>Esterri\u00a0 \u00a0 \u00a0 \u00a0 \u00a0 \u00a0 \u00a0d&#8217;\u00c0neu<\/strong>.<\/p>\n<p>Amb la geologia com a fil conductor, l&#8217;alumnat ha treballat en grups de 12 persones per resoldre <strong>reptes<\/strong> a diferents empla\u00e7aments de la ciutat\u00a0 \u00a0 \u00a0 \u00a0de Tremp. Els objectius principals de la iniciativa s\u00f3n, per una banda, <strong>promoure el coneixement i l&#8217;intercanvi<\/strong> entre alumnat de l&#8217;Alt Pirineu i\u00a0 \u00a0 \u00a0 \u00a0Aran per crear sentiment de pertinen\u00e7a al territori. De l&#8217;altra, tamb\u00e9 vol potenciar la geologia que caracteritza la zona Pirineu i fer-ho d&#8217;una\u00a0 \u00a0 \u00a0 \u00a0 \u00a0 \u00a0 \u00a0forma amena i motivadora.<\/p>\n<div class=\"twitter-tweet twitter-tweet-rendered\">\u00a0 <iframe id=\"twitter-widget-0\" class=\"\" title=\"X Post\" src=\"https:\/\/platform.twitter.com\/embed\/Tweet.html?creatorScreenName=pallarsdigital&amp;dnt=false&amp;embedId=twitter-widget-0&amp;features=eyJ0ZndfdGltZWxpbmVfbGlzdCI6eyJidWNrZXQiOltdLCJ2ZXJzaW9uIjpudWxsfSwidGZ3X2ZvbGxvd2VyX2NvdW50X3N1bnNldCI6eyJidWNrZXQiOnRydWUsInZlcnNpb24iOm51bGx9LCJ0ZndfdHdlZXRfZWRpdF9iYWNrZW5kIjp7ImJ1Y2tldCI6Im9uIiwidmVyc2lvbiI6bnVsbH0sInRmd19yZWZzcmNfc2Vzc2lvbiI6eyJidWNrZXQiOiJvbiIsInZlcnNpb24iOm51bGx9LCJ0ZndfZm9zbnJfc29mdF9pbnRlcnZlbnRpb25zX2VuYWJsZWQiOnsiYnVja2V0Ijoib24iLCJ2ZXJzaW9uIjpudWxsfSwidGZ3X21peGVkX21lZGlhXzE1ODk3Ijp7ImJ1Y2tldCI6InRyZWF0bWVudCIsInZlcnNpb24iOm51bGx9LCJ0ZndfZXhwZXJpbWVudHNfY29va2llX2V4cGlyYXRpb24iOnsiYnVja2V0IjoxMjA5NjAwLCJ2ZXJzaW9uIjpudWxsfSwidGZ3X3Nob3dfYmlyZHdhdGNoX3Bpdm90c19lbmFibGVkIjp7ImJ1Y2tldCI6Im9uIiwidmVyc2lvbiI6bnVsbH0sInRmd19kdXBsaWNhdGVfc2NyaWJlc190b19zZXR0aW5ncyI6eyJidWNrZXQiOiJvbiIsInZlcnNpb24iOm51bGx9LCJ0ZndfdXNlX3Byb2ZpbGVfaW1hZ2Vfc2hhcGVfZW5hYmxlZCI6eyJidWNrZXQiOiJvbiIsInZlcnNpb24iOm51bGx9LCJ0ZndfdmlkZW9faGxzX2R5bmFtaWNfbWFuaWZlc3RzXzE1MDgyIjp7ImJ1Y2tldCI6InRydWVfYml0cmF0ZSIsInZlcnNpb24iOm51bGx9LCJ0ZndfbGVnYWN5X3RpbWVsaW5lX3N1bnNldCI6eyJidWNrZXQiOnRydWUsInZlcnNpb24iOm51bGx9LCJ0ZndfdHdlZXRfZWRpdF9mcm9udGVuZCI6eyJidWNrZXQiOiJvbiIsInZlcnNpb24iOm51bGx9fQ%3D%3D&amp;frame=false&amp;hideCard=false&amp;hideThread=false&amp;id=1895215762669003062&amp;lang=ca&amp;origin=https%3A%2F%2Fwww.pallarsdigital.cat%2Fsocietat%2F21157-geoxperts-reuneix-a-tremp-alumnat-4t-deso-pirineu&amp;sessionId=003408d557ebcfa35aa16f9c9dea0bc14ae1e2ba&amp;siteScreenName=pallarsdigital&amp;theme=light&amp;widgetsVersion=2615f7e52b7e0%3A1702314776716&amp;width=550px\" frameborder=\"0\" scrolling=\"no\" allowfullscreen=\"allowfullscreen\" data-tweet-id=\"1895215762669003062\" data-mce-fragment=\"1\"><\/iframe><\/div>\n<div><\/div>\n<p>&nbsp;<\/p>\n<p>Despr\u00e9s d&#8217;una primera activitat de <strong>coneixen\u00e7a<\/strong>, amb la col\u00b7laboraci\u00f3 dels alumnes de\u00a0<strong>Batxillerat\u00a0<\/strong>de l&#8217;Institut de tremp, els participants han\u00a0 \u00a0 \u00a0 \u00a0 \u00a0 pres\u00a0 part en la <strong>gimcana geol\u00f2gica<\/strong> que els ha perm\u00e8s con\u00e8ixer i posar amb valor el <strong>patrimoni geol\u00f2gic<\/strong> de la zona.<\/p>\n<p>La jornada ha finalitzat amb l&#8217;entrega de premis. El grup guanyador del <strong>viatge en globus<\/strong>\u00a0han estat els\u00a0<strong><em>Titanosaure<\/em><\/strong>, format per alumnes de\u00a0 \u00a0 \u00a0 \u00a0 l&#8217;Institut de Tremp, d&#8217;Esterri i de l&#8217;Aran, mentre que el segon guard\u00f3 ha anat a parar als <strong><em>Rudistes<\/em><\/strong>, que tamb\u00e9 estava format per joves dels tres\u00a0 \u00a0 \u00a0 instituts, juntament amb els del Joan Brudieu de la Seu d&#8217;Urgell.<\/p>\n<p>La trobada, organitzada un any m\u00e9s pel <strong>Camp d&#8217;Aprenentatge de Tremp<\/strong>, ha comptat amb la col\u00b7laboraci\u00f3 de l&#8217;<strong>IDAPA<\/strong>, que finan\u00e7a el\u00a0 \u00a0 \u00a0 \u00a0 \u00a0 \u00a0 \u00a0 \u00a0 \u00a0 transport i el premi final de la jornada, a m\u00e9s del <strong>Geoparc Or\u00edgens<\/strong>, l&#8217;<strong>ICGC<\/strong> i l&#8217;Institut de Tremp, que han participat en la creaci\u00f3 i conducci\u00f3 de\u00a0 \u00a0 \u00a0 les activitats, aix\u00ed com en la cessi\u00f3 d&#8217;alguns espais per a realitzar-les.<\/p>\n<div class=\"intext-publi\"><\/div>\n<\/div>\n<\/div>\n<\/div>\n<\/div>\n<\/div>\n<\/div>\n","protected":false},"excerpt":{"rendered":"<p>.&hellip;  <a href=\"https:\/\/serveiseducatius.xtec.cat\/apa\/general\/la-jornada-geoxperts-reuneix-a-tremp-lalumnat-de-4t-deso-del-pirineu\/\" title=\"Read La jornada GeoXperts reuneix a Tremp l\u2019alumnat de 4t d\u2019ESO del Pirineu\">Llegeix m\u00e9s\u00bb<\/a><\/p>\n","protected":false},"author":1,"featured_media":9268,"comment_status":"closed","ping_status":"closed","sticky":false,"template":"","format":"standard","meta":{"_bbp_topic_count":0,"_bbp_reply_count":0,"_bbp_total_topic_count":0,"_bbp_total_reply_count":0,"_bbp_voice_count":0,"_bbp_anonymous_reply_count":0,"_bbp_topic_count_hidden":0,"_bbp_reply_count_hidden":0,"_bbp_forum_subforum_count":0,"footnotes":""},"categories":[1,29,316],"tags":[],"class_list":["post-9266","post","type-post","status-publish","format-standard","has-post-thumbnail","hentry","category-general","category-portada","category-xarxa-descoles-interparcs-del-pirineu"],"post_mailing_queue_ids":[],"_links":{"self":[{"href":"https:\/\/serveiseducatius.xtec.cat\/apa\/wp-json\/wp\/v2\/posts\/9266","targetHints":{"allow":["GET"]}}],"collection":[{"href":"https:\/\/serveiseducatius.xtec.cat\/apa\/wp-json\/wp\/v2\/posts"}],"about":[{"href":"https:\/\/serveiseducatius.xtec.cat\/apa\/wp-json\/wp\/v2\/types\/post"}],"author":[{"embeddable":true,"href":"https:\/\/serveiseducatius.xtec.cat\/apa\/wp-json\/wp\/v2\/users\/1"}],"replies":[{"embeddable":true,"href":"https:\/\/serveiseducatius.xtec.cat\/apa\/wp-json\/wp\/v2\/comments?post=9266"}],"version-history":[{"count":6,"href":"https:\/\/serveiseducatius.xtec.cat\/apa\/wp-json\/wp\/v2\/posts\/9266\/revisions"}],"predecessor-version":[{"id":9492,"href":"https:\/\/serveiseducatius.xtec.cat\/apa\/wp-json\/wp\/v2\/posts\/9266\/revisions\/9492"}],"wp:featuredmedia":[{"embeddable":true,"href":"https:\/\/serveiseducatius.xtec.cat\/apa\/wp-json\/wp\/v2\/media\/9268"}],"wp:attachment":[{"href":"https:\/\/serveiseducatius.xtec.cat\/apa\/wp-json\/wp\/v2\/media?parent=9266"}],"wp:term":[{"taxonomy":"category","embeddable":true,"href":"https:\/\/serveiseducatius.xtec.cat\/apa\/wp-json\/wp\/v2\/categories?post=9266"},{"taxonomy":"post_tag","embeddable":true,"href":"https:\/\/serveiseducatius.xtec.cat\/apa\/wp-json\/wp\/v2\/tags?post=9266"}],"curies":[{"name":"wp","href":"https:\/\/api.w.org\/{rel}","templated":true}]}}