{"id":9217,"date":"2025-02-25T11:53:07","date_gmt":"2025-02-25T10:53:07","guid":{"rendered":"https:\/\/serveiseducatius.xtec.cat\/apa\/?p=9217"},"modified":"2025-05-12T12:35:44","modified_gmt":"2025-05-12T10:35:44","slug":"lesqui-nordic-sapropa-a-les-escoles-pirinenques-connecta-lleida-pirineus-14-02-2025","status":"publish","type":"post","link":"https:\/\/serveiseducatius.xtec.cat\/apa\/general\/lesqui-nordic-sapropa-a-les-escoles-pirinenques-connecta-lleida-pirineus-14-02-2025\/","title":{"rendered":"L\u2019esqu\u00ed n\u00f2rdic s\u2019apropa a les escoles pirinenques: Connecta Lleida Pirineus 14-02-2025"},"content":{"rendered":"<p><a href=\"https:\/\/pirineustv.cat\/lesqui-nordic-sapropa-a-les-escoles-pirinenques-connecta-lleida-pirineus-14-02-2025\"><img loading=\"lazy\" decoding=\"async\" class=\"alignleft wp-image-9219\" src=\"https:\/\/serveiseducatius.xtec.cat\/apa\/wp-content\/uploads\/usu2951\/2025\/02\/Connecta-TVPirineus-1024x499.png\" alt=\"\" width=\"402\" height=\"196\" srcset=\"https:\/\/serveiseducatius.xtec.cat\/apa\/wp-content\/uploads\/usu2951\/2025\/02\/Connecta-TVPirineus-1024x499.png 1024w, https:\/\/serveiseducatius.xtec.cat\/apa\/wp-content\/uploads\/usu2951\/2025\/02\/Connecta-TVPirineus-300x146.png 300w, https:\/\/serveiseducatius.xtec.cat\/apa\/wp-content\/uploads\/usu2951\/2025\/02\/Connecta-TVPirineus-768x374.png 768w, https:\/\/serveiseducatius.xtec.cat\/apa\/wp-content\/uploads\/usu2951\/2025\/02\/Connecta-TVPirineus.png 1202w\" sizes=\"auto, (max-width: 402px) 100vw, 402px\" \/><\/a>Un any m\u00e9s, els esports de neu entren dins l\u2019horari lectiu dels centres educatius de les comarques del Pirineu de la m\u00e0 del programa Esport Blanc Escolar. M\u00e9s 2600 alumnes de 3r i 4t de Prim\u00e0ria participen d\u2019aquesta iniciativa del Govern que busca promoure aquestes activitats i oferir als infants l\u2019oportunitat de con\u00e8ixer i aprendre en el seu entorn proper. Com a novetat d\u2019aquest any, les sessions ja van arrencar al mes desembre i continuaran fins a finals de mar\u00e7. Hem anat a veure-ho a l\u2019estaci\u00f3 cerdana d\u2019Aransa amb la pr\u00e0ctica de l\u2019esqu\u00ed n\u00f2rdic.<\/p>\n<p><a href=\"https:\/\/pirineustv.cat\/lesqui-nordic-sapropa-a-les-escoles-pirinenques-connecta-lleida-pirineus-14-02-2025\">https:\/\/pirineustv.cat\/lesqui-nordic-sapropa-a-les-escoles-pirinenques-connecta-lleida-pirineus-14-02-<\/a><\/p>\n<p>&nbsp;<\/p>\n<p>&nbsp;<\/p>\n<p>&nbsp;<\/p>\n","protected":false},"excerpt":{"rendered":"<p>.&hellip;  <a href=\"https:\/\/serveiseducatius.xtec.cat\/apa\/general\/lesqui-nordic-sapropa-a-les-escoles-pirinenques-connecta-lleida-pirineus-14-02-2025\/\" title=\"Read L\u2019esqu\u00ed n\u00f2rdic s\u2019apropa a les escoles pirinenques: Connecta Lleida Pirineus 14-02-2025\">Llegeix m\u00e9s\u00bb<\/a><\/p>\n","protected":false},"author":1,"featured_media":9218,"comment_status":"closed","ping_status":"closed","sticky":false,"template":"","format":"standard","meta":{"_bbp_topic_count":0,"_bbp_reply_count":0,"_bbp_total_topic_count":0,"_bbp_total_reply_count":0,"_bbp_voice_count":0,"_bbp_anonymous_reply_count":0,"_bbp_topic_count_hidden":0,"_bbp_reply_count_hidden":0,"_bbp_forum_subforum_count":0,"footnotes":""},"categories":[1,29,316],"tags":[],"class_list":["post-9217","post","type-post","status-publish","format-standard","has-post-thumbnail","hentry","category-general","category-portada","category-xarxa-descoles-interparcs-del-pirineu"],"post_mailing_queue_ids":[],"_links":{"self":[{"href":"https:\/\/serveiseducatius.xtec.cat\/apa\/wp-json\/wp\/v2\/posts\/9217","targetHints":{"allow":["GET"]}}],"collection":[{"href":"https:\/\/serveiseducatius.xtec.cat\/apa\/wp-json\/wp\/v2\/posts"}],"about":[{"href":"https:\/\/serveiseducatius.xtec.cat\/apa\/wp-json\/wp\/v2\/types\/post"}],"author":[{"embeddable":true,"href":"https:\/\/serveiseducatius.xtec.cat\/apa\/wp-json\/wp\/v2\/users\/1"}],"replies":[{"embeddable":true,"href":"https:\/\/serveiseducatius.xtec.cat\/apa\/wp-json\/wp\/v2\/comments?post=9217"}],"version-history":[{"count":3,"href":"https:\/\/serveiseducatius.xtec.cat\/apa\/wp-json\/wp\/v2\/posts\/9217\/revisions"}],"predecessor-version":[{"id":9982,"href":"https:\/\/serveiseducatius.xtec.cat\/apa\/wp-json\/wp\/v2\/posts\/9217\/revisions\/9982"}],"wp:featuredmedia":[{"embeddable":true,"href":"https:\/\/serveiseducatius.xtec.cat\/apa\/wp-json\/wp\/v2\/media\/9218"}],"wp:attachment":[{"href":"https:\/\/serveiseducatius.xtec.cat\/apa\/wp-json\/wp\/v2\/media?parent=9217"}],"wp:term":[{"taxonomy":"category","embeddable":true,"href":"https:\/\/serveiseducatius.xtec.cat\/apa\/wp-json\/wp\/v2\/categories?post=9217"},{"taxonomy":"post_tag","embeddable":true,"href":"https:\/\/serveiseducatius.xtec.cat\/apa\/wp-json\/wp\/v2\/tags?post=9217"}],"curies":[{"name":"wp","href":"https:\/\/api.w.org\/{rel}","templated":true}]}}