{"id":9086,"date":"2025-02-18T09:30:46","date_gmt":"2025-02-18T08:30:46","guid":{"rendered":"https:\/\/serveiseducatius.xtec.cat\/apa\/?p=9086"},"modified":"2025-03-18T14:24:50","modified_gmt":"2025-03-18T13:24:50","slug":"i-jornada-de-treball-educadors-socials-soc-i-joventut-del-st-de-lalt-pirineu-i-aran","status":"publish","type":"post","link":"https:\/\/serveiseducatius.xtec.cat\/apa\/portada\/i-jornada-de-treball-educadors-socials-soc-i-joventut-del-st-de-lalt-pirineu-i-aran\/","title":{"rendered":"I Jornada de treball educadors socials, SOC i Joventut del ST de l&#8217;Alt Pirineu i Aran"},"content":{"rendered":"<p><img loading=\"lazy\" decoding=\"async\" class=\"wp-image-9088 alignleft\" src=\"https:\/\/serveiseducatius.xtec.cat\/apa\/wp-content\/uploads\/usu2951\/2025\/02\/20250218_092237-1024x674.jpg\" alt=\"\" width=\"336\" height=\"221\" srcset=\"https:\/\/serveiseducatius.xtec.cat\/apa\/wp-content\/uploads\/usu2951\/2025\/02\/20250218_092237-1024x674.jpg 1024w, https:\/\/serveiseducatius.xtec.cat\/apa\/wp-content\/uploads\/usu2951\/2025\/02\/20250218_092237-300x198.jpg 300w, https:\/\/serveiseducatius.xtec.cat\/apa\/wp-content\/uploads\/usu2951\/2025\/02\/20250218_092237-768x506.jpg 768w, https:\/\/serveiseducatius.xtec.cat\/apa\/wp-content\/uploads\/usu2951\/2025\/02\/20250218_092237-1536x1012.jpg 1536w, https:\/\/serveiseducatius.xtec.cat\/apa\/wp-content\/uploads\/usu2951\/2025\/02\/20250218_092237-2048x1349.jpg 2048w\" sizes=\"auto, (max-width: 336px) 100vw, 336px\" \/>El passat dilluns 17 de febrer va tenir lloc la <strong>Primera Jornada Territorial entre educadors socials per a l&#8217;abordatge de l&#8217;abandonament escolar prematur, referents d&#8217;emancipaci\u00f3 i inclusi\u00f3 juvenils i suport a l&#8217;ocupaci\u00f3 juvenil del ST de l&#8217;Alt Pirineu i Aran.<\/strong><\/p>\n<p>Hi participen<span style=\"font-family: inherit; font-size: 1em;\"> t\u00e8cniques\/s comarcals, municipals, SOJ, REIJ i t\u00e8cniques de Treball de les OJ i les noves figures d&#8217;educadores socials del Departament d&#8217;Educaci\u00f3, amb l&#8217;enc\u00e0rrec de treballar contra l&#8217;abandonament escolar prematur.<\/span><\/p>\n<div dir=\"ltr\">\n<p><strong>Programa de la trobada:<\/strong><\/p>\n<p>11.00\u2002\u2002\u2002\u2002\u2002\u2002\u2002Presentaci\u00f3 dels assistents, benvinguda, i dels diferents serveis<br \/>\n11:20\u2002\u2002\u2002\u2002\u2002\u2002\u2002Din\u00e0mica de treball per grups de territori per fer xarxa<br \/>\n12:20\u2002\u2002\u2002\u2002\u2002\u2002\u2002Presentaci\u00f3 de les conclusions del grup de treball<br \/>\n13.00\u2002\u2002\u2002\u2002\u2002\u2002\u2002Fi de la trobada<\/p>\n<p>L&#8217;objectiu de la trobada \u00e9s facilitar un espai de coneixement i relaci\u00f3 entre les diferents professionals. La trobada \u00e9s oberta a t\u00e8cnics\/ques dels serveis comarcals dels municipis que tenen centre educatiu de secund\u00e0ria.<\/p>\n<p>L\u00ednies de treball que es plantegen dur a terme.<\/p>\n<p>Xarxa d&#8217;inspiraci\u00f3 d&#8217;idees i actuacions.<\/p>\n<table style=\"border-collapse: collapse; width: 100%; height: 233px;\">\n<tbody>\n<tr>\n<td style=\"width: 10.2156%; text-align: center;\" colspan=\"4\"><span style=\"font-size: 18pt;\"><strong><span class=\"NormalTextRun SCXW1443133 BCX0\">Quadre de professionals<\/span><\/strong><\/span><\/td>\n<\/tr>\n<tr style=\"height: 41px;\">\n<td style=\"width: 10.2156%; height: 41px;\"><\/td>\n<td style=\"width: 15.1907%; height: 41px; text-align: center;\"><span class=\"NormalTextRun SCXW1443133 BCX0\">Educadores socials per a l\u2019abandonament escolar (<\/span><span class=\"NormalTextRun SpellingErrorV2Themed SCXW1443133 BCX0\">Dep<\/span><span class=\"NormalTextRun SCXW1443133 BCX0\">. Educaci\u00f3 i FP)<\/span><\/td>\n<td style=\"width: 25.9824%; height: 41px; text-align: center;\">Joventut (serveis comarcals i municipals)<\/td>\n<td style=\"width: 28.6113%; height: 41px; text-align: center;\">Suport a l&#8217;Ocupaci\u00f3 Juvenil (finan\u00e7at pel SOC, ubicats a les OJ<\/td>\n<\/tr>\n<tr style=\"height: 32px;\">\n<td style=\"width: 10.2156%; height: 32px;\">Alta Ribagor\u00e7a<\/td>\n<td style=\"width: 15.1907%; height: 32px;\">Laura Roca<\/td>\n<td style=\"width: 25.9824%; height: 32px;\">\n<div>Anna Saura (t\u00e8cnica comarcal)<\/div>\n<div>Mar Codina \/ Isabel Santos (t. compartides)<\/div>\n<\/td>\n<td style=\"width: 28.6113%; height: 32px;\"><b>L\u00edber Donate<\/b><\/td>\n<\/tr>\n<tr style=\"height: 32px;\">\n<td style=\"width: 10.2156%; height: 32px;\">La Vall d&#8217;Aran<\/td>\n<td style=\"width: 15.1907%; height: 32px;\"><\/td>\n<td style=\"width: 25.9824%; height: 32px;\">\n<div>Vanessa Cuni (t\u00e8cnica comarcal)<\/div>\n<div>Estefania Revilla (t. compartida)<\/div>\n<\/td>\n<td style=\"width: 28.6113%; height: 32px;\"><b>&#8211;<\/b><\/td>\n<\/tr>\n<tr style=\"height: 32px;\">\n<td style=\"width: 10.2156%; height: 32px;\">Pallars Sobir\u00e0<\/td>\n<td style=\"width: 15.1907%; height: 32px;\"><\/td>\n<td style=\"width: 25.9824%; height: 32px;\">\n<div><b>Jennifer Hermoso<\/b>\u00a0(t\u00e8cnica comarcal)<\/div>\n<div>Pau Farr\u00e9 (t. compartit)<\/div>\n<\/td>\n<td style=\"width: 28.6113%; height: 32px;\"><b>N\u00faria Serra<\/b><\/td>\n<\/tr>\n<tr style=\"height: 32px;\">\n<td style=\"width: 10.2156%; height: 32px;\">Pallars Juss\u00e0<\/td>\n<td style=\"width: 15.1907%; height: 32px;\"><\/td>\n<td style=\"width: 25.9824%; height: 32px;\">\n<div>Carme Farr\u00e9 (t\u00e8cnica comarcal)<\/div>\n<div><b>Seraf\u00ed Cadena<\/b>\u00a0(t\u00e8cnic compartit)<\/div>\n<div><b>Joan Purr\u00e0<\/b>\u00a0(REIJ)<\/div>\n<\/td>\n<td style=\"width: 28.6113%; height: 32px;\"><b>N\u00faria Seg\u00fa<\/b><\/td>\n<\/tr>\n<tr style=\"height: 32px;\">\n<td style=\"width: 10.2156%; height: 32px;\">Alt Urgell<\/td>\n<td style=\"width: 15.1907%; height: 32px;\">Mariona Leiva<\/td>\n<td style=\"width: 25.9824%; height: 32px;\">\n<div><b>\u00cdngrid Colilles<\/b>\u00a0(t\u00e8cnica comarcal)<\/div>\n<div>Anna Montraveta \/ Berta Ribas (t. compartides)<\/div>\n<div>Anna Aix\u00e0s (t\u00e8cnica de treball del Pirineu)<\/div>\n<\/td>\n<td style=\"width: 28.6113%; height: 32px;\">Mun Rey<\/td>\n<\/tr>\n<\/tbody>\n<\/table>\n<p>Reconnect-ES: Joves de 16 a 24 anys.<\/p>\n<div><\/div>\n<\/div>\n<div>La Jornada va estar dinamitzada per V\u00edctor Sal\u00f3 Jov\u00e9, Coordinaci\u00f3 Territorial de Joventut a Lleida,\u00a0 Alt\u00a0 Pirineu i Aran i Txus Marv\u00e0, directora SOC<\/div>\n<div><\/div>\n<div>ST Lleida_Pirineu.<\/div>\n<div><\/div>\n<div><\/div>\n<p><a href=\"https:\/\/serveiseducatius.xtec.cat\/apa\/wp-content\/uploads\/usu2951\/2025\/02\/Captura1.png\"><img loading=\"lazy\" decoding=\"async\" class=\"wp-image-9087 aligncenter\" src=\"https:\/\/serveiseducatius.xtec.cat\/apa\/wp-content\/uploads\/usu2951\/2025\/02\/Captura1-1024x600.png\" alt=\"\" width=\"341\" height=\"200\" srcset=\"https:\/\/serveiseducatius.xtec.cat\/apa\/wp-content\/uploads\/usu2951\/2025\/02\/Captura1-1024x600.png 1024w, https:\/\/serveiseducatius.xtec.cat\/apa\/wp-content\/uploads\/usu2951\/2025\/02\/Captura1-300x176.png 300w, https:\/\/serveiseducatius.xtec.cat\/apa\/wp-content\/uploads\/usu2951\/2025\/02\/Captura1-768x450.png 768w, https:\/\/serveiseducatius.xtec.cat\/apa\/wp-content\/uploads\/usu2951\/2025\/02\/Captura1.png 1252w\" sizes=\"auto, (max-width: 341px) 100vw, 341px\" \/><\/a><\/p>\n<p align=\"center\"><iframe loading=\"lazy\" src=\"https:\/\/drive.google.com\/file\/d\/19BHFq-70OEQaW4d4u3aVfQ2Q6yU5Iwc7\/preview\" width=\"800\" height=\"600\"><span data-mce-type=\"bookmark\" style=\"display: inline-block; width: 0px; overflow: hidden; line-height: 0;\" class=\"mce_SELRES_start\">\ufeff<\/span><\/iframe><\/p>\n","protected":false},"excerpt":{"rendered":"<p>.&hellip;  <a href=\"https:\/\/serveiseducatius.xtec.cat\/apa\/portada\/i-jornada-de-treball-educadors-socials-soc-i-joventut-del-st-de-lalt-pirineu-i-aran\/\" title=\"Read I Jornada de treball educadors socials, SOC i Joventut del ST de l&#8217;Alt Pirineu i Aran\">Llegeix m\u00e9s\u00bb<\/a><\/p>\n","protected":false},"author":1,"featured_media":9088,"comment_status":"closed","ping_status":"closed","sticky":false,"template":"","format":"standard","meta":{"_bbp_topic_count":0,"_bbp_reply_count":0,"_bbp_total_topic_count":0,"_bbp_total_reply_count":0,"_bbp_voice_count":0,"_bbp_anonymous_reply_count":0,"_bbp_topic_count_hidden":0,"_bbp_reply_count_hidden":0,"_bbp_forum_subforum_count":0,"footnotes":""},"categories":[29],"tags":[315],"class_list":["post-9086","post","type-post","status-publish","format-standard","has-post-thumbnail","hentry","category-portada","tag-inclusiva"],"post_mailing_queue_ids":[],"_links":{"self":[{"href":"https:\/\/serveiseducatius.xtec.cat\/apa\/wp-json\/wp\/v2\/posts\/9086","targetHints":{"allow":["GET"]}}],"collection":[{"href":"https:\/\/serveiseducatius.xtec.cat\/apa\/wp-json\/wp\/v2\/posts"}],"about":[{"href":"https:\/\/serveiseducatius.xtec.cat\/apa\/wp-json\/wp\/v2\/types\/post"}],"author":[{"embeddable":true,"href":"https:\/\/serveiseducatius.xtec.cat\/apa\/wp-json\/wp\/v2\/users\/1"}],"replies":[{"embeddable":true,"href":"https:\/\/serveiseducatius.xtec.cat\/apa\/wp-json\/wp\/v2\/comments?post=9086"}],"version-history":[{"count":7,"href":"https:\/\/serveiseducatius.xtec.cat\/apa\/wp-json\/wp\/v2\/posts\/9086\/revisions"}],"predecessor-version":[{"id":9488,"href":"https:\/\/serveiseducatius.xtec.cat\/apa\/wp-json\/wp\/v2\/posts\/9086\/revisions\/9488"}],"wp:featuredmedia":[{"embeddable":true,"href":"https:\/\/serveiseducatius.xtec.cat\/apa\/wp-json\/wp\/v2\/media\/9088"}],"wp:attachment":[{"href":"https:\/\/serveiseducatius.xtec.cat\/apa\/wp-json\/wp\/v2\/media?parent=9086"}],"wp:term":[{"taxonomy":"category","embeddable":true,"href":"https:\/\/serveiseducatius.xtec.cat\/apa\/wp-json\/wp\/v2\/categories?post=9086"},{"taxonomy":"post_tag","embeddable":true,"href":"https:\/\/serveiseducatius.xtec.cat\/apa\/wp-json\/wp\/v2\/tags?post=9086"}],"curies":[{"name":"wp","href":"https:\/\/api.w.org\/{rel}","templated":true}]}}