{"id":8936,"date":"2023-09-04T11:09:52","date_gmt":"2023-09-04T09:09:52","guid":{"rendered":"https:\/\/serveiseducatius.xtec.cat\/apa\/?p=8936"},"modified":"2025-03-04T13:28:59","modified_gmt":"2025-03-04T12:28:59","slug":"educacio-nomena-ramon-jordana-com-a-nou-director-dels-serveis-territorials-de-lalt-pirineu-i-aran","status":"publish","type":"post","link":"https:\/\/serveiseducatius.xtec.cat\/apa\/portada\/educacio-nomena-ramon-jordana-com-a-nou-director-dels-serveis-territorials-de-lalt-pirineu-i-aran\/","title":{"rendered":"Educaci\u00f3 nomena Ramon Jordana com a nou director dels Serveis Territorials de l\u2019Alt Pirineu i Aran"},"content":{"rendered":"<p>&nbsp;<\/p>\n<p><a href=\"https:\/\/serveiseducatius.xtec.cat\/apa\/wp-content\/uploads\/usu2951\/2024\/11\/Ramon.png\"><img loading=\"lazy\" decoding=\"async\" class=\"wp-image-8937 alignleft\" src=\"https:\/\/serveiseducatius.xtec.cat\/apa\/wp-content\/uploads\/usu2951\/2024\/11\/Ramon.png\" alt=\"\" width=\"248\" height=\"245\" srcset=\"https:\/\/serveiseducatius.xtec.cat\/apa\/wp-content\/uploads\/usu2951\/2024\/11\/Ramon.png 678w, https:\/\/serveiseducatius.xtec.cat\/apa\/wp-content\/uploads\/usu2951\/2024\/11\/Ramon-300x296.png 300w\" sizes=\"auto, (max-width: 248px) 100vw, 248px\" \/><\/a>El Departament d\u2019Educaci\u00f3 ha nomenat avui <strong>Ramon Jordana<\/strong>\u00a0com a director dels Serveis Territorials de l\u2019Alt Pirineu i Aran. El passat 29 de mar\u00e7, amb l\u2019aprovaci\u00f3 del Decret de reestructuraci\u00f3 del Departament d&#8217;Educaci\u00f3, es van crear els Serveis Territorials de l\u2019Alt Pirineu i Aran.<\/p>\n<p>Actualment, l\u2019Alt Pirineu i l\u2019Aran formen part dels Serveis Territorials de Lleida i Girona. D\u2019aquesta manera, es vol dotar de proximitat de l\u2019administraci\u00f3 eductiva a la vegueria pirinenca .En total s\u00f3n 12 les delegacions territorials arreu de Catalunya amb les noves incorporacions.<\/p>\n<p>El perfil<\/p>\n<p><strong>Ramon Jordana<\/strong>, nascut a Astell, municipi de la Torre de Cabdella al 1956, \u00e9s titulat en Geografia i Hist\u00f2ria. L\u2019any 1981 va iniciar la seva carrera en l\u2019\u00e0mbit educatiu i al 1994 es va incorporar al cos de professors de secund\u00e0ria, on ha desenvolupat diferents tasques en centres de La Pobla de Segur. Ha estat director de l\u2019Institut de La Pobla de Segur del 2008 al 2020 i de l\u2019Institut Centre d&#8217;Esports de Muntanya del Pallars, del 2020 fins a l\u2019actualitat.<\/p>\n","protected":false},"excerpt":{"rendered":"<p>&nbsp;<br \/>\n<a href=\"https:\/\/serveiseducatius.xtec.cat\/apa\/wp-content\/uploads\/usu2951\/2024\/11\/Ramon.png\"><\/a>El Departament d\u2019Educaci\u00f3 ha nomenat avui Ramon Jordana\u00a0com a director dels Serveis Territorials de l\u2019Alt Pirineu i Aran. El passat 29 de mar\u00e7, amb l\u2019aprovaci\u00f3 del Decret de reestructuraci\u00f3 del Departament d&#8217;Educaci\u00f3, es van crear els Serveis Territorials de l\u2019Alt Pirineu i Aran.<br \/>\nActualment, l\u2019Alt&hellip;  <a href=\"https:\/\/serveiseducatius.xtec.cat\/apa\/portada\/educacio-nomena-ramon-jordana-com-a-nou-director-dels-serveis-territorials-de-lalt-pirineu-i-aran\/\" title=\"Read Educaci\u00f3 nomena Ramon Jordana com a nou director dels Serveis Territorials de l\u2019Alt Pirineu i Aran\">Llegeix m\u00e9s\u00bb<\/a><\/p>\n","protected":false},"author":1,"featured_media":8937,"comment_status":"closed","ping_status":"closed","sticky":false,"template":"","format":"standard","meta":{"_bbp_topic_count":0,"_bbp_reply_count":0,"_bbp_total_topic_count":0,"_bbp_total_reply_count":0,"_bbp_voice_count":0,"_bbp_anonymous_reply_count":0,"_bbp_topic_count_hidden":0,"_bbp_reply_count_hidden":0,"_bbp_forum_subforum_count":0,"footnotes":""},"categories":[29],"tags":[],"class_list":["post-8936","post","type-post","status-publish","format-standard","has-post-thumbnail","hentry","category-portada"],"post_mailing_queue_ids":[],"_links":{"self":[{"href":"https:\/\/serveiseducatius.xtec.cat\/apa\/wp-json\/wp\/v2\/posts\/8936","targetHints":{"allow":["GET"]}}],"collection":[{"href":"https:\/\/serveiseducatius.xtec.cat\/apa\/wp-json\/wp\/v2\/posts"}],"about":[{"href":"https:\/\/serveiseducatius.xtec.cat\/apa\/wp-json\/wp\/v2\/types\/post"}],"author":[{"embeddable":true,"href":"https:\/\/serveiseducatius.xtec.cat\/apa\/wp-json\/wp\/v2\/users\/1"}],"replies":[{"embeddable":true,"href":"https:\/\/serveiseducatius.xtec.cat\/apa\/wp-json\/wp\/v2\/comments?post=8936"}],"version-history":[{"count":2,"href":"https:\/\/serveiseducatius.xtec.cat\/apa\/wp-json\/wp\/v2\/posts\/8936\/revisions"}],"predecessor-version":[{"id":9275,"href":"https:\/\/serveiseducatius.xtec.cat\/apa\/wp-json\/wp\/v2\/posts\/8936\/revisions\/9275"}],"wp:featuredmedia":[{"embeddable":true,"href":"https:\/\/serveiseducatius.xtec.cat\/apa\/wp-json\/wp\/v2\/media\/8937"}],"wp:attachment":[{"href":"https:\/\/serveiseducatius.xtec.cat\/apa\/wp-json\/wp\/v2\/media?parent=8936"}],"wp:term":[{"taxonomy":"category","embeddable":true,"href":"https:\/\/serveiseducatius.xtec.cat\/apa\/wp-json\/wp\/v2\/categories?post=8936"},{"taxonomy":"post_tag","embeddable":true,"href":"https:\/\/serveiseducatius.xtec.cat\/apa\/wp-json\/wp\/v2\/tags?post=8936"}],"curies":[{"name":"wp","href":"https:\/\/api.w.org\/{rel}","templated":true}]}}