{"id":8928,"date":"2024-10-29T13:35:55","date_gmt":"2024-10-29T12:35:55","guid":{"rendered":"https:\/\/serveiseducatius.xtec.cat\/apa\/?p=8928"},"modified":"2025-02-20T07:35:59","modified_gmt":"2025-02-20T06:35:59","slug":"4-ponencies-dels-serveis-educatius-de-lalt-pirineu-i-aran-al-ii-congres-internacional-de-la-societat-catalana-de-pedagogia","status":"publish","type":"post","link":"https:\/\/serveiseducatius.xtec.cat\/apa\/portada\/4-ponencies-dels-serveis-educatius-de-lalt-pirineu-i-aran-al-ii-congres-internacional-de-la-societat-catalana-de-pedagogia\/","title":{"rendered":"4 pon\u00e8ncies dels Serveis Educatius de l&#8217;Alt Pirineu i Aran al II Congr\u00e9s Internacional de la Societat Catalana de Pedagogia"},"content":{"rendered":"<p>Els propers 28, 29 i 30 de novembre tindr\u00e0 lloc entre La Seu d&#8217;Urgell i Andorra el II Congr\u00e9s Internacional de la Societat Catalana de Pedagogia. En aquest espai organitzat per l&#8217;Institut d&#8217;Estudis Catalans, i que compta amb la col\u00b7laboraci\u00f3 del Departament d&#8217;Educaci\u00f3 i Formaci\u00f3 Professional, t\u00e9 la clara intenci\u00f3 de recollir les experi\u00e8ncies i la recerca dels professionals de l\u2019educaci\u00f3 als diferents nivells educatius, des de les etapes escolars m\u00e9s primerenques fins a la universitat, aix\u00ed com l\u2019experi\u00e8ncia de tots els educadors dels entorns educatius formals i no formals.<\/p>\n<p>D&#8217;aquesta manera, un cop finalitzat el per\u00edode de presentaci\u00f3 de les sol\u00b7licituds per poder-hi fer comunicacions, fins a 4 experi\u00e8ncies en l&#8217;\u00e0mbit educatiu de l&#8217;Alt Pirineu i Aran hi seran explicades.<\/p>\n<table style=\"border-collapse: collapse; width: 100%; height: 192px;\">\n<tbody>\n<tr style=\"height: 32px;\">\n<td style=\"width: 25%; height: 32px;\"><strong>Ponent<\/strong><\/td>\n<td style=\"width: 27.6515%; height: 32px;\"><strong>T\u00edtol pon\u00e8ncia<\/strong><\/td>\n<td style=\"width: 26.1364%; height: 32px;\"><strong>Unitat Servei Educatiu<\/strong><\/td>\n<td style=\"width: 21.2121%; height: 32px;\"><strong>Ubicaci\u00f3<\/strong><\/td>\n<\/tr>\n<tr style=\"height: 48px;\">\n<td style=\"width: 25%; height: 48px;\"><b><i>Marta Naharro i Via, Neus Bardina Simorra, Estel Forcada Masoliver, Cristina Cereza Aubets<\/i><\/b><\/td>\n<td style=\"width: 27.6515%; height: 48px;\"><i><span style=\"font-weight: 400;\">\u201c\u00das de la cadira Jo\u00ebllete com a experi\u00e8ncia d\u2019inclusi\u00f3 als Camps d\u2019Aprenentatge\u201d<\/span><\/i><\/td>\n<td style=\"width: 26.1364%; height: 48px;\"><i><span style=\"font-weight: 400;\">Camp d&#8217;Aprenentatge de les Valls d&#8217;\u00c0neu (Esterri d\u2019\u00c0neu)<\/span><\/i><\/td>\n<td style=\"width: 21.2121%; height: 48px;\">Panell de comunicacions 4<\/td>\n<\/tr>\n<tr style=\"height: 48px;\">\n<td style=\"width: 25%; height: 48px;\"><b><i>Anna Quintana Ausi\u00f3, \u00a0 Anna Juanmart\u00ed Lamora, N\u00faria Homs Corbera.<\/i><\/b><\/td>\n<td style=\"width: 27.6515%; height: 48px;\"><i><span style=\"font-weight: 400;\">\u201cGeoXperts del Pirineu\u201d<\/span><\/i><\/td>\n<td style=\"width: 26.1364%; height: 48px;\"><i><span style=\"font-weight: 400;\">CdA de Tremp (Camp d&#8217;Aprenentatge de Tremp)<\/span><\/i><\/td>\n<td style=\"width: 21.2121%; height: 48px;\"><span style=\"font-family: inherit; font-size: 1em;\">Panell de comunicacions 6<\/span><\/td>\n<\/tr>\n<tr style=\"height: 48px;\">\n<td style=\"width: 25%; height: 48px;\"><b><i>Pol Oliva Sol\u00e9<\/i><\/b><\/td>\n<td style=\"width: 27.6515%; height: 48px;\"><i><span style=\"font-weight: 400;\">\u201cImpacte dels projectes de Capacitaci\u00f3 Digital a les zones de muntanya. Estrat\u00e8gies i resultats.\u201d<\/span><\/i><\/td>\n<td style=\"width: 26.1364%; height: 48px;\"><i><span style=\"font-weight: 400;\">Serveis Territorials de l&#8217;Alt Pirineu i Aran. Departament d&#8217;Educaci\u00f3<\/span><\/i><\/td>\n<td style=\"width: 21.2121%; height: 48px;\">Panell de comunicacions 8<\/td>\n<\/tr>\n<tr style=\"height: 32px;\">\n<td style=\"width: 25%; height: 32px;\"><em><strong>Vict\u00f2ria Xifr\u00e9 Arroyo, <\/strong><\/em><strong>Anna Alins, Mari Obiols<\/strong><\/td>\n<td style=\"width: 27.6515%; height: 32px;\"><em>Fira Carrulla: <\/em><em>per a la petita inf\u00e0ncia 0-6<\/em><\/td>\n<td style=\"width: 26.1364%; height: 32px;\"><em>Serveis Educatius dels Pallars, Alta Ribagor\u00e7a i Vall d&#8217;Aran<\/em><\/td>\n<td style=\"width: 21.2121%; height: 32px;\">Comunicaci\u00f3 en panell<\/td>\n<\/tr>\n<\/tbody>\n<\/table>\n","protected":false},"excerpt":{"rendered":"<p>.&hellip;  <a href=\"https:\/\/serveiseducatius.xtec.cat\/apa\/portada\/4-ponencies-dels-serveis-educatius-de-lalt-pirineu-i-aran-al-ii-congres-internacional-de-la-societat-catalana-de-pedagogia\/\" title=\"Read 4 pon\u00e8ncies dels Serveis Educatius de l&#8217;Alt Pirineu i Aran al II Congr\u00e9s Internacional de la Societat Catalana de Pedagogia\">Llegeix m\u00e9s\u00bb<\/a><\/p>\n","protected":false},"author":11,"featured_media":8929,"comment_status":"closed","ping_status":"closed","sticky":false,"template":"","format":"standard","meta":{"_bbp_topic_count":0,"_bbp_reply_count":0,"_bbp_total_topic_count":0,"_bbp_total_reply_count":0,"_bbp_voice_count":0,"_bbp_anonymous_reply_count":0,"_bbp_topic_count_hidden":0,"_bbp_reply_count_hidden":0,"_bbp_forum_subforum_count":0,"footnotes":""},"categories":[29],"tags":[],"class_list":["post-8928","post","type-post","status-publish","format-standard","has-post-thumbnail","hentry","category-portada"],"post_mailing_queue_ids":[],"_links":{"self":[{"href":"https:\/\/serveiseducatius.xtec.cat\/apa\/wp-json\/wp\/v2\/posts\/8928","targetHints":{"allow":["GET"]}}],"collection":[{"href":"https:\/\/serveiseducatius.xtec.cat\/apa\/wp-json\/wp\/v2\/posts"}],"about":[{"href":"https:\/\/serveiseducatius.xtec.cat\/apa\/wp-json\/wp\/v2\/types\/post"}],"author":[{"embeddable":true,"href":"https:\/\/serveiseducatius.xtec.cat\/apa\/wp-json\/wp\/v2\/users\/11"}],"replies":[{"embeddable":true,"href":"https:\/\/serveiseducatius.xtec.cat\/apa\/wp-json\/wp\/v2\/comments?post=8928"}],"version-history":[{"count":6,"href":"https:\/\/serveiseducatius.xtec.cat\/apa\/wp-json\/wp\/v2\/posts\/8928\/revisions"}],"predecessor-version":[{"id":9124,"href":"https:\/\/serveiseducatius.xtec.cat\/apa\/wp-json\/wp\/v2\/posts\/8928\/revisions\/9124"}],"wp:featuredmedia":[{"embeddable":true,"href":"https:\/\/serveiseducatius.xtec.cat\/apa\/wp-json\/wp\/v2\/media\/8929"}],"wp:attachment":[{"href":"https:\/\/serveiseducatius.xtec.cat\/apa\/wp-json\/wp\/v2\/media?parent=8928"}],"wp:term":[{"taxonomy":"category","embeddable":true,"href":"https:\/\/serveiseducatius.xtec.cat\/apa\/wp-json\/wp\/v2\/categories?post=8928"},{"taxonomy":"post_tag","embeddable":true,"href":"https:\/\/serveiseducatius.xtec.cat\/apa\/wp-json\/wp\/v2\/tags?post=8928"}],"curies":[{"name":"wp","href":"https:\/\/api.w.org\/{rel}","templated":true}]}}