{"id":8882,"date":"2024-09-25T10:36:53","date_gmt":"2024-09-25T08:36:53","guid":{"rendered":"https:\/\/serveiseducatius.xtec.cat\/apa\/?p=8882"},"modified":"2024-11-04T09:35:17","modified_gmt":"2024-11-04T08:35:17","slug":"acord-de-collaboracio-entre-els-parcs-naturals-del-pirineu-i-el-st-de-lalt-pirineu-aran","status":"publish","type":"post","link":"https:\/\/serveiseducatius.xtec.cat\/apa\/portada\/acord-de-collaboracio-entre-els-parcs-naturals-del-pirineu-i-el-st-de-lalt-pirineu-aran\/","title":{"rendered":"Acord de col\u00b7laboraci\u00f3 entre els parcs naturals del Pirineu i el ST de l&#8217;Alt Pirineu Aran"},"content":{"rendered":"<p>El passat mes de juny va tenir lloc al CRP de Sort la reuni\u00f3 per establir un acord de col\u00b7laboraci\u00f3 entre els parcs naturals del Pirineu i el ST de l&#8217;Alt Pirineu i Aran.<\/p>\n<p><a href=\"https:\/\/serveiseducatius.xtec.cat\/apa\/wp-content\/uploads\/usu2951\/2024\/09\/IMG_6919.jpg\"><img loading=\"lazy\" decoding=\"async\" class=\"alignnone size-large wp-image-8884\" src=\"https:\/\/serveiseducatius.xtec.cat\/apa\/wp-content\/uploads\/usu2951\/2024\/09\/IMG_6919-1024x768.jpg\" alt=\"\" width=\"1024\" height=\"768\" srcset=\"https:\/\/serveiseducatius.xtec.cat\/apa\/wp-content\/uploads\/usu2951\/2024\/09\/IMG_6919-1024x768.jpg 1024w, https:\/\/serveiseducatius.xtec.cat\/apa\/wp-content\/uploads\/usu2951\/2024\/09\/IMG_6919-300x225.jpg 300w, https:\/\/serveiseducatius.xtec.cat\/apa\/wp-content\/uploads\/usu2951\/2024\/09\/IMG_6919-768x576.jpg 768w, https:\/\/serveiseducatius.xtec.cat\/apa\/wp-content\/uploads\/usu2951\/2024\/09\/IMG_6919-1536x1152.jpg 1536w, https:\/\/serveiseducatius.xtec.cat\/apa\/wp-content\/uploads\/usu2951\/2024\/09\/IMG_6919-200x150.jpg 200w, https:\/\/serveiseducatius.xtec.cat\/apa\/wp-content\/uploads\/usu2951\/2024\/09\/IMG_6919.jpg 2016w\" sizes=\"auto, (max-width: 1024px) 100vw, 1024px\" \/><\/a><\/p>\n<p>Amb l&#8217;objectiu de generar vincle i sentiment de pertinen\u00e7a pirinenc arreu del territori, alhora que es difonen un seguit de continguts associats al m\u00f3n natural per tal de valorar la riquesa dels ambients de muntanya i cuida i respectar l&#8217;entorn natural. Entre les diferents accions que es van acordar, cal destacar-ne pel curs 2025-2026 la Primera agenda escolar unificada del Pirineu. Aquesta acci\u00f3 arribar\u00e0 a la totalitat dels alumnes de les comarques del Pirineu.<\/p>\n<p>Aquesta agenda comptar\u00e0 amb les il\u00b7lustracions d&#8217;<a href=\"https:\/\/secure-web.cisco.com\/1ievOHKsatbRo86gBeG0nAF645D7CBb2WZUYqM6dHV1e3g1yp-uZf8JOrNOahx8oWuyheeWBUfF9gME9wTFPMzcI1psT6cctkMvkIOCi--QVjRvQHusggAI46D87rmAsafEyiDBwTQbL39ieMJTPLv3kf3rU4vGzOBhF2ebkMDOw4BI0if6Nq_F_IQnq2CJvZapOc-u9MaUmWcPSfOewZr-GvqrFb2pHuXh9imPcHw8M1LWfFYdBcF3kzmnyzSoGaONqmd0dGn93eZeE0odTsk_o1GdPWIc5bNtWlyvADlVbGjoSPLJmUwhMlcLJireEH4n9iz2M16Dg88Yj21Py5b1FWQ1rs0MJLn9Vn3D3eTWRZ_QgNod_ZgAx4_iKoVSsn8wjfJTYf10n0wm6RGzZAHbA7Y40ulhAHv50CxTF7Khk_rmirDyqtArwpN67O46D4KJEwUqE7DiFGAWf6dpYKqqBW5a1iFdk6S5gOf_GikcSmswIwDD9-mLJVitzvSYGa\/https%3A%2F%2Fwww.nuvol.com%2Fllengua%2Falex-mascarell-ornitoleg-il-lustrador-359851\">\u00c0lex<\/a><a href=\"https:\/\/secure-web.cisco.com\/1ievOHKsatbRo86gBeG0nAF645D7CBb2WZUYqM6dHV1e3g1yp-uZf8JOrNOahx8oWuyheeWBUfF9gME9wTFPMzcI1psT6cctkMvkIOCi--QVjRvQHusggAI46D87rmAsafEyiDBwTQbL39ieMJTPLv3kf3rU4vGzOBhF2ebkMDOw4BI0if6Nq_F_IQnq2CJvZapOc-u9MaUmWcPSfOewZr-GvqrFb2pHuXh9imPcHw8M1LWfFYdBcF3kzmnyzSoGaONqmd0dGn93eZeE0odTsk_o1GdPWIc5bNtWlyvADlVbGjoSPLJmUwhMlcLJireEH4n9iz2M16Dg88Yj21Py5b1FWQ1rs0MJLn9Vn3D3eTWRZ_QgNod_ZgAx4_iKoVSsn8wjfJTYf10n0wm6RGzZAHbA7Y40ulhAHv50CxTF7Khk_rmirDyqtArwpN67O46D4KJEwUqE7DiFGAWf6dpYKqqBW5a1iFdk6S5gOf_GikcSmswIwDD9-mLJVitzvSYGa\/https%3A%2F%2Fwww.nuvol.com%2Fllengua%2Falex-mascarell-ornitoleg-il-lustrador-359851\">\u00a0Mascarell<\/a> i la redacci\u00f3 dels continguts per part dels professionals dels caps d&#8217;aprenentatge del Pirineu.<\/p>\n<p>Durant la reuni\u00f3 es va connectar el director del Parc natural de Cap de Creus, el Sr. Pon\u00e7 Feliu, que va explicar la seva experi\u00e8ncia en el desplegament de l&#8217;agenda escolar del parc natural del cap de creus i altres accions amb la complicitat del SE de l&#8217;Alt Empord\u00e0.<\/p>\n<p>Assistents:<\/p>\n<ul>\n<li>Parc Natural de l&#8217;Alt Pirineu i Aran<\/li>\n<li>Parc Nacional d&#8217;Aig\u00fces tortes\u00a0i Sant Maurici.<\/li>\n<li>Parc Natural del Cad\u00ed Moixer\u00f3<\/li>\n<li>Reserva natural del Boumort<\/li>\n<li>Geoparc Origens<\/li>\n<li>CdA Vall de Bo\u00ed<\/li>\n<li>CdA de les Valls d&#8217;\u00c0neu<\/li>\n<li>CdA Tuixent<\/li>\n<li>CdA Tremp<\/li>\n<li>SE del Pirineu i Aran<\/li>\n<\/ul>\n<p><a href=\"https:\/\/serveiseducatius.xtec.cat\/apa\/wp-content\/uploads\/usu2951\/2024\/09\/IMG_6923.jpg\"><img loading=\"lazy\" decoding=\"async\" class=\"alignnone size-large wp-image-8885\" src=\"https:\/\/serveiseducatius.xtec.cat\/apa\/wp-content\/uploads\/usu2951\/2024\/09\/IMG_6923-1024x768.jpg\" alt=\"\" width=\"1024\" height=\"768\" srcset=\"https:\/\/serveiseducatius.xtec.cat\/apa\/wp-content\/uploads\/usu2951\/2024\/09\/IMG_6923-1024x768.jpg 1024w, https:\/\/serveiseducatius.xtec.cat\/apa\/wp-content\/uploads\/usu2951\/2024\/09\/IMG_6923-300x225.jpg 300w, https:\/\/serveiseducatius.xtec.cat\/apa\/wp-content\/uploads\/usu2951\/2024\/09\/IMG_6923-768x576.jpg 768w, https:\/\/serveiseducatius.xtec.cat\/apa\/wp-content\/uploads\/usu2951\/2024\/09\/IMG_6923-1536x1152.jpg 1536w, https:\/\/serveiseducatius.xtec.cat\/apa\/wp-content\/uploads\/usu2951\/2024\/09\/IMG_6923-200x150.jpg 200w, https:\/\/serveiseducatius.xtec.cat\/apa\/wp-content\/uploads\/usu2951\/2024\/09\/IMG_6923.jpg 2016w\" sizes=\"auto, (max-width: 1024px) 100vw, 1024px\" \/><\/a><\/p>\n<p><a href=\"https:\/\/serveiseducatius.xtec.cat\/apa\/wp-content\/uploads\/usu2951\/2024\/09\/IMG_6926.jpg\"><img loading=\"lazy\" decoding=\"async\" class=\"alignnone size-large wp-image-8886\" src=\"https:\/\/serveiseducatius.xtec.cat\/apa\/wp-content\/uploads\/usu2951\/2024\/09\/IMG_6926-1024x768.jpg\" alt=\"\" width=\"1024\" height=\"768\" srcset=\"https:\/\/serveiseducatius.xtec.cat\/apa\/wp-content\/uploads\/usu2951\/2024\/09\/IMG_6926-1024x768.jpg 1024w, https:\/\/serveiseducatius.xtec.cat\/apa\/wp-content\/uploads\/usu2951\/2024\/09\/IMG_6926-300x225.jpg 300w, https:\/\/serveiseducatius.xtec.cat\/apa\/wp-content\/uploads\/usu2951\/2024\/09\/IMG_6926-768x576.jpg 768w, https:\/\/serveiseducatius.xtec.cat\/apa\/wp-content\/uploads\/usu2951\/2024\/09\/IMG_6926-1536x1152.jpg 1536w, https:\/\/serveiseducatius.xtec.cat\/apa\/wp-content\/uploads\/usu2951\/2024\/09\/IMG_6926-200x150.jpg 200w, https:\/\/serveiseducatius.xtec.cat\/apa\/wp-content\/uploads\/usu2951\/2024\/09\/IMG_6926.jpg 2016w\" sizes=\"auto, (max-width: 1024px) 100vw, 1024px\" \/><\/a><\/p>\n<p><a href=\"https:\/\/serveiseducatius.xtec.cat\/apa\/wp-content\/uploads\/usu2951\/2024\/09\/e316701d-44b3-47a5-87f9-9a67c20d686b.jpg\"><img loading=\"lazy\" decoding=\"async\" class=\"alignnone size-large wp-image-8883\" src=\"https:\/\/serveiseducatius.xtec.cat\/apa\/wp-content\/uploads\/usu2951\/2024\/09\/e316701d-44b3-47a5-87f9-9a67c20d686b-1024x566.jpg\" alt=\"\" width=\"1024\" height=\"566\" srcset=\"https:\/\/serveiseducatius.xtec.cat\/apa\/wp-content\/uploads\/usu2951\/2024\/09\/e316701d-44b3-47a5-87f9-9a67c20d686b-1024x566.jpg 1024w, https:\/\/serveiseducatius.xtec.cat\/apa\/wp-content\/uploads\/usu2951\/2024\/09\/e316701d-44b3-47a5-87f9-9a67c20d686b-300x166.jpg 300w, https:\/\/serveiseducatius.xtec.cat\/apa\/wp-content\/uploads\/usu2951\/2024\/09\/e316701d-44b3-47a5-87f9-9a67c20d686b-768x425.jpg 768w, https:\/\/serveiseducatius.xtec.cat\/apa\/wp-content\/uploads\/usu2951\/2024\/09\/e316701d-44b3-47a5-87f9-9a67c20d686b-1536x850.jpg 1536w, https:\/\/serveiseducatius.xtec.cat\/apa\/wp-content\/uploads\/usu2951\/2024\/09\/e316701d-44b3-47a5-87f9-9a67c20d686b.jpg 1761w\" sizes=\"auto, (max-width: 1024px) 100vw, 1024px\" \/><\/a><\/p>\n","protected":false},"excerpt":{"rendered":"<p>El passat mes de juny va tenir lloc al CRP de Sort la reuni\u00f3 per establir un acord de col\u00b7laboraci\u00f3 entre els parcs naturals del Pirineu i el ST de l&#8217;Alt Pirineu i Aran.<br \/>\n<a href=\"https:\/\/serveiseducatius.xtec.cat\/apa\/wp-content\/uploads\/usu2951\/2024\/09\/IMG_6919.jpg\"><\/a><br \/>\nAmb l&#8217;objectiu de generar vincle i sentiment de pertinen\u00e7a pirinenc arreu&hellip;  <a href=\"https:\/\/serveiseducatius.xtec.cat\/apa\/portada\/acord-de-collaboracio-entre-els-parcs-naturals-del-pirineu-i-el-st-de-lalt-pirineu-aran\/\" title=\"Read Acord de col\u00b7laboraci\u00f3 entre els parcs naturals del Pirineu i el ST de l&#8217;Alt Pirineu Aran\">Llegeix m\u00e9s\u00bb<\/a><\/p>\n","protected":false},"author":11,"featured_media":8884,"comment_status":"closed","ping_status":"closed","sticky":false,"template":"","format":"standard","meta":{"_bbp_topic_count":0,"_bbp_reply_count":0,"_bbp_total_topic_count":0,"_bbp_total_reply_count":0,"_bbp_voice_count":0,"_bbp_anonymous_reply_count":0,"_bbp_topic_count_hidden":0,"_bbp_reply_count_hidden":0,"_bbp_forum_subforum_count":0,"footnotes":""},"categories":[29],"tags":[],"class_list":["post-8882","post","type-post","status-publish","format-standard","has-post-thumbnail","hentry","category-portada"],"post_mailing_queue_ids":[],"_links":{"self":[{"href":"https:\/\/serveiseducatius.xtec.cat\/apa\/wp-json\/wp\/v2\/posts\/8882","targetHints":{"allow":["GET"]}}],"collection":[{"href":"https:\/\/serveiseducatius.xtec.cat\/apa\/wp-json\/wp\/v2\/posts"}],"about":[{"href":"https:\/\/serveiseducatius.xtec.cat\/apa\/wp-json\/wp\/v2\/types\/post"}],"author":[{"embeddable":true,"href":"https:\/\/serveiseducatius.xtec.cat\/apa\/wp-json\/wp\/v2\/users\/11"}],"replies":[{"embeddable":true,"href":"https:\/\/serveiseducatius.xtec.cat\/apa\/wp-json\/wp\/v2\/comments?post=8882"}],"version-history":[{"count":2,"href":"https:\/\/serveiseducatius.xtec.cat\/apa\/wp-json\/wp\/v2\/posts\/8882\/revisions"}],"predecessor-version":[{"id":8888,"href":"https:\/\/serveiseducatius.xtec.cat\/apa\/wp-json\/wp\/v2\/posts\/8882\/revisions\/8888"}],"wp:featuredmedia":[{"embeddable":true,"href":"https:\/\/serveiseducatius.xtec.cat\/apa\/wp-json\/wp\/v2\/media\/8884"}],"wp:attachment":[{"href":"https:\/\/serveiseducatius.xtec.cat\/apa\/wp-json\/wp\/v2\/media?parent=8882"}],"wp:term":[{"taxonomy":"category","embeddable":true,"href":"https:\/\/serveiseducatius.xtec.cat\/apa\/wp-json\/wp\/v2\/categories?post=8882"},{"taxonomy":"post_tag","embeddable":true,"href":"https:\/\/serveiseducatius.xtec.cat\/apa\/wp-json\/wp\/v2\/tags?post=8882"}],"curies":[{"name":"wp","href":"https:\/\/api.w.org\/{rel}","templated":true}]}}