{"id":8846,"date":"2024-07-16T14:51:40","date_gmt":"2024-07-16T12:51:40","guid":{"rendered":"https:\/\/serveiseducatius.xtec.cat\/apa\/?p=8846"},"modified":"2024-11-04T09:36:46","modified_gmt":"2024-11-04T08:36:46","slug":"ii-congres-internacional-de-la-societat-catalana-de-pedagogia-a-la-seu-durgell","status":"publish","type":"post","link":"https:\/\/serveiseducatius.xtec.cat\/apa\/portada\/ii-congres-internacional-de-la-societat-catalana-de-pedagogia-a-la-seu-durgell\/","title":{"rendered":"II Congr\u00e9s Internacional de la Societat Catalana de Pedagog\u00eda a La Seu d&#8217;Urgell"},"content":{"rendered":"<p>El Departament d&#8217;Educaci\u00f3 col\u00b7labora amb la Societat Catalana de Pedagogia &#8211; Institut d\u2019Estudis Catalans participa en l\u2019organitzaci\u00f3 del II Congr\u00e9s d\u2019Educaci\u00f3 <strong><em>\u201cTend\u00e8ncies d\u2019\u00e8xit, realitats emergents i noves expectatives en educaci\u00f3\u201d, <\/em><\/strong>que tindr\u00e0 lloc el 28, 29 i 30 de Novembre de 2024 a La Seu d&#8217;Urgell.<\/p>\n<p>Els \u00e0mbits tem\u00e0tics del congr\u00e9s s\u00f3n:<\/p>\n<ul>\n<li><strong>Tecnologia educativa i Intel\u00b7lig\u00e8ncia artificial a l\u2019educaci\u00f3.<\/strong><\/li>\n<li><strong>Desenvolupament competencial en el proc\u00e9s educatiu.<\/strong><\/li>\n<li><strong>Benestar i salut emocional a la comunitat educativa. <\/strong><\/li>\n<li><strong>Educaci\u00f3 per una ciutadania global i democr\u00e0tica.<\/strong><\/li>\n<li><strong>Iniciatives institucionals i programes de desenvolupament professional docent.<\/strong><\/li>\n<\/ul>\n<p>Si esteu interessats a participar-hi us podeu inscriure en el seg\u00fcent <a href=\"https:\/\/docs.google.com\/forms\/d\/e\/1FAIpQLSd-ugRUOqlTGwXzuCVEO0fN4pUKVvYqgApRbKjD0fpiyuYWyw\/viewform\">enlla\u00e7<\/a>. Per m\u00e9s informaci\u00f3 consulteu la p\u00e0gina <a href=\"https:\/\/scpcongres2.wordpress.com\/\">web<\/a> del congr\u00e9s.<\/p>\n<p><a href=\"https:\/\/serveiseducatius.xtec.cat\/apa\/wp-content\/uploads\/usu2951\/2024\/07\/II-Congres-SCP.jpg\"><img loading=\"lazy\" decoding=\"async\" class=\"alignnone size-full wp-image-8847\" src=\"https:\/\/serveiseducatius.xtec.cat\/apa\/wp-content\/uploads\/usu2951\/2024\/07\/II-Congres-SCP.jpg\" alt=\"\" width=\"800\" height=\"566\" srcset=\"https:\/\/serveiseducatius.xtec.cat\/apa\/wp-content\/uploads\/usu2951\/2024\/07\/II-Congres-SCP.jpg 800w, https:\/\/serveiseducatius.xtec.cat\/apa\/wp-content\/uploads\/usu2951\/2024\/07\/II-Congres-SCP-300x212.jpg 300w, https:\/\/serveiseducatius.xtec.cat\/apa\/wp-content\/uploads\/usu2951\/2024\/07\/II-Congres-SCP-768x543.jpg 768w\" sizes=\"auto, (max-width: 800px) 100vw, 800px\" \/><\/a><\/p>\n","protected":false},"excerpt":{"rendered":"<p>El Departament d&#8217;Educaci\u00f3 col\u00b7labora amb la Societat Catalana de Pedagogia &#8211; Institut d\u2019Estudis Catalans participa en l\u2019organitzaci\u00f3 del II Congr\u00e9s d\u2019Educaci\u00f3 \u201cTend\u00e8ncies d\u2019\u00e8xit, realitats emergents i noves expectatives en educaci\u00f3\u201d, que tindr\u00e0 lloc el 28, 29 i 30 de Novembre de 2024 a La Seu d&#8217;Urgell.\u00a0&hellip;  <a href=\"https:\/\/serveiseducatius.xtec.cat\/apa\/portada\/ii-congres-internacional-de-la-societat-catalana-de-pedagogia-a-la-seu-durgell\/\" title=\"Read II Congr\u00e9s Internacional de la Societat Catalana de Pedagog\u00eda a La Seu d&#8217;Urgell\">Llegeix m\u00e9s\u00bb<\/a><\/p>\n","protected":false},"author":11,"featured_media":8847,"comment_status":"closed","ping_status":"closed","sticky":false,"template":"","format":"standard","meta":{"_bbp_topic_count":0,"_bbp_reply_count":0,"_bbp_total_topic_count":0,"_bbp_total_reply_count":0,"_bbp_voice_count":0,"_bbp_anonymous_reply_count":0,"_bbp_topic_count_hidden":0,"_bbp_reply_count_hidden":0,"_bbp_forum_subforum_count":0,"footnotes":""},"categories":[29],"tags":[],"class_list":["post-8846","post","type-post","status-publish","format-standard","has-post-thumbnail","hentry","category-portada"],"post_mailing_queue_ids":[],"_links":{"self":[{"href":"https:\/\/serveiseducatius.xtec.cat\/apa\/wp-json\/wp\/v2\/posts\/8846","targetHints":{"allow":["GET"]}}],"collection":[{"href":"https:\/\/serveiseducatius.xtec.cat\/apa\/wp-json\/wp\/v2\/posts"}],"about":[{"href":"https:\/\/serveiseducatius.xtec.cat\/apa\/wp-json\/wp\/v2\/types\/post"}],"author":[{"embeddable":true,"href":"https:\/\/serveiseducatius.xtec.cat\/apa\/wp-json\/wp\/v2\/users\/11"}],"replies":[{"embeddable":true,"href":"https:\/\/serveiseducatius.xtec.cat\/apa\/wp-json\/wp\/v2\/comments?post=8846"}],"version-history":[{"count":1,"href":"https:\/\/serveiseducatius.xtec.cat\/apa\/wp-json\/wp\/v2\/posts\/8846\/revisions"}],"predecessor-version":[{"id":8848,"href":"https:\/\/serveiseducatius.xtec.cat\/apa\/wp-json\/wp\/v2\/posts\/8846\/revisions\/8848"}],"wp:featuredmedia":[{"embeddable":true,"href":"https:\/\/serveiseducatius.xtec.cat\/apa\/wp-json\/wp\/v2\/media\/8847"}],"wp:attachment":[{"href":"https:\/\/serveiseducatius.xtec.cat\/apa\/wp-json\/wp\/v2\/media?parent=8846"}],"wp:term":[{"taxonomy":"category","embeddable":true,"href":"https:\/\/serveiseducatius.xtec.cat\/apa\/wp-json\/wp\/v2\/categories?post=8846"},{"taxonomy":"post_tag","embeddable":true,"href":"https:\/\/serveiseducatius.xtec.cat\/apa\/wp-json\/wp\/v2\/tags?post=8846"}],"curies":[{"name":"wp","href":"https:\/\/api.w.org\/{rel}","templated":true}]}}