{"id":8839,"date":"2024-05-24T15:32:01","date_gmt":"2024-05-24T13:32:01","guid":{"rendered":"https:\/\/serveiseducatius.xtec.cat\/apa\/?p=8839"},"modified":"2025-03-18T14:03:05","modified_gmt":"2025-03-18T13:03:05","slug":"el-departament-deducacio-reconeix-els-serveis-prestats-als-docents-jubilats-aquest-curs-2023-2024-2","status":"publish","type":"post","link":"https:\/\/serveiseducatius.xtec.cat\/apa\/portada\/el-departament-deducacio-reconeix-els-serveis-prestats-als-docents-jubilats-aquest-curs-2023-2024-2\/","title":{"rendered":"El Departament d\u2019Educaci\u00f3 reconeix els serveis prestats als docents jubilats aquest curs 2023\/2024"},"content":{"rendered":"<p><strong>Sort, 23 de maig de 2024<\/strong><\/p>\n<p>Per primera vegada s\u2019ha celebrat l\u2019acte de reconeixement als serveis prestat pels docents jubilats de l\u2019Alt Pirineu i Aran a la pr\u00f2pia vegueria. L\u2019acte, celebrat a l\u2019Institut Hug Roger III de Sort va homenatjar a m\u00e9s d\u2019una dotzena de professionals de l\u2019educaci\u00f3.<\/p>\n<p><a href=\"https:\/\/serveiseducatius.xtec.cat\/apa\/wp-content\/uploads\/usu2951\/2024\/07\/jubilacio-1.jpeg\"><img loading=\"lazy\" decoding=\"async\" class=\"alignnone size-large wp-image-8812\" src=\"https:\/\/serveiseducatius.xtec.cat\/apa\/wp-content\/uploads\/usu2951\/2024\/07\/jubilacio-1-1024x682.jpeg\" alt=\"\" width=\"1024\" height=\"682\" srcset=\"https:\/\/serveiseducatius.xtec.cat\/apa\/wp-content\/uploads\/usu2951\/2024\/07\/jubilacio-1-1024x682.jpeg 1024w, https:\/\/serveiseducatius.xtec.cat\/apa\/wp-content\/uploads\/usu2951\/2024\/07\/jubilacio-1-300x200.jpeg 300w, https:\/\/serveiseducatius.xtec.cat\/apa\/wp-content\/uploads\/usu2951\/2024\/07\/jubilacio-1-768x512.jpeg 768w, https:\/\/serveiseducatius.xtec.cat\/apa\/wp-content\/uploads\/usu2951\/2024\/07\/jubilacio-1.jpeg 1280w\" sizes=\"auto, (max-width: 1024px) 100vw, 1024px\" \/><\/a><\/p>\n<p>Durant la jornada l\u2019historiador i ex-professor de l\u2019Institut de Tremp, Cisco Farr\u00e0s va pronunciar una confer\u00e8ncia sobre els resultats de la seva \u00faltima recerca hist\u00f2rica com a exemple de la continu\u00eftat en la feina intel\u00b7lectual despr\u00e9s de la jubilaci\u00f3.<\/p>\n<p>La celebraci\u00f3 va estar presidida per la Consellera d\u2019Educaci\u00f3, Anna Sim\u00f3, i pel Director dels Serveis Territorials d\u2019Educaci\u00f3 a l\u2019Alt Pirineu i Aran, Ramon Jordana. En les seves intervencions tots dos van agrair tota la feina feta pels docents recentment jubilats i la import\u00e0ncia de poder celebrar actes com aquesta arreu del territori i de forma descentralitzada.<\/p>\n<p><a href=\"https:\/\/serveiseducatius.xtec.cat\/apa\/wp-content\/uploads\/usu2951\/2024\/07\/jubilacio-2.jpeg\"><img loading=\"lazy\" decoding=\"async\" class=\"alignnone size-large wp-image-8813\" src=\"https:\/\/serveiseducatius.xtec.cat\/apa\/wp-content\/uploads\/usu2951\/2024\/07\/jubilacio-2-1024x768.jpeg\" alt=\"\" width=\"1024\" height=\"768\" srcset=\"https:\/\/serveiseducatius.xtec.cat\/apa\/wp-content\/uploads\/usu2951\/2024\/07\/jubilacio-2-1024x768.jpeg 1024w, https:\/\/serveiseducatius.xtec.cat\/apa\/wp-content\/uploads\/usu2951\/2024\/07\/jubilacio-2-300x225.jpeg 300w, https:\/\/serveiseducatius.xtec.cat\/apa\/wp-content\/uploads\/usu2951\/2024\/07\/jubilacio-2-768x576.jpeg 768w, https:\/\/serveiseducatius.xtec.cat\/apa\/wp-content\/uploads\/usu2951\/2024\/07\/jubilacio-2-200x150.jpeg 200w, https:\/\/serveiseducatius.xtec.cat\/apa\/wp-content\/uploads\/usu2951\/2024\/07\/jubilacio-2.jpeg 1280w\" sizes=\"auto, (max-width: 1024px) 100vw, 1024px\" \/><\/a><\/p>\n","protected":false},"excerpt":{"rendered":"<p>Per primera vegada s\u2019ha celebrat l\u2019acte de reconeixement als serveis prestat pels docents jubilats de l\u2019Alt Pirineu i Aran a la pr\u00f2pia vegueria. L\u2019acte, celebrat a l\u2019Institut Hug Roger III de Sort va homenatjar a m\u00e9s d\u2019una dotzena de professionals de l\u2019educaci\u00f3.&hellip;  <a href=\"https:\/\/serveiseducatius.xtec.cat\/apa\/portada\/el-departament-deducacio-reconeix-els-serveis-prestats-als-docents-jubilats-aquest-curs-2023-2024-2\/\" title=\"Read El Departament d\u2019Educaci\u00f3 reconeix els serveis prestats als docents jubilats aquest curs 2023\/2024\">Llegeix m\u00e9s\u00bb<\/a><\/p>\n","protected":false},"author":11,"featured_media":8812,"comment_status":"closed","ping_status":"closed","sticky":false,"template":"","format":"standard","meta":{"_bbp_topic_count":0,"_bbp_reply_count":0,"_bbp_total_topic_count":0,"_bbp_total_reply_count":0,"_bbp_voice_count":0,"_bbp_anonymous_reply_count":0,"_bbp_topic_count_hidden":0,"_bbp_reply_count_hidden":0,"_bbp_forum_subforum_count":0,"footnotes":""},"categories":[29],"tags":[],"class_list":["post-8839","post","type-post","status-publish","format-standard","has-post-thumbnail","hentry","category-portada"],"post_mailing_queue_ids":[],"_links":{"self":[{"href":"https:\/\/serveiseducatius.xtec.cat\/apa\/wp-json\/wp\/v2\/posts\/8839","targetHints":{"allow":["GET"]}}],"collection":[{"href":"https:\/\/serveiseducatius.xtec.cat\/apa\/wp-json\/wp\/v2\/posts"}],"about":[{"href":"https:\/\/serveiseducatius.xtec.cat\/apa\/wp-json\/wp\/v2\/types\/post"}],"author":[{"embeddable":true,"href":"https:\/\/serveiseducatius.xtec.cat\/apa\/wp-json\/wp\/v2\/users\/11"}],"replies":[{"embeddable":true,"href":"https:\/\/serveiseducatius.xtec.cat\/apa\/wp-json\/wp\/v2\/comments?post=8839"}],"version-history":[{"count":2,"href":"https:\/\/serveiseducatius.xtec.cat\/apa\/wp-json\/wp\/v2\/posts\/8839\/revisions"}],"predecessor-version":[{"id":9480,"href":"https:\/\/serveiseducatius.xtec.cat\/apa\/wp-json\/wp\/v2\/posts\/8839\/revisions\/9480"}],"wp:featuredmedia":[{"embeddable":true,"href":"https:\/\/serveiseducatius.xtec.cat\/apa\/wp-json\/wp\/v2\/media\/8812"}],"wp:attachment":[{"href":"https:\/\/serveiseducatius.xtec.cat\/apa\/wp-json\/wp\/v2\/media?parent=8839"}],"wp:term":[{"taxonomy":"category","embeddable":true,"href":"https:\/\/serveiseducatius.xtec.cat\/apa\/wp-json\/wp\/v2\/categories?post=8839"},{"taxonomy":"post_tag","embeddable":true,"href":"https:\/\/serveiseducatius.xtec.cat\/apa\/wp-json\/wp\/v2\/tags?post=8839"}],"curies":[{"name":"wp","href":"https:\/\/api.w.org\/{rel}","templated":true}]}}