{"id":10839,"date":"2026-03-05T12:35:16","date_gmt":"2026-03-05T11:35:16","guid":{"rendered":"https:\/\/serveiseducatius.xtec.cat\/apa\/?p=10839"},"modified":"2026-03-05T12:51:38","modified_gmt":"2026-03-05T11:51:38","slug":"constitucio-del-consell-escolar-territorial-de-lalt-pirineu-i-aran","status":"publish","type":"post","link":"https:\/\/serveiseducatius.xtec.cat\/apa\/general\/constitucio-del-consell-escolar-territorial-de-lalt-pirineu-i-aran\/","title":{"rendered":"Constituci\u00f3 del Consell Escolar Territorial de l\u2019Alt Pirineu i Aran"},"content":{"rendered":"<p>Aquest dimecres s&#8217;ha constitu\u00eft a Tremp, el Consell Escolar Territorial de l&#8217;Alt Pirineu i Aran<\/p>\n<p>El consell t\u00e9 com a objectiu \u00a0connectar les pol\u00edtiques educatives de la Generalitat amb la realitat espec\u00edfica del territori. Presidit per Carlota Valls, directora dels Serveis Territorials d\u2019Educaci\u00f3 i FP a l\u2019Alt Pirineu i Aran, \u00a0en formen part els centres docents, la comunitat educativa, els municipis, l\u2019administraci\u00f3, els sindicats i els sectors empresarials vinculats.<\/p>\n<p>En la sessi\u00f3 inaugural el debat central s&#8217;ha dedicat a com abordar l&#8217;explicaci\u00f3 de la crisi clim\u00e0tica actual dins de les aules, un repte educatiu de primer ordre.<\/p>\n<figure class=\"figure wp-caption alignnone\"><a href=\"https:\/\/serveiseducatius.xtec.cat\/apa\/wp-content\/uploads\/usu2951\/2026\/03\/IMG_3895-e1772708940343-1030x579-1.jpg\"><img loading=\"lazy\" decoding=\"async\" class=\"size-medium wp-image-10840\" src=\"https:\/\/serveiseducatius.xtec.cat\/apa\/wp-content\/uploads\/usu2951\/2026\/03\/IMG_3895-e1772708940343-1030x579-1-300x169.jpg\" alt=\"\" width=\"300\" height=\"169\" srcset=\"https:\/\/serveiseducatius.xtec.cat\/apa\/wp-content\/uploads\/usu2951\/2026\/03\/IMG_3895-e1772708940343-1030x579-1-300x169.jpg 300w, https:\/\/serveiseducatius.xtec.cat\/apa\/wp-content\/uploads\/usu2951\/2026\/03\/IMG_3895-e1772708940343-1030x579-1-1024x576.jpg 1024w, https:\/\/serveiseducatius.xtec.cat\/apa\/wp-content\/uploads\/usu2951\/2026\/03\/IMG_3895-e1772708940343-1030x579-1-768x432.jpg 768w, https:\/\/serveiseducatius.xtec.cat\/apa\/wp-content\/uploads\/usu2951\/2026\/03\/IMG_3895-e1772708940343-1030x579-1.jpg 1030w\" sizes=\"auto, (max-width: 300px) 100vw, 300px\" \/><\/a><figcaption class=\"wp-caption-text\">Ampliar noticia <a href=\"https:\/\/pirineusdigital.cat\/es-crea-el-consell-escolar-territorial-de-lalt-pirineu-i-aran-com-organ-consultiu-i-de-participacio\/\">Pirineus Digital<\/a>.<\/figcaption><\/figure>\n","protected":false},"excerpt":{"rendered":"<p>Aquest dimecres s&#8217;ha constitu\u00eft a Tremp, el Consell Escolar Territorial de l&#8217;Alt Pirineu i Aran<br \/>\nEl consell t\u00e9 com a objectiu \u00a0connectar les pol\u00edtiques educatives de la Generalitat amb la realitat espec\u00edfica del territori. Presidit per Carlota Valls, directora dels Serveis Territorials d\u2019Educaci\u00f3 i FP a&hellip;  <a href=\"https:\/\/serveiseducatius.xtec.cat\/apa\/general\/constitucio-del-consell-escolar-territorial-de-lalt-pirineu-i-aran\/\" title=\"Read Constituci\u00f3 del Consell Escolar Territorial de l\u2019Alt Pirineu i Aran\">Llegeix m\u00e9s\u00bb<\/a><\/p>\n","protected":false},"author":1,"featured_media":10840,"comment_status":"closed","ping_status":"open","sticky":false,"template":"","format":"standard","meta":{"_bbp_topic_count":0,"_bbp_reply_count":0,"_bbp_total_topic_count":0,"_bbp_total_reply_count":0,"_bbp_voice_count":0,"_bbp_anonymous_reply_count":0,"_bbp_topic_count_hidden":0,"_bbp_reply_count_hidden":0,"_bbp_forum_subforum_count":0,"footnotes":""},"categories":[1,29],"tags":[],"class_list":["post-10839","post","type-post","status-publish","format-standard","has-post-thumbnail","hentry","category-general","category-portada"],"post_mailing_queue_ids":[],"_links":{"self":[{"href":"https:\/\/serveiseducatius.xtec.cat\/apa\/wp-json\/wp\/v2\/posts\/10839","targetHints":{"allow":["GET"]}}],"collection":[{"href":"https:\/\/serveiseducatius.xtec.cat\/apa\/wp-json\/wp\/v2\/posts"}],"about":[{"href":"https:\/\/serveiseducatius.xtec.cat\/apa\/wp-json\/wp\/v2\/types\/post"}],"author":[{"embeddable":true,"href":"https:\/\/serveiseducatius.xtec.cat\/apa\/wp-json\/wp\/v2\/users\/1"}],"replies":[{"embeddable":true,"href":"https:\/\/serveiseducatius.xtec.cat\/apa\/wp-json\/wp\/v2\/comments?post=10839"}],"version-history":[{"count":2,"href":"https:\/\/serveiseducatius.xtec.cat\/apa\/wp-json\/wp\/v2\/posts\/10839\/revisions"}],"predecessor-version":[{"id":10842,"href":"https:\/\/serveiseducatius.xtec.cat\/apa\/wp-json\/wp\/v2\/posts\/10839\/revisions\/10842"}],"wp:featuredmedia":[{"embeddable":true,"href":"https:\/\/serveiseducatius.xtec.cat\/apa\/wp-json\/wp\/v2\/media\/10840"}],"wp:attachment":[{"href":"https:\/\/serveiseducatius.xtec.cat\/apa\/wp-json\/wp\/v2\/media?parent=10839"}],"wp:term":[{"taxonomy":"category","embeddable":true,"href":"https:\/\/serveiseducatius.xtec.cat\/apa\/wp-json\/wp\/v2\/categories?post=10839"},{"taxonomy":"post_tag","embeddable":true,"href":"https:\/\/serveiseducatius.xtec.cat\/apa\/wp-json\/wp\/v2\/tags?post=10839"}],"curies":[{"name":"wp","href":"https:\/\/api.w.org\/{rel}","templated":true}]}}