{"id":10717,"date":"2025-12-03T10:24:15","date_gmt":"2025-12-03T09:24:15","guid":{"rendered":"https:\/\/serveiseducatius.xtec.cat\/apa\/?p=10717"},"modified":"2025-12-03T10:37:37","modified_gmt":"2025-12-03T09:37:37","slug":"tremp-acull-una-jornada-darts-esceniques-i-musicals-de-lacultivadora-a-lespai-cultural-la-lira","status":"publish","type":"post","link":"https:\/\/serveiseducatius.xtec.cat\/apa\/general\/tremp-acull-una-jornada-darts-esceniques-i-musicals-de-lacultivadora-a-lespai-cultural-la-lira\/","title":{"rendered":"TREMP ACULL UNA JORNADA D\u2019ARTS ESC\u00c8NIQUES I MUSICALS DE LACULTIVADORA A L\u2019ESPAI CULTURAL LA LIRA"},"content":{"rendered":"<p class=\"m_-2046050591589697382s27\">L\u2019Ajuntament de Tremp, amb el suport del Serveis Territorials de Cultura i d\u2019Educaci\u00f3 i Formaci\u00f3 Professional de l\u2019Alt Pirineu i Aran, ha acollit a l\u2019Espai Cultural La Lira la primera\u00a0<i>Jornada d\u2019Arts Esc\u00e8niques i Musicals de\u00a0LaCultivadora<\/i>. Aquesta \u00e9s una\u00a0iniciativa pionera adre\u00e7ada al professorat de totes les etapes educatives\u00a0del territori.\u00a0<u><\/u><u><\/u><\/p>\n<p class=\"m_-2046050591589697382s27\">La ciutat esdev\u00e9 aix\u00ed punt de trobada\u00a0del\u00a0equipaments esc\u00e8nics i musicals\u00a0nacionals,\u00a0l\u2019<wbr \/>Auditori, el Gran Teatre del Liceu, el Mercat de les Flors, el Palau de la M\u00fasica Catalana, el Teatre Lliure i el Teatre Nacional de Catalunya,\u00a0que, sota el paraigua de\u00a0LaCultivadora i amb l\u2019escenari\u00a0del Teatre La Lira de Tremp, impulsen conjuntament aquesta jornada formativa.<\/p>\n<p class=\"m_-2046050591589697382s27\"><u><\/u>La formaci\u00f3 ha tingut com a objectiu proporcionar al professorat una experi\u00e8ncia transversal en\u00a0<i>dansa, teatre i m\u00fasica<\/i>, perqu\u00e8 pugui viure en primera persona el potencial educatiu i transformador de les arts en viu. Al llarg de la jornada, els docents\u00a0han rebut\u00a0eines i recursos per potenciar la sensibilitat art\u00edstica a les aules i fomentar el gaudi de les arts entre l\u2019alumnat.<u><\/u><u><\/u><\/p>\n<p class=\"m_-2046050591589697382s27\">\u00a0<a href=\"https:\/\/serveiseducatius.xtec.cat\/apa\/wp-content\/uploads\/usu2951\/2025\/12\/7043ba3b-9efd-4c09-8ee1-0473f3c0aecb.jpeg\"><img loading=\"lazy\" decoding=\"async\" class=\"wp-image-10721 alignleft\" src=\"https:\/\/serveiseducatius.xtec.cat\/apa\/wp-content\/uploads\/usu2951\/2025\/12\/7043ba3b-9efd-4c09-8ee1-0473f3c0aecb-300x169.jpeg\" alt=\"\" width=\"380\" height=\"214\" srcset=\"https:\/\/serveiseducatius.xtec.cat\/apa\/wp-content\/uploads\/usu2951\/2025\/12\/7043ba3b-9efd-4c09-8ee1-0473f3c0aecb-300x169.jpeg 300w, https:\/\/serveiseducatius.xtec.cat\/apa\/wp-content\/uploads\/usu2951\/2025\/12\/7043ba3b-9efd-4c09-8ee1-0473f3c0aecb-1024x576.jpeg 1024w, https:\/\/serveiseducatius.xtec.cat\/apa\/wp-content\/uploads\/usu2951\/2025\/12\/7043ba3b-9efd-4c09-8ee1-0473f3c0aecb-768x432.jpeg 768w, https:\/\/serveiseducatius.xtec.cat\/apa\/wp-content\/uploads\/usu2951\/2025\/12\/7043ba3b-9efd-4c09-8ee1-0473f3c0aecb-1536x864.jpeg 1536w, https:\/\/serveiseducatius.xtec.cat\/apa\/wp-content\/uploads\/usu2951\/2025\/12\/7043ba3b-9efd-4c09-8ee1-0473f3c0aecb.jpeg 1600w\" sizes=\"auto, (max-width: 380px) 100vw, 380px\" \/><\/a><u><\/u><u><\/u>Es remarca la import\u00e0ncia de poder oferir i acollir una iniciativa d\u2019aquesta magnitud, que refor\u00e7a la col\u00b7laboraci\u00f3 amb espais esc\u00e8nics de refer\u00e8ncia i posa en valor la cultura com a motor educatiu i territorial.<u><\/u><u><\/u><\/p>\n<p class=\"m_-2046050591589697382s27\">\u00a0<u><\/u><u><\/u>Amb aquesta jornada, el territori fa un pas m\u00e9s en la dinamitzaci\u00f3 cultural i amb la creaci\u00f3 d\u2019oportunitats formatives de qualitat que connecten educaci\u00f3, comunitat i arts esc\u00e8niques.<u><\/u><u><\/u><\/p>\n<p class=\"m_-2046050591589697382s27\">\u00a0<u><\/u><u><\/u><\/p>\n<p>&nbsp;<\/p>\n<p><a href=\"https:\/\/serveiseducatius.xtec.cat\/apa\/wp-content\/uploads\/usu2951\/2025\/12\/8967d589-65e3-440c-b869-4e0f88fb3f2c-1.jpeg\"><img loading=\"lazy\" decoding=\"async\" class=\"wp-image-10720 alignright\" src=\"https:\/\/serveiseducatius.xtec.cat\/apa\/wp-content\/uploads\/usu2951\/2025\/12\/8967d589-65e3-440c-b869-4e0f88fb3f2c-1-225x300.jpeg\" alt=\"\" width=\"355\" height=\"473\" srcset=\"https:\/\/serveiseducatius.xtec.cat\/apa\/wp-content\/uploads\/usu2951\/2025\/12\/8967d589-65e3-440c-b869-4e0f88fb3f2c-1-225x300.jpeg 225w, https:\/\/serveiseducatius.xtec.cat\/apa\/wp-content\/uploads\/usu2951\/2025\/12\/8967d589-65e3-440c-b869-4e0f88fb3f2c-1-768x1024.jpeg 768w, https:\/\/serveiseducatius.xtec.cat\/apa\/wp-content\/uploads\/usu2951\/2025\/12\/8967d589-65e3-440c-b869-4e0f88fb3f2c-1-1152x1536.jpeg 1152w, https:\/\/serveiseducatius.xtec.cat\/apa\/wp-content\/uploads\/usu2951\/2025\/12\/8967d589-65e3-440c-b869-4e0f88fb3f2c-1.jpeg 1200w\" sizes=\"auto, (max-width: 355px) 100vw, 355px\" \/><\/a><\/p>\n<p class=\"m_-2046050591589697382s27\">La proposta neix de laCultivadora, una iniciativa amb vocaci\u00f3 p\u00fablica per aprofundir en la relaci\u00f3 entre arts i educaci\u00f3 dels sis equipaments esc\u00e8nics i musicals nacionals, L\u2019Auditori, el Gran Teatre del Liceu, el Mercat de les Flors, el Palau de la M\u00fasica, el Teatre Lliure i el Teatre Nacional de Catalunya amb el suport del Programa per a la millora de la pres\u00e8ncia de les arts i la cultura en l\u2019educaci\u00f3. Una iniciativa conjunta dels departaments d\u2019Educaci\u00f3 i Formaci\u00f3 Professional i de Cultura de la Generalitat de Catalunya que neix amb l\u2019objectiu de vincular encara m\u00e9s les arts i la cultura al sistema educatiu, promovent l\u2019acc\u00e9s universal i la participaci\u00f3 cultural entre infants i joves. El programa pret\u00e9n impulsar les pr\u00e0ctiques art\u00edstiques com a eina tant per enriquir l\u2019aprenentatge i la millora educativa, aix\u00ed com per garantir una educaci\u00f3 m\u00e9s creativa, inclusiva i globalitzada.<\/p>\n<p>&nbsp;<\/p>\n<p><a href=\"https:\/\/www.pallarsdigital.cat\/cultura\/22306-tremp-acull-jornada-arts-esceniques-musicals-la-lira\">https:\/\/www.pallarsdigital.cat\/cultura\/22306-tremp-acull-jornada-arts-esceniques-musicals-la-lira<\/a><\/p>\n","protected":false},"excerpt":{"rendered":"<p>L\u2019Ajuntament de Tremp, amb el suport del Serveis Territorials de Cultura i d\u2019Educaci\u00f3 i Formaci\u00f3 Professional de l\u2019Alt Pirineu i Aran, ha acollit a l\u2019Espai Cultural La Lira la primera\u00a0Jornada d\u2019Arts Esc\u00e8niques i Musicals de\u00a0LaCultivadora. Aquesta \u00e9s una\u00a0iniciativa pionera adre\u00e7ada al professorat de totes les&hellip;  <a href=\"https:\/\/serveiseducatius.xtec.cat\/apa\/general\/tremp-acull-una-jornada-darts-esceniques-i-musicals-de-lacultivadora-a-lespai-cultural-la-lira\/\" title=\"Read TREMP ACULL UNA JORNADA D\u2019ARTS ESC\u00c8NIQUES I MUSICALS DE LACULTIVADORA A L\u2019ESPAI CULTURAL LA LIRA\">Llegeix m\u00e9s\u00bb<\/a><\/p>\n","protected":false},"author":1,"featured_media":10722,"comment_status":"closed","ping_status":"open","sticky":false,"template":"","format":"standard","meta":{"_bbp_topic_count":0,"_bbp_reply_count":0,"_bbp_total_topic_count":0,"_bbp_total_reply_count":0,"_bbp_voice_count":0,"_bbp_anonymous_reply_count":0,"_bbp_topic_count_hidden":0,"_bbp_reply_count_hidden":0,"_bbp_forum_subforum_count":0,"footnotes":""},"categories":[1,29],"tags":[],"class_list":["post-10717","post","type-post","status-publish","format-standard","has-post-thumbnail","hentry","category-general","category-portada"],"post_mailing_queue_ids":[],"_links":{"self":[{"href":"https:\/\/serveiseducatius.xtec.cat\/apa\/wp-json\/wp\/v2\/posts\/10717","targetHints":{"allow":["GET"]}}],"collection":[{"href":"https:\/\/serveiseducatius.xtec.cat\/apa\/wp-json\/wp\/v2\/posts"}],"about":[{"href":"https:\/\/serveiseducatius.xtec.cat\/apa\/wp-json\/wp\/v2\/types\/post"}],"author":[{"embeddable":true,"href":"https:\/\/serveiseducatius.xtec.cat\/apa\/wp-json\/wp\/v2\/users\/1"}],"replies":[{"embeddable":true,"href":"https:\/\/serveiseducatius.xtec.cat\/apa\/wp-json\/wp\/v2\/comments?post=10717"}],"version-history":[{"count":4,"href":"https:\/\/serveiseducatius.xtec.cat\/apa\/wp-json\/wp\/v2\/posts\/10717\/revisions"}],"predecessor-version":[{"id":10726,"href":"https:\/\/serveiseducatius.xtec.cat\/apa\/wp-json\/wp\/v2\/posts\/10717\/revisions\/10726"}],"wp:featuredmedia":[{"embeddable":true,"href":"https:\/\/serveiseducatius.xtec.cat\/apa\/wp-json\/wp\/v2\/media\/10722"}],"wp:attachment":[{"href":"https:\/\/serveiseducatius.xtec.cat\/apa\/wp-json\/wp\/v2\/media?parent=10717"}],"wp:term":[{"taxonomy":"category","embeddable":true,"href":"https:\/\/serveiseducatius.xtec.cat\/apa\/wp-json\/wp\/v2\/categories?post=10717"},{"taxonomy":"post_tag","embeddable":true,"href":"https:\/\/serveiseducatius.xtec.cat\/apa\/wp-json\/wp\/v2\/tags?post=10717"}],"curies":[{"name":"wp","href":"https:\/\/api.w.org\/{rel}","templated":true}]}}