{"id":10550,"date":"2025-09-10T07:50:49","date_gmt":"2025-09-10T05:50:49","guid":{"rendered":"https:\/\/serveiseducatius.xtec.cat\/apa\/?p=10550"},"modified":"2025-09-10T07:51:38","modified_gmt":"2025-09-10T05:51:38","slug":"el-nou-curs-comenca-amb-menys-alumnes-mes-docents-i-un-nou-institut-escola-a-lalt-pirineu-i-aran","status":"publish","type":"post","link":"https:\/\/serveiseducatius.xtec.cat\/apa\/general\/el-nou-curs-comenca-amb-menys-alumnes-mes-docents-i-un-nou-institut-escola-a-lalt-pirineu-i-aran\/","title":{"rendered":"El nou curs comen\u00e7a amb menys alumnes, m\u00e9s docents i un nou institut escola a l\u2019Alt Pirineu i Aran"},"content":{"rendered":"<p>Es calcula que es pot arribar als 11.000 alumnes al llarg del curs escolar<\/p>\n<p>setembre 8, 2025<\/p>\n<p><img loading=\"lazy\" decoding=\"async\" class=\"size-medium wp-image-10551 alignleft\" src=\"https:\/\/serveiseducatius.xtec.cat\/apa\/wp-content\/uploads\/usu2951\/2025\/09\/Captura-300x205.png\" alt=\"\" width=\"300\" height=\"205\" srcset=\"https:\/\/serveiseducatius.xtec.cat\/apa\/wp-content\/uploads\/usu2951\/2025\/09\/Captura-300x205.png 300w, https:\/\/serveiseducatius.xtec.cat\/apa\/wp-content\/uploads\/usu2951\/2025\/09\/Captura-768x526.png 768w, https:\/\/serveiseducatius.xtec.cat\/apa\/wp-content\/uploads\/usu2951\/2025\/09\/Captura.png 979w\" sizes=\"auto, (max-width: 300px) 100vw, 300px\" \/><\/p>\n<p>M.B.F. (La Pobla de Segur).- El nou curs escolar 2025-2026 ha comen\u00e7at aquest dilluns amb normalitat a la majoria de centres educatius de l\u2019Alt Pirineu i Aran, malgrat haver baixat 55 alumnes. Tot i aquest descens en la matr\u00edcula, es compta amb 8 docents m\u00e9s.<\/p>\n<p>Enguany hi ha matriculats prop de 10.600 alumnes i es calcula que es pot arribar als 11.000 al llarg del curs. Mentrestant, hi ha m\u00e9s d\u2019un miler de mestres i professors, als que s\u2019hi suma personal que treballa al voltant de l\u2019atenci\u00f3 educativa.<\/p>\n<p>Des dels Serveis Territorials del Departament d\u2019Educaci\u00f3, la seva directora, Carlota Valls, ha volgut agrair la feina feta pel professorat i membres dels serveis educatius per poder donar la rebuda amb tot a punt a l\u2019alumnat, aix\u00ed com la confian\u00e7a que les fam\u00edlies fan a les escoles per deixar els seus fills i filles. Precisament, els Serveis Territorials han volgut inaugurar el curs des de l\u2019Escola Els Raiers de la Pobla de Segur, un centre que va ser reformat i ampliat fa uns anys per poder incloure m\u00e9s serveis i que enguany estrena nou equip directiu. Emma Carrera, la nova directora de l\u2019escola Els Raiers, ha volgut remarcar que el centre est\u00e0 ubicat en un indret privilegiat, fet que facilita poder donar prioritat al coneixement vinculat amb l\u2019entorn.<\/p>\n<p><strong>Nou institut escola i nova llar d\u2019infants<\/strong><br \/>\nEntre les novetats destacades en aquest inici de curs al Pirineu hi ha el nou Institut Escola Bellver, a Bellver de Cerdanya, que parteix de l\u2019antiga Escola Mare de D\u00e9u de Tall\u00f3, a la que s\u2019hi afegir\u00e0 una l\u00ednia d\u2019ESO amb 25 places per curs. L\u2019equipament permetr\u00e0 dotar a l\u2019alumnat del municipi i voltants d\u2019una oferta de secund\u00e0ria propera als seus domicilis sense haver de traslladar-se a la capital de la comarca com fins ara; aix\u00ed com d\u2019un projecte educatiu de continu\u00eftat en l\u2019educaci\u00f3 obligat\u00f2ria.<\/p>\n<p>Per la seva banda, Sal\u00e0s de Pallars, al Pallars Juss\u00e0, ofereix com a novetat els cursos de primer i segon d\u2019Educaci\u00f3 Infantil, \u00e9s a dir, llar d\u2019infants. Una mesura que pret\u00e9n lluitar contra el despoblament al Pirineu.<\/p>\n<p><strong>Un curs sense m\u00f2bils<\/strong><br \/>\nUn dels fets m\u00e9s destacats arreu del pa\u00eds \u00e9s la prohibici\u00f3 dels m\u00f2bils a les classes. Des dels Serveis Territorials d\u2019Educaci\u00f3 a l\u2019Alt Pirineu i Aran han remarcat que recolzen aquesta iniciativa ja que, en paraules de Valls, \u201ces considera que s\u2019ha de venir a aprendre i es necessita un entorn que faciliti aquest aprenentatge. Les pantalles requereixen d\u2019un bon \u00fas perqu\u00e8 es puguin considerar una eina educativa, per tant les\u00a0 que s\u2019utilitzaran seran les d\u2019aquells dispositius els quals el professorat han preparat com una eina tecnol\u00f2gica per poder afavorir aquest aprenentatge\u201d. Tamb\u00e9 s\u2019explica que els m\u00f2bils sovint queden fora del control dels mestres i docents i, a Secund\u00e0ria, s\u00f3n una font de conflicte. Per aix\u00f2 es considera que la millor soluci\u00f3 \u00e9s que no el portin, un fet que pot millorar la comunicaci\u00f3 interpersonal.<\/p>\n<p><strong>Un repte en auge: la inclusi\u00f3<\/strong><br \/>\nMalgrat haver-hi menys alumnat en general, des dels Serveis Territorials han destacat que enguany ha crescut el nombres d\u2019alumnat amb necessitats educatives especials. Un repte que es marca l\u2019escola p\u00fablica, que incorpora cada vegada m\u00e9s docents especialistes que puguin donar resposta aquestes necessitats de la millor manera possible.<\/p>\n<p>Font: <a href=\"https:\/\/pirineusdigital.cat\/el-nou-curs-comenca-amb-menys-alumnes-mes-docents-i-un-nou-institut-escola-a-lalt-pirineu-i-aran\/\">Pirineus Digital<\/a><\/p>\n<p>&nbsp;<\/p>\n","protected":false},"excerpt":{"rendered":"<p>.&hellip;  <a href=\"https:\/\/serveiseducatius.xtec.cat\/apa\/general\/el-nou-curs-comenca-amb-menys-alumnes-mes-docents-i-un-nou-institut-escola-a-lalt-pirineu-i-aran\/\" title=\"Read El nou curs comen\u00e7a amb menys alumnes, m\u00e9s docents i un nou institut escola a l\u2019Alt Pirineu i Aran\">Llegeix m\u00e9s\u00bb<\/a><\/p>\n","protected":false},"author":1,"featured_media":10551,"comment_status":"closed","ping_status":"open","sticky":false,"template":"","format":"standard","meta":{"_bbp_topic_count":0,"_bbp_reply_count":0,"_bbp_total_topic_count":0,"_bbp_total_reply_count":0,"_bbp_voice_count":0,"_bbp_anonymous_reply_count":0,"_bbp_topic_count_hidden":0,"_bbp_reply_count_hidden":0,"_bbp_forum_subforum_count":0,"footnotes":""},"categories":[1,29],"tags":[],"class_list":["post-10550","post","type-post","status-publish","format-standard","has-post-thumbnail","hentry","category-general","category-portada"],"post_mailing_queue_ids":[],"_links":{"self":[{"href":"https:\/\/serveiseducatius.xtec.cat\/apa\/wp-json\/wp\/v2\/posts\/10550","targetHints":{"allow":["GET"]}}],"collection":[{"href":"https:\/\/serveiseducatius.xtec.cat\/apa\/wp-json\/wp\/v2\/posts"}],"about":[{"href":"https:\/\/serveiseducatius.xtec.cat\/apa\/wp-json\/wp\/v2\/types\/post"}],"author":[{"embeddable":true,"href":"https:\/\/serveiseducatius.xtec.cat\/apa\/wp-json\/wp\/v2\/users\/1"}],"replies":[{"embeddable":true,"href":"https:\/\/serveiseducatius.xtec.cat\/apa\/wp-json\/wp\/v2\/comments?post=10550"}],"version-history":[{"count":2,"href":"https:\/\/serveiseducatius.xtec.cat\/apa\/wp-json\/wp\/v2\/posts\/10550\/revisions"}],"predecessor-version":[{"id":10553,"href":"https:\/\/serveiseducatius.xtec.cat\/apa\/wp-json\/wp\/v2\/posts\/10550\/revisions\/10553"}],"wp:featuredmedia":[{"embeddable":true,"href":"https:\/\/serveiseducatius.xtec.cat\/apa\/wp-json\/wp\/v2\/media\/10551"}],"wp:attachment":[{"href":"https:\/\/serveiseducatius.xtec.cat\/apa\/wp-json\/wp\/v2\/media?parent=10550"}],"wp:term":[{"taxonomy":"category","embeddable":true,"href":"https:\/\/serveiseducatius.xtec.cat\/apa\/wp-json\/wp\/v2\/categories?post=10550"},{"taxonomy":"post_tag","embeddable":true,"href":"https:\/\/serveiseducatius.xtec.cat\/apa\/wp-json\/wp\/v2\/tags?post=10550"}],"curies":[{"name":"wp","href":"https:\/\/api.w.org\/{rel}","templated":true}]}}