{"id":10450,"date":"2025-07-11T13:54:50","date_gmt":"2025-07-11T11:54:50","guid":{"rendered":"https:\/\/serveiseducatius.xtec.cat\/apa\/?p=10450"},"modified":"2025-07-16T09:56:06","modified_gmt":"2025-07-16T07:56:06","slug":"els-centres-escolars-de-lalt-pirineu-i-aran-reben-lagenda-que-fomenta-leducacio-ambiental","status":"publish","type":"post","link":"https:\/\/serveiseducatius.xtec.cat\/apa\/xarxa-descoles-interparcs-del-pirineu\/els-centres-escolars-de-lalt-pirineu-i-aran-reben-lagenda-que-fomenta-leducacio-ambiental\/","title":{"rendered":"Els centres escolars de l\u2019Alt Pirineu i Aran reben l\u2019agenda que fomenta l\u2019educaci\u00f3 ambiental"},"content":{"rendered":"<h2 class=\"post-summary\">Comen\u00e7a la distribuci\u00f3 d\u2019una agenda escolar per refor\u00e7ar el vincle dels infants amb el medi natural, que arribar\u00e0 a uns 4.000 alumnes de l\u2019Alt Pirineu i Aran.<\/h2>\n<p>&nbsp;<\/p>\n<p><a href=\"https:\/\/serveiseducatius.xtec.cat\/apa\/wp-content\/uploads\/usu2951\/2025\/07\/3a_AGENDA_ESCOLAR01-pallars-jussa.jpg\"><img loading=\"lazy\" decoding=\"async\" class=\"alignnone wp-image-10451\" src=\"https:\/\/serveiseducatius.xtec.cat\/apa\/wp-content\/uploads\/usu2951\/2025\/07\/3a_AGENDA_ESCOLAR01-pallars-jussa-1024x576.jpg\" alt=\"\" width=\"641\" height=\"361\" srcset=\"https:\/\/serveiseducatius.xtec.cat\/apa\/wp-content\/uploads\/usu2951\/2025\/07\/3a_AGENDA_ESCOLAR01-pallars-jussa-1024x576.jpg 1024w, https:\/\/serveiseducatius.xtec.cat\/apa\/wp-content\/uploads\/usu2951\/2025\/07\/3a_AGENDA_ESCOLAR01-pallars-jussa-300x169.jpg 300w, https:\/\/serveiseducatius.xtec.cat\/apa\/wp-content\/uploads\/usu2951\/2025\/07\/3a_AGENDA_ESCOLAR01-pallars-jussa-768x432.jpg 768w, https:\/\/serveiseducatius.xtec.cat\/apa\/wp-content\/uploads\/usu2951\/2025\/07\/3a_AGENDA_ESCOLAR01-pallars-jussa-1536x864.jpg 1536w, https:\/\/serveiseducatius.xtec.cat\/apa\/wp-content\/uploads\/usu2951\/2025\/07\/3a_AGENDA_ESCOLAR01-pallars-jussa.jpg 1920w\" sizes=\"auto, (max-width: 641px) 100vw, 641px\" \/><\/a><\/p>\n<p><span style=\"font-size: 10pt;\">Portada i contraportada de les agendes escolars del Pirineu per al curs vinent.\/J.B.<\/span><\/p>\n<p>JOSE BERG\u00c9S (Tremp).- Comen\u00e7a la distribuci\u00f3 de l\u2019Agenda Escolar Interparcs del Pirineu 2025-2026 als centres educatius de l\u2019Alt Pirineu i Aran, una iniciativa impulsada pel Departament de Territori, Habitatge i Transici\u00f3 Ecol\u00f2gica, conjuntament amb el Departament d\u2019Educaci\u00f3 i Formaci\u00f3 Professional, que sorgeix amb l\u2019objectiu de refor\u00e7ar el vincle dels infants amb el medi natural.<\/p>\n<p>Com ha explicat Quico Peris, cap de l\u2019\u00c0rea de Coordinaci\u00f3 i Planificaci\u00f3 Escolar, \u201ccada centre t\u00e9 unes p\u00e0gines personalitzades, amb elements que afavoreixen el coneixement de les caracter\u00edstiques dels espais naturals de cada territori\u201d.<\/p>\n<p><a href=\"https:\/\/serveiseducatius.xtec.cat\/apa\/wp-content\/uploads\/usu2951\/2025\/07\/3a_AGENDA_ESCOLAR0.jpg\"><img loading=\"lazy\" decoding=\"async\" class=\"alignnone wp-image-10452\" src=\"https:\/\/serveiseducatius.xtec.cat\/apa\/wp-content\/uploads\/usu2951\/2025\/07\/3a_AGENDA_ESCOLAR0-1024x576.jpg\" alt=\"\" width=\"514\" height=\"289\" srcset=\"https:\/\/serveiseducatius.xtec.cat\/apa\/wp-content\/uploads\/usu2951\/2025\/07\/3a_AGENDA_ESCOLAR0-1024x576.jpg 1024w, https:\/\/serveiseducatius.xtec.cat\/apa\/wp-content\/uploads\/usu2951\/2025\/07\/3a_AGENDA_ESCOLAR0-300x169.jpg 300w, https:\/\/serveiseducatius.xtec.cat\/apa\/wp-content\/uploads\/usu2951\/2025\/07\/3a_AGENDA_ESCOLAR0-768x432.jpg 768w, https:\/\/serveiseducatius.xtec.cat\/apa\/wp-content\/uploads\/usu2951\/2025\/07\/3a_AGENDA_ESCOLAR0.jpg 1200w\" sizes=\"auto, (max-width: 514px) 100vw, 514px\" \/><\/a><\/p>\n<p><span style=\"font-size: 10pt;\">\u00a0 \u00a0 \u00a0 \u00a0 \u00a0A l\u2019interior de l\u2019agenda, hi ha consell per a protegir l\u2019entorn natural.\/J.B.<\/span><\/p>\n<p>Aix\u00ed, a l\u2019agenda, que arribar\u00e0 a uns 4.000 alumnes d\u2019una quarantena de centres escolars de la vegueria, \u201caporten coneixements de fauna, flora i espais naturals, aix\u00ed com pautes per al respecte i la conservaci\u00f3 del medi natural, que ajudaran als professionals de la doc\u00e8ncia a fer estimar la natura que ens envolta\u201d, ha comentat Peris.<\/p>\n<p>La iniciativa ha comptat amb la col\u00b7laboraci\u00f3 dels parcs naturals de Cad\u00ed-Moixer\u00f3 i l\u2019Alt Pirineu, i el Parc Nacional d\u2019Aig\u00fcestortes i Estany de Sant Maurici; del Geoparc Or\u00edgens; de la Reserva Nacional de Ca\u00e7a de Boumort i del Conselh Generau d\u2019Aran. Un esfor\u00e7 en com\u00fa per ajudar a refor\u00e7ar el vincle dels infants amb el medi natural.<\/p>\n<p>Font d&#8217;informaci\u00f3: Pirineus Digital.<\/p>\n<p>M\u00e9s informaci\u00f3:<\/p>\n<h1 class=\"post-title\"><a href=\"https:\/\/pirineustv.cat\/comenca-a-distribuir-se-pels-centres-escolars-lagenda-que-fomenta-leducacio-ambiental\"><span style=\"font-size: 10pt;\">COMEN\u00c7A A DISTRIBUIR-SE PELS CENTRES ESCOLARS L\u2019AGENDA QUE FOMENTA L\u2019EDUCACI\u00d3 AMBIENTAL (Pirineu TV).<\/span><\/a><\/h1>\n","protected":false},"excerpt":{"rendered":"<p>.&hellip;  <a href=\"https:\/\/serveiseducatius.xtec.cat\/apa\/xarxa-descoles-interparcs-del-pirineu\/els-centres-escolars-de-lalt-pirineu-i-aran-reben-lagenda-que-fomenta-leducacio-ambiental\/\" title=\"Read Els centres escolars de l\u2019Alt Pirineu i Aran reben l\u2019agenda que fomenta l\u2019educaci\u00f3 ambiental\">Llegeix m\u00e9s\u00bb<\/a><\/p>\n","protected":false},"author":1,"featured_media":10451,"comment_status":"closed","ping_status":"open","sticky":false,"template":"","format":"standard","meta":{"_bbp_topic_count":0,"_bbp_reply_count":0,"_bbp_total_topic_count":0,"_bbp_total_reply_count":0,"_bbp_voice_count":0,"_bbp_anonymous_reply_count":0,"_bbp_topic_count_hidden":0,"_bbp_reply_count_hidden":0,"_bbp_forum_subforum_count":0,"footnotes":""},"categories":[316],"tags":[],"class_list":["post-10450","post","type-post","status-publish","format-standard","has-post-thumbnail","hentry","category-xarxa-descoles-interparcs-del-pirineu"],"post_mailing_queue_ids":[],"_links":{"self":[{"href":"https:\/\/serveiseducatius.xtec.cat\/apa\/wp-json\/wp\/v2\/posts\/10450","targetHints":{"allow":["GET"]}}],"collection":[{"href":"https:\/\/serveiseducatius.xtec.cat\/apa\/wp-json\/wp\/v2\/posts"}],"about":[{"href":"https:\/\/serveiseducatius.xtec.cat\/apa\/wp-json\/wp\/v2\/types\/post"}],"author":[{"embeddable":true,"href":"https:\/\/serveiseducatius.xtec.cat\/apa\/wp-json\/wp\/v2\/users\/1"}],"replies":[{"embeddable":true,"href":"https:\/\/serveiseducatius.xtec.cat\/apa\/wp-json\/wp\/v2\/comments?post=10450"}],"version-history":[{"count":4,"href":"https:\/\/serveiseducatius.xtec.cat\/apa\/wp-json\/wp\/v2\/posts\/10450\/revisions"}],"predecessor-version":[{"id":10515,"href":"https:\/\/serveiseducatius.xtec.cat\/apa\/wp-json\/wp\/v2\/posts\/10450\/revisions\/10515"}],"wp:featuredmedia":[{"embeddable":true,"href":"https:\/\/serveiseducatius.xtec.cat\/apa\/wp-json\/wp\/v2\/media\/10451"}],"wp:attachment":[{"href":"https:\/\/serveiseducatius.xtec.cat\/apa\/wp-json\/wp\/v2\/media?parent=10450"}],"wp:term":[{"taxonomy":"category","embeddable":true,"href":"https:\/\/serveiseducatius.xtec.cat\/apa\/wp-json\/wp\/v2\/categories?post=10450"},{"taxonomy":"post_tag","embeddable":true,"href":"https:\/\/serveiseducatius.xtec.cat\/apa\/wp-json\/wp\/v2\/tags?post=10450"}],"curies":[{"name":"wp","href":"https:\/\/api.w.org\/{rel}","templated":true}]}}