{"id":10336,"date":"2025-06-17T13:21:40","date_gmt":"2025-06-17T11:21:40","guid":{"rendered":"https:\/\/serveiseducatius.xtec.cat\/apa\/?p=10336"},"modified":"2025-06-20T11:58:47","modified_gmt":"2025-06-20T09:58:47","slug":"jornades-cda-i-eda-2024-25","status":"publish","type":"post","link":"https:\/\/serveiseducatius.xtec.cat\/apa\/xarxa-descoles-interparcs-del-pirineu\/xarxa-descoles-interparcs-del-pirineu-xarxa-descoles-interparcs-del-pirineu\/jornades-cda-i-eda-2024-25\/","title":{"rendered":"Jornades CdA i EdA 2024\/25"},"content":{"rendered":"<p><a href=\"https:\/\/serveiseducatius.xtec.cat\/apa\/wp-content\/uploads\/usu2951\/2025\/06\/CdA-1.Doc6_.pdf\">CdA 1.Doc6<\/a>Els pr\u00f2xims dies 2,3 i 4 de juliol tindr\u00e0 lloc, a les instal\u00b7lacions del CdA de la Vall de Bo\u00ed, la trobada anual de Camps d&#8217;aprenentatge i Entorns d&#8217;aprenentatge de Catalunya.<\/p>\n<p>Els CdA de Catalunya s\u00f3n: CdA del Delta de l&#8217;Ebre, CdA de l&#8217;Alt Bergued\u00e0, CdA de la Garrotxa, CdA de Juneda, CdA de Tuixent-Cad\u00ed Moixer\u00f3, CdA de Can Santoi, CdA del Ripoll\u00e8s, CdA de la Vall de Bo\u00ed, CdA de Flix, CdA de les Valls d&#8217;\u00c0neu, CdA Pau Casals, CdA de Tremp, CdA de la Noguera,\u00a0 CdA del Bages, CdA de Barcelona, CdA de la Ciutat de Tarragona, CdA d&#8217;Emp\u00faries, CdA dels Monestirs del Cister, CdA de Pujalt, EdA de Cardona i EdA del Canig\u00f3, en total 21.<\/p>\n<p>Els CdA esdevenen un recurs imprescindible de suport curricular per a les escoles del tot el territori posant en relleu els valors naturals, socials\u00a0i culturals de Catalunya.<\/p>\n<p><img loading=\"lazy\" decoding=\"async\" class=\"alignnone wp-image-10338\" src=\"https:\/\/serveiseducatius.xtec.cat\/apa\/wp-content\/uploads\/usu2951\/2025\/06\/Cara-1-triptic-1024x721.png\" alt=\"\" width=\"795\" height=\"560\" srcset=\"https:\/\/serveiseducatius.xtec.cat\/apa\/wp-content\/uploads\/usu2951\/2025\/06\/Cara-1-triptic-1024x721.png 1024w, https:\/\/serveiseducatius.xtec.cat\/apa\/wp-content\/uploads\/usu2951\/2025\/06\/Cara-1-triptic-300x211.png 300w, https:\/\/serveiseducatius.xtec.cat\/apa\/wp-content\/uploads\/usu2951\/2025\/06\/Cara-1-triptic-768x541.png 768w, https:\/\/serveiseducatius.xtec.cat\/apa\/wp-content\/uploads\/usu2951\/2025\/06\/Cara-1-triptic.png 1123w\" sizes=\"auto, (max-width: 795px) 100vw, 795px\" \/><\/p>\n<p><img loading=\"lazy\" decoding=\"async\" class=\"alignnone wp-image-10339\" src=\"https:\/\/serveiseducatius.xtec.cat\/apa\/wp-content\/uploads\/usu2951\/2025\/06\/Cara-2-triptic-1024x720.png\" alt=\"\" width=\"795\" height=\"559\" srcset=\"https:\/\/serveiseducatius.xtec.cat\/apa\/wp-content\/uploads\/usu2951\/2025\/06\/Cara-2-triptic-1024x720.png 1024w, https:\/\/serveiseducatius.xtec.cat\/apa\/wp-content\/uploads\/usu2951\/2025\/06\/Cara-2-triptic-300x211.png 300w, https:\/\/serveiseducatius.xtec.cat\/apa\/wp-content\/uploads\/usu2951\/2025\/06\/Cara-2-triptic-768x540.png 768w, https:\/\/serveiseducatius.xtec.cat\/apa\/wp-content\/uploads\/usu2951\/2025\/06\/Cara-2-triptic.png 1120w\" sizes=\"auto, (max-width: 795px) 100vw, 795px\" \/><\/p>\n","protected":false},"excerpt":{"rendered":"<p>.&hellip;  <a href=\"https:\/\/serveiseducatius.xtec.cat\/apa\/xarxa-descoles-interparcs-del-pirineu\/xarxa-descoles-interparcs-del-pirineu-xarxa-descoles-interparcs-del-pirineu\/jornades-cda-i-eda-2024-25\/\" title=\"Read Jornades CdA i EdA 2024\/25\">Llegeix m\u00e9s\u00bb<\/a><\/p>\n","protected":false},"author":1,"featured_media":10357,"comment_status":"closed","ping_status":"open","sticky":false,"template":"","format":"standard","meta":{"_bbp_topic_count":0,"_bbp_reply_count":0,"_bbp_total_topic_count":0,"_bbp_total_reply_count":0,"_bbp_voice_count":0,"_bbp_anonymous_reply_count":0,"_bbp_topic_count_hidden":0,"_bbp_reply_count_hidden":0,"_bbp_forum_subforum_count":0,"footnotes":""},"categories":[331],"tags":[],"class_list":["post-10336","post","type-post","status-publish","format-standard","has-post-thumbnail","hentry","category-xarxa-descoles-interparcs-del-pirineu-xarxa-descoles-interparcs-del-pirineu"],"post_mailing_queue_ids":[],"_links":{"self":[{"href":"https:\/\/serveiseducatius.xtec.cat\/apa\/wp-json\/wp\/v2\/posts\/10336","targetHints":{"allow":["GET"]}}],"collection":[{"href":"https:\/\/serveiseducatius.xtec.cat\/apa\/wp-json\/wp\/v2\/posts"}],"about":[{"href":"https:\/\/serveiseducatius.xtec.cat\/apa\/wp-json\/wp\/v2\/types\/post"}],"author":[{"embeddable":true,"href":"https:\/\/serveiseducatius.xtec.cat\/apa\/wp-json\/wp\/v2\/users\/1"}],"replies":[{"embeddable":true,"href":"https:\/\/serveiseducatius.xtec.cat\/apa\/wp-json\/wp\/v2\/comments?post=10336"}],"version-history":[{"count":4,"href":"https:\/\/serveiseducatius.xtec.cat\/apa\/wp-json\/wp\/v2\/posts\/10336\/revisions"}],"predecessor-version":[{"id":10350,"href":"https:\/\/serveiseducatius.xtec.cat\/apa\/wp-json\/wp\/v2\/posts\/10336\/revisions\/10350"}],"wp:featuredmedia":[{"embeddable":true,"href":"https:\/\/serveiseducatius.xtec.cat\/apa\/wp-json\/wp\/v2\/media\/10357"}],"wp:attachment":[{"href":"https:\/\/serveiseducatius.xtec.cat\/apa\/wp-json\/wp\/v2\/media?parent=10336"}],"wp:term":[{"taxonomy":"category","embeddable":true,"href":"https:\/\/serveiseducatius.xtec.cat\/apa\/wp-json\/wp\/v2\/categories?post=10336"},{"taxonomy":"post_tag","embeddable":true,"href":"https:\/\/serveiseducatius.xtec.cat\/apa\/wp-json\/wp\/v2\/tags?post=10336"}],"curies":[{"name":"wp","href":"https:\/\/api.w.org\/{rel}","templated":true}]}}