{"id":10289,"date":"2025-06-09T12:18:23","date_gmt":"2025-06-09T10:18:23","guid":{"rendered":"https:\/\/serveiseducatius.xtec.cat\/apa\/?p=10289"},"modified":"2025-06-09T12:23:09","modified_gmt":"2025-06-09T10:23:09","slug":"15-anys-de-seguiment-doreneta-cua-blanca-a-esterri-daneu-a-lassemblea-dels-50-anys-de-linstitut-catala-dornitologia","status":"publish","type":"post","link":"https:\/\/serveiseducatius.xtec.cat\/apa\/general\/15-anys-de-seguiment-doreneta-cua-blanca-a-esterri-daneu-a-lassemblea-dels-50-anys-de-linstitut-catala-dornitologia\/","title":{"rendered":"15 anys de seguiment d&#8217;Oreneta cua-blanca a Esterri d&#8217;\u00c0neu a l&#8217;Assemblea dels 50 anys de l&#8217;Institut Catal\u00e0 d&#8217;Ornitologia"},"content":{"rendered":"<p>Fa uns dies el <a href=\"https:\/\/x.com\/CdaVallsAneu\">@CdaVallsAneu<\/a> vam assistir a l&#8217;Assemblea dels 50 anys de l&#8217;Institut Catal\u00e0 d&#8217;Ornitologia. Des de l&#8217;<a href=\"https:\/\/x.com\/ICOcells\">@ICOcells<\/a> ens hi van convidar per explicar l&#8217;experi\u00e8ncia de dur a terme el Projecte Orenetes des de fa 15 anys amb l&#8217;#EscolaLaClosa #Esterrid\u00c0neu.<\/p>\n<p><img loading=\"lazy\" decoding=\"async\" class=\"wp-image-10290 alignleft\" src=\"https:\/\/serveiseducatius.xtec.cat\/apa\/wp-content\/uploads\/usu2951\/2025\/06\/oreneta.png\" alt=\"\" width=\"572\" height=\"426\" srcset=\"https:\/\/serveiseducatius.xtec.cat\/apa\/wp-content\/uploads\/usu2951\/2025\/06\/oreneta.png 1023w, https:\/\/serveiseducatius.xtec.cat\/apa\/wp-content\/uploads\/usu2951\/2025\/06\/oreneta-300x223.png 300w, https:\/\/serveiseducatius.xtec.cat\/apa\/wp-content\/uploads\/usu2951\/2025\/06\/oreneta-768x572.png 768w, https:\/\/serveiseducatius.xtec.cat\/apa\/wp-content\/uploads\/usu2951\/2025\/06\/oreneta-200x150.png 200w\" sizes=\"auto, (max-width: 572px) 100vw, 572px\" \/><\/p>\n<p>Qu\u00e8 \u00e9s el <a href=\"https:\/\/www.orenetes.cat\/el-projecte\">Projecte Orenetes<\/a>?<br \/>\nEl projecte Orenetes \u00e9s una iniciativa d&#8217;estudi dels ocells i el medi urb\u00e0 basada en la participaci\u00f3 ciutadana i en el seguiment dels nius d&#8217;oreneta cuablanca (Delichon urbicum) dels pobles i ciutats de Catalunya, Balears i Pa\u00eds Valenci\u00e0.<\/p>\n<p>Com \u00e9s l&#8217;oreneta de <a href=\"https:\/\/www.orenetes.cat\/especie\">cuablanca<\/a>?\u00a0 \u00a0 L&#8217;oreneta cuablanca \u00e9s una oreneta m\u00e9s aviat petita de color negr\u00f3s -amb brillantors o iridesc\u00e8ncies blavoses- i la panxa i la gola ben blanques. En destaca el carp\u00f3 tamb\u00e9 blanc, que li ha valgut el nom. La cua \u00e9s molt m\u00e9s curta i menys enforquillada que la de l&#8217;oreneta vulgar (Hirundo rustica) la qual t\u00e9, a m\u00e9s, la gola rogenca i no pas blanca. El roquerol (Ptyonoprogne rupestris) \u00e9s una altra oreneta que a vegades cria tamb\u00e9 a l&#8217;interior dels pobles de zones muntanyoses per\u00f2, a difer\u00e8ncia de l&#8217;oreneta cuablanca, \u00e9s de color marron\u00f3s amb la zona ventral una mica m\u00e9s clara.<\/p>\n<p>&nbsp;<\/p>\n<p>El Xavier Riera, responsable de l&#8217;\u00c0rea de Divulgaci\u00f3 i Formaci\u00f3 de l&#8217;ICO, es va posar en contacte amb nosaltres fa cosa de 2 o 3 mesos per demanar-nos de fer la pon\u00e8ncia, dins del marc de l&#8217;Assemblea General, que coincidia amb l&#8217;aniversari dels 50 anys de l&#8217;entitat. Va ser enriquidor anar-hi i coincidir amb els ornit\u00f2legs m\u00e9s destacables de Catalunya. Amb en Xavier hi tenim for\u00e7a contacte, ja que \u00e9s un dels nostres ornit\u00f2legs de cap\u00e7alera, i li fem les consultes sobre ocells quan tenim dubtes en la classificaci\u00f3 d&#8217;individus que observem quan estem amb alumnes i, a banda, aquest primer trimestre va col\u00b7laborar amb nosaltres fent de formador d&#8217;una de les sessions del curs &#8220;<a href=\"https:\/\/projectes.xtec.cat\/camps\/general\/aproximacio-al-coneixement-del-canvi-climatic-impacte-i-accions-per-un-futur-mes-sostenible-als-pirineus\/\">Aproximaci\u00f3 al coneixement del Canvi Clim\u00e0tic: Impacte i accions per un futur m\u00e9s sostenible als Pirineus<\/a>&#8221;<\/p>\n<p>&nbsp;<\/p>\n<p>&nbsp;<\/p>\n<p>&nbsp;<\/p>\n<p>&nbsp;<\/p>\n<p>&nbsp;<\/p>\n<p>&nbsp;<\/p>\n<p>&nbsp;<\/p>\n<p>&nbsp;<\/p>\n<p>&nbsp;<\/p>\n<p>&nbsp;<\/p>\n","protected":false},"excerpt":{"rendered":"<p>.&hellip;  <a href=\"https:\/\/serveiseducatius.xtec.cat\/apa\/general\/15-anys-de-seguiment-doreneta-cua-blanca-a-esterri-daneu-a-lassemblea-dels-50-anys-de-linstitut-catala-dornitologia\/\" title=\"Read 15 anys de seguiment d&#8217;Oreneta cua-blanca a Esterri d&#8217;\u00c0neu a l&#8217;Assemblea dels 50 anys de l&#8217;Institut Catal\u00e0 d&#8217;Ornitologia\">Llegeix m\u00e9s\u00bb<\/a><\/p>\n","protected":false},"author":1,"featured_media":10290,"comment_status":"closed","ping_status":"open","sticky":false,"template":"","format":"standard","meta":{"_bbp_topic_count":0,"_bbp_reply_count":0,"_bbp_total_topic_count":0,"_bbp_total_reply_count":0,"_bbp_voice_count":0,"_bbp_anonymous_reply_count":0,"_bbp_topic_count_hidden":0,"_bbp_reply_count_hidden":0,"_bbp_forum_subforum_count":0,"footnotes":""},"categories":[1,316],"tags":[],"class_list":["post-10289","post","type-post","status-publish","format-standard","has-post-thumbnail","hentry","category-general","category-xarxa-descoles-interparcs-del-pirineu"],"post_mailing_queue_ids":[],"_links":{"self":[{"href":"https:\/\/serveiseducatius.xtec.cat\/apa\/wp-json\/wp\/v2\/posts\/10289","targetHints":{"allow":["GET"]}}],"collection":[{"href":"https:\/\/serveiseducatius.xtec.cat\/apa\/wp-json\/wp\/v2\/posts"}],"about":[{"href":"https:\/\/serveiseducatius.xtec.cat\/apa\/wp-json\/wp\/v2\/types\/post"}],"author":[{"embeddable":true,"href":"https:\/\/serveiseducatius.xtec.cat\/apa\/wp-json\/wp\/v2\/users\/1"}],"replies":[{"embeddable":true,"href":"https:\/\/serveiseducatius.xtec.cat\/apa\/wp-json\/wp\/v2\/comments?post=10289"}],"version-history":[{"count":2,"href":"https:\/\/serveiseducatius.xtec.cat\/apa\/wp-json\/wp\/v2\/posts\/10289\/revisions"}],"predecessor-version":[{"id":10297,"href":"https:\/\/serveiseducatius.xtec.cat\/apa\/wp-json\/wp\/v2\/posts\/10289\/revisions\/10297"}],"wp:featuredmedia":[{"embeddable":true,"href":"https:\/\/serveiseducatius.xtec.cat\/apa\/wp-json\/wp\/v2\/media\/10290"}],"wp:attachment":[{"href":"https:\/\/serveiseducatius.xtec.cat\/apa\/wp-json\/wp\/v2\/media?parent=10289"}],"wp:term":[{"taxonomy":"category","embeddable":true,"href":"https:\/\/serveiseducatius.xtec.cat\/apa\/wp-json\/wp\/v2\/categories?post=10289"},{"taxonomy":"post_tag","embeddable":true,"href":"https:\/\/serveiseducatius.xtec.cat\/apa\/wp-json\/wp\/v2\/tags?post=10289"}],"curies":[{"name":"wp","href":"https:\/\/api.w.org\/{rel}","templated":true}]}}