{"id":10237,"date":"2025-06-06T13:55:12","date_gmt":"2025-06-06T11:55:12","guid":{"rendered":"https:\/\/serveiseducatius.xtec.cat\/apa\/?p=10237"},"modified":"2025-06-11T14:43:49","modified_gmt":"2025-06-11T12:43:49","slug":"el-forum-de-les-escoles-verdes-arriba-a-lalta-ribagorca-laran-i-el-pallars-jussa","status":"publish","type":"post","link":"https:\/\/serveiseducatius.xtec.cat\/apa\/portada\/el-forum-de-les-escoles-verdes-arriba-a-lalta-ribagorca-laran-i-el-pallars-jussa\/","title":{"rendered":"El F\u00f2rum de les Escoles Verdes arriba a l\u2019Alta Ribagor\u00e7a, l\u2019Aran i el Pallars Juss\u00e0"},"content":{"rendered":"<div><\/div>\n<div class=\"sub-title\">Sota el lema \u2018Muntanyes d\u2019Aigua\u2019, els centres educatius dels tres territoris han compatit experi\u00e8ncies en un espai de debat i aprenentatge<\/div>\n<div><\/div>\n<div><\/div>\n<div><\/div>\n<div class=\"post-meta-items meta-below\"><span class=\"meta-item date\" style=\"font-size: 10pt;\"><time class=\"post-date\" datetime=\"2025-06-05T10:14:37+02:00\">juny 5, 2025<\/time><\/span><\/div>\n<div><\/div>\n<div><\/div>\n<div><\/div>\n<div><\/div>\n<div>\u00a0<span style=\"font-size: 10pt;\">Un moment del F\u00f2rum de les Escoles Verdes.\/J.B<\/span><\/div>\n<div><\/div>\n<div><img loading=\"lazy\" decoding=\"async\" class=\"wp-image-10238 alignleft\" src=\"https:\/\/serveiseducatius.xtec.cat\/apa\/wp-content\/uploads\/usu2951\/2025\/06\/Escoles-verdes_OK-1030x579-1-1024x576.jpg\" alt=\"\" width=\"683\" height=\"384\" srcset=\"https:\/\/serveiseducatius.xtec.cat\/apa\/wp-content\/uploads\/usu2951\/2025\/06\/Escoles-verdes_OK-1030x579-1-1024x576.jpg 1024w, https:\/\/serveiseducatius.xtec.cat\/apa\/wp-content\/uploads\/usu2951\/2025\/06\/Escoles-verdes_OK-1030x579-1-300x169.jpg 300w, https:\/\/serveiseducatius.xtec.cat\/apa\/wp-content\/uploads\/usu2951\/2025\/06\/Escoles-verdes_OK-1030x579-1-768x432.jpg 768w, https:\/\/serveiseducatius.xtec.cat\/apa\/wp-content\/uploads\/usu2951\/2025\/06\/Escoles-verdes_OK-1030x579-1.jpg 1030w\" sizes=\"auto, (max-width: 683px) 100vw, 683px\" \/><\/div>\n<div><\/div>\n<div><\/div>\n<div><\/div>\n<div><\/div>\n<div><\/div>\n<div><\/div>\n<div><\/div>\n<div>\n<p>JOSE BERG\u00c9S (El Pont de Suert).- El Pont de Suert ha acollit aquest dimecres el F\u00f2rum de les Escoles Verdes de l\u2019Alta Ribagor\u00e7a, l\u2019Aran i el Pallars Juss\u00e0 sota el lema \u2018Muntanyes d\u2019Aigua\u2019. Els centres educatius dels tres territoris s\u2019han trobat perqu\u00e8 alumnes i professors puguin compartir experi\u00e8ncies, coneixements i idees en un espai de debat i aprenentatge.<\/p>\n<p>Com ha explicat Neus Ib\u00e1\u00f1ez, de l\u2019<a href=\"https:\/\/mediambient.gencat.cat\/ca\/05_ambits_dactuacio\/persones-i-natura\/centres-educatius\/xarxa-escoles-verdes\/#:~:text=Les%20Escoles%20Verdes%20s%C3%B3n%20centres,amb%20altres%20entitats%20del%20territori.\">Associaci\u00f3 Escoles Verdes<\/a>\u00a0de la demarcaci\u00f3 de Lleida, aquesta jornada \u201caporta espais de trobada on interactuar presencialment, que avui dia \u00e9s un valor en si mateix; tamb\u00e9 aporta formaci\u00f3 als docents quant assessorament pedag\u00f2gic sobre temes ambientals, i sobretot aporta el valor, la il\u00b7lusi\u00f3, la const\u00e0ncia i la mirada amb qu\u00e8 els docents d\u2019aquestes escoles acompanyen tota la seva tasca educativa\u201d.<\/p>\n<\/div>\n<p>&nbsp;<\/p>\n<p><img loading=\"lazy\" decoding=\"async\" class=\"alignnone wp-image-10239\" style=\"font-family: inherit; font-size: 1em;\" src=\"https:\/\/serveiseducatius.xtec.cat\/apa\/wp-content\/uploads\/usu2951\/2025\/06\/3a_FORUM_VERD03-alta-ribagorca-768x432-1.jpg\" alt=\"\" width=\"609\" height=\"342\" srcset=\"https:\/\/serveiseducatius.xtec.cat\/apa\/wp-content\/uploads\/usu2951\/2025\/06\/3a_FORUM_VERD03-alta-ribagorca-768x432-1.jpg 768w, https:\/\/serveiseducatius.xtec.cat\/apa\/wp-content\/uploads\/usu2951\/2025\/06\/3a_FORUM_VERD03-alta-ribagorca-768x432-1-300x169.jpg 300w\" sizes=\"auto, (max-width: 609px) 100vw, 609px\" \/><\/p>\n<div>\n<p><span style=\"font-size: 10pt;\">Els docents, durant una de les formacions.\/J.B.<\/span><\/p>\n<p>Durant la jornada, s\u2019ha remarcat la import\u00e0ncia d\u2019aquesta xarxa per treballar en projectes. \u201cLa idea \u00e9s compartir un projecte sobre temes de sostenibilitat que despr\u00e9s es presentaran a la Fira d\u2019Idees\u201d, ha afegit Ib\u00e1\u00f1ez.<\/p>\n<p>Les Escoles Verdes s\u00f3n centres educatius compromesos amb la sostenibilitat que treballen per fomentar una educaci\u00f3 eco social que transformi el centre educatiu i el seu entorn m\u00e9s proper.<\/p>\n<p>Font: <a href=\"https:\/\/pirineusdigital.cat\/forum-de-les-escoles-verdes-de-lalta-ribagorca-laran-i-el-pallars-jussa\/\">Pirineus digital.<\/a><\/p>\n<p>+info: \u00a0<a href=\"https:\/\/pirineustv.cat\/forum-de-les-escoles-verdes-de-lalta-ribagorca-laran-el-pallars-jussa\">FORUM DE LES ESCOLES VERDES DE L\u2019ALTA RIBAGOR\u00c7A, L\u2019ARAN EL PALLARS JUSS\u00c0 (Pirineus TV)<\/a><\/p>\n<\/div>\n","protected":false},"excerpt":{"rendered":"<p>.&hellip;  <a href=\"https:\/\/serveiseducatius.xtec.cat\/apa\/portada\/el-forum-de-les-escoles-verdes-arriba-a-lalta-ribagorca-laran-i-el-pallars-jussa\/\" title=\"Read El F\u00f2rum de les Escoles Verdes arriba a l\u2019Alta Ribagor\u00e7a, l\u2019Aran i el Pallars Juss\u00e0\">Llegeix m\u00e9s\u00bb<\/a><\/p>\n","protected":false},"author":1,"featured_media":10238,"comment_status":"closed","ping_status":"open","sticky":false,"template":"","format":"standard","meta":{"_bbp_topic_count":0,"_bbp_reply_count":0,"_bbp_total_topic_count":0,"_bbp_total_reply_count":0,"_bbp_voice_count":0,"_bbp_anonymous_reply_count":0,"_bbp_topic_count_hidden":0,"_bbp_reply_count_hidden":0,"_bbp_forum_subforum_count":0,"footnotes":""},"categories":[29],"tags":[],"class_list":["post-10237","post","type-post","status-publish","format-standard","has-post-thumbnail","hentry","category-portada"],"post_mailing_queue_ids":[],"_links":{"self":[{"href":"https:\/\/serveiseducatius.xtec.cat\/apa\/wp-json\/wp\/v2\/posts\/10237","targetHints":{"allow":["GET"]}}],"collection":[{"href":"https:\/\/serveiseducatius.xtec.cat\/apa\/wp-json\/wp\/v2\/posts"}],"about":[{"href":"https:\/\/serveiseducatius.xtec.cat\/apa\/wp-json\/wp\/v2\/types\/post"}],"author":[{"embeddable":true,"href":"https:\/\/serveiseducatius.xtec.cat\/apa\/wp-json\/wp\/v2\/users\/1"}],"replies":[{"embeddable":true,"href":"https:\/\/serveiseducatius.xtec.cat\/apa\/wp-json\/wp\/v2\/comments?post=10237"}],"version-history":[{"count":6,"href":"https:\/\/serveiseducatius.xtec.cat\/apa\/wp-json\/wp\/v2\/posts\/10237\/revisions"}],"predecessor-version":[{"id":10317,"href":"https:\/\/serveiseducatius.xtec.cat\/apa\/wp-json\/wp\/v2\/posts\/10237\/revisions\/10317"}],"wp:featuredmedia":[{"embeddable":true,"href":"https:\/\/serveiseducatius.xtec.cat\/apa\/wp-json\/wp\/v2\/media\/10238"}],"wp:attachment":[{"href":"https:\/\/serveiseducatius.xtec.cat\/apa\/wp-json\/wp\/v2\/media?parent=10237"}],"wp:term":[{"taxonomy":"category","embeddable":true,"href":"https:\/\/serveiseducatius.xtec.cat\/apa\/wp-json\/wp\/v2\/categories?post=10237"},{"taxonomy":"post_tag","embeddable":true,"href":"https:\/\/serveiseducatius.xtec.cat\/apa\/wp-json\/wp\/v2\/tags?post=10237"}],"curies":[{"name":"wp","href":"https:\/\/api.w.org\/{rel}","templated":true}]}}