{"id":10178,"date":"2025-06-02T12:15:46","date_gmt":"2025-06-02T10:15:46","guid":{"rendered":"https:\/\/serveiseducatius.xtec.cat\/apa\/?p=10178"},"modified":"2025-06-09T13:06:59","modified_gmt":"2025-06-09T11:06:59","slug":"unes-200-persones-participen-a-oliana-a-la-fira-de-lalt-pirineu-i-aran-dedicada-a-la-petita-infancia","status":"publish","type":"post","link":"https:\/\/serveiseducatius.xtec.cat\/apa\/portada\/unes-200-persones-participen-a-oliana-a-la-fira-de-lalt-pirineu-i-aran-dedicada-a-la-petita-infancia\/","title":{"rendered":"Unes 200 persones participen a Oliana a la fira de l\u2019Alt Pirineu i Aran dedicada a la petita inf\u00e0ncia"},"content":{"rendered":"<p>Fam\u00edlies i docents del municipi i la comarca han esgotat les entrades d\u2019algunes de les activitats de la 3a edici\u00f3 de La Carrulla.<\/p>\n<p><img loading=\"lazy\" decoding=\"async\" class=\"wp-image-10179 aligncenter\" src=\"https:\/\/serveiseducatius.xtec.cat\/apa\/wp-content\/uploads\/usu2951\/2025\/06\/IMG-20250531-WA0010-1030x580-1-1024x577.jpg\" alt=\"\" width=\"511\" height=\"288\" srcset=\"https:\/\/serveiseducatius.xtec.cat\/apa\/wp-content\/uploads\/usu2951\/2025\/06\/IMG-20250531-WA0010-1030x580-1-1024x577.jpg 1024w, https:\/\/serveiseducatius.xtec.cat\/apa\/wp-content\/uploads\/usu2951\/2025\/06\/IMG-20250531-WA0010-1030x580-1-300x169.jpg 300w, https:\/\/serveiseducatius.xtec.cat\/apa\/wp-content\/uploads\/usu2951\/2025\/06\/IMG-20250531-WA0010-1030x580-1-768x432.jpg 768w, https:\/\/serveiseducatius.xtec.cat\/apa\/wp-content\/uploads\/usu2951\/2025\/06\/IMG-20250531-WA0010-1030x580-1.jpg 1030w\" sizes=\"auto, (max-width: 511px) 100vw, 511px\" \/><\/p>\n<p><span style=\"font-size: 10pt;\"><em>\u00a0 \u00a0 \u00a0 \u00a0 \u00a0 \u00a0 \u00a0 \u00a0 \u00a0 \u00a0 \u00a0 \u00a0 \u00a0 \u00a0 \u00a0 \u00a0 \u00a0 \u00a0 \u00a0 \u00a0 \u00a0 \u00a0 \u00a0 \u00a0 \u00a0 \u00a0 \u00a0 \u00a0 \u00a0 \u00a0 \u00a0 \u00a0 \u00a0 \u00a0 \u00a0 \u00a0 \u00a0 \u00a0 \u00a0 \u00a0 \u00a0 \u00a0 \u00a0 \u00a0 \u00a0 \u00a0 \u00a0 \u00a0 \u00a0 \u00a0 \u00a0 \u00a0 \u00a0 Espai obert d&#8217;Oliana on ha tingut lloc la 3a edici\u00f3 de La Carrulla<\/em><\/span><\/p>\n<p>&nbsp;<\/p>\n<p>Gravacions de la presentaci\u00f3 de la jornada, les tres confer\u00e8ncies i la taula rodona, que van tenir lloc a la sala d&#8217;actes de l&#8217;Ajuntament d&#8217;Oliana:<\/p>\n<p><iframe loading=\"lazy\" title=\"La Carrulla\" width=\"500\" height=\"281\" src=\"https:\/\/www.youtube.com\/embed\/videoseries?list=PLEVtgkrpjlwnmsrxlDTDZUMH8UYXCtR4j\" frameborder=\"0\" allow=\"accelerometer; autoplay; clipboard-write; encrypted-media; gyroscope; picture-in-picture; web-share\" referrerpolicy=\"strict-origin-when-cross-origin\" allowfullscreen><\/iframe><\/p>\n<p>&nbsp;<\/p>\n<p>REDACCI\u00d3 (Oliana).- Unes 200 persones han visitat aquest dissabte la tercera edici\u00f3 de la F<a href=\"https:\/\/www.carrulla.cat\/\">ira La Carulla \u2013 Fira de l\u2019Alt Pirineu i Aran de la petita inf\u00e0ncia<\/a>. L\u2019esdeveniment organitzat pels Serveis Educatius de l\u2019Alt Urgell, els Pallars, l\u2019Alta Ribagor\u00e7a i l\u2019Aran i l\u2019associaci\u00f3 La Carrulla posa en valor la primera inf\u00e0ncia, entre els 0 i els 6 anys, una etapa fonamental en el desenvolupament de l\u2019educaci\u00f3 emocional, la sociabilitat, l\u2019autoestima i l\u2019aprenentatge.<\/p>\n<p>Com ha explicat Carlota Valls, directora dels Serveis Territorials d\u2019Educaci\u00f3 i Formaci\u00f3 de l\u2019Alt Pirineu i Aran, \u201ces molt important la implicaci\u00f3 de fam\u00edlia, docents i administracions, en aquests cas ciutats i pobles, per poder oferir als infants tot all\u00f2 que necessiten per cr\u00e9ixer en llibertat, feli\u00e7os i segurs\u201d. A m\u00e9s, Valls ha volgut posar en valor que \u201c\u00e9s una fira nostra, de l\u2019Alt Pirineu i Aran, descentralitzada i itinerant, que en aquestes tres edicions ha passat per tres municipis diferents\u201d.<\/p>\n<p><img loading=\"lazy\" decoding=\"async\" class=\"wp-image-10180 alignleft\" src=\"https:\/\/serveiseducatius.xtec.cat\/apa\/wp-content\/uploads\/usu2951\/2025\/06\/IMG-20250531-WA0003-1030x580-1-1024x577.jpg\" alt=\"\" width=\"486\" height=\"274\" srcset=\"https:\/\/serveiseducatius.xtec.cat\/apa\/wp-content\/uploads\/usu2951\/2025\/06\/IMG-20250531-WA0003-1030x580-1-1024x577.jpg 1024w, https:\/\/serveiseducatius.xtec.cat\/apa\/wp-content\/uploads\/usu2951\/2025\/06\/IMG-20250531-WA0003-1030x580-1-300x169.jpg 300w, https:\/\/serveiseducatius.xtec.cat\/apa\/wp-content\/uploads\/usu2951\/2025\/06\/IMG-20250531-WA0003-1030x580-1-768x432.jpg 768w, https:\/\/serveiseducatius.xtec.cat\/apa\/wp-content\/uploads\/usu2951\/2025\/06\/IMG-20250531-WA0003-1030x580-1.jpg 1030w\" sizes=\"auto, (max-width: 486px) 100vw, 486px\" \/><\/p>\n<p>Fam\u00edlies, infants i professionals de l\u2019educaci\u00f3 han gaudit d\u2019una \u00e0mplia gama d\u2019activitats, com ara, pon\u00e8ncies, jocs i tallers, alguns dels quals han esgotat les entrades. Sandra Meya, directora del Servei Educatiu a l\u2019Alt Urgell, ha comentat que \u201ca l\u2019hora de fer el programa hem tingut en compte gent medi\u00e0tica i experts en aquesta etapa, per\u00f2 tamb\u00e9 hem tirant de la gent experta de la comarca i del municipi, com per exemple, de l\u2019Institut-Escola i la llard d\u2019infants d\u2019Oliana, que participaran en una taula rodona sobre la import\u00e0ncia del joc a l\u2019educaci\u00f3 infantil\u201d. Meya ha afegit que l\u2019objectiu \u00e9s \u201cque l\u2019infant sigui el protagonista i per aix\u00f2 tenim uns espais adequats on puguin estimular totes les seves potencialitats\u201d.<\/p>\n<p>&nbsp;<\/p>\n<p>&nbsp;<\/p>\n<p><img loading=\"lazy\" decoding=\"async\" class=\"wp-image-10181 alignleft\" src=\"https:\/\/serveiseducatius.xtec.cat\/apa\/wp-content\/uploads\/usu2951\/2025\/06\/IMG-20250531-WA0006-1030x580-1-1024x577.jpg\" alt=\"\" width=\"641\" height=\"361\" srcset=\"https:\/\/serveiseducatius.xtec.cat\/apa\/wp-content\/uploads\/usu2951\/2025\/06\/IMG-20250531-WA0006-1030x580-1-1024x577.jpg 1024w, https:\/\/serveiseducatius.xtec.cat\/apa\/wp-content\/uploads\/usu2951\/2025\/06\/IMG-20250531-WA0006-1030x580-1-300x169.jpg 300w, https:\/\/serveiseducatius.xtec.cat\/apa\/wp-content\/uploads\/usu2951\/2025\/06\/IMG-20250531-WA0006-1030x580-1-768x432.jpg 768w, https:\/\/serveiseducatius.xtec.cat\/apa\/wp-content\/uploads\/usu2951\/2025\/06\/IMG-20250531-WA0006-1030x580-1.jpg 1030w\" sizes=\"auto, (max-width: 641px) 100vw, 641px\" \/><\/p>\n<p><em><span style=\"font-size: 10pt;\">\u00a0 \u00a0 \u00a0 \u00a0 \u00a0 \u00a0 \u00a0 \u00a0 \u00a0 \u00a0 \u00a0 \u00a0 \u00a0 \u00a0 \u00a0 \u00a0 \u00a0 \u00a0 \u00a0 \u00a0 \u00a0 \u00a0 \u00a0 \u00a0 \u00a0 \u00a0 \u00a0 \u00a0 \u00a0 \u00a0\u00a0<\/span><\/em><\/p>\n<p>Des de l\u2019Ajuntament d\u2019Oliana, el regidor Antoni Pats\u00ed ha fet un a valoraci\u00f3 \u201cmolt positiva\u201d de la fira, un esdeveniment al qual es van sumar \u201cperqu\u00e8 entenem la import\u00e0ncia del temps que passen els infants a la llar d\u2019infants i del all\u00ed aprenen i aquesta fira mostra tots aquests valors\u201d.<\/p>\n<p>&nbsp;<\/p>\n<p><em><span style=\"font-size: 10pt;\">\u00a0La fira ha ofert diferents espais de joc i experimentaci\u00f3.<\/span><\/em><\/p>\n<p>&nbsp;<\/p>\n<p>&nbsp;<\/p>\n<p>&nbsp;<\/p>\n<p><strong>La Carrulla, una fira d\u2019esperit itinerant<\/strong><\/p>\n<p>La Carrulla va n\u00e9ixer a Sort, a partir d\u2019una necessitat que va detectar el personal de la llar d\u2019infants pel que fa a la petita inf\u00e0ncia. De seguida s\u2019hi va sumar l\u2019<a href=\"https:\/\/territori.gencat.cat\/ca\/06_territori_i_urbanisme\/idapa\/\">Institut per la Desenvolupament i la Promoci\u00f3 de l\u2019Alt Pirineu i Aran (IDAPA)<\/a>, que va establir que la fira seria itinerant: la primera edici\u00f3 es va celebrar a Sort, la segona, al Pont de Suert i aquesta tercera, a Oliana.<\/p>\n<p>&nbsp;<\/p>\n<p><img loading=\"lazy\" decoding=\"async\" class=\" wp-image-10182 aligncenter\" src=\"https:\/\/serveiseducatius.xtec.cat\/apa\/wp-content\/uploads\/usu2951\/2025\/06\/IMG-20250531-WA0008-1030x580-1-1024x577.jpg\" alt=\"\" width=\"627\" height=\"354\" srcset=\"https:\/\/serveiseducatius.xtec.cat\/apa\/wp-content\/uploads\/usu2951\/2025\/06\/IMG-20250531-WA0008-1030x580-1-1024x577.jpg 1024w, https:\/\/serveiseducatius.xtec.cat\/apa\/wp-content\/uploads\/usu2951\/2025\/06\/IMG-20250531-WA0008-1030x580-1-300x169.jpg 300w, https:\/\/serveiseducatius.xtec.cat\/apa\/wp-content\/uploads\/usu2951\/2025\/06\/IMG-20250531-WA0008-1030x580-1-768x432.jpg 768w, https:\/\/serveiseducatius.xtec.cat\/apa\/wp-content\/uploads\/usu2951\/2025\/06\/IMG-20250531-WA0008-1030x580-1.jpg 1030w\" sizes=\"auto, (max-width: 627px) 100vw, 627px\" \/><\/p>\n<p><span style=\"font-size: 10pt;\"><em>\u00a0 \u00a0 \u00a0 \u00a0 \u00a0 \u00a0 \u00a0 \u00a0 \u00a0 \u00a0 \u00a0 \u00a0 \u00a0 \u00a0 \u00a0 \u00a0 \u00a0 \u00a0 \u00a0 \u00a0 \u00a0 \u00a0 \u00a0 \u00a0 \u00a0 \u00a0 \u00a0 \u00a0 \u00a0 \u00a0 \u00a0 \u00a0 \u00a0 \u00a0 \u00a0 \u00a0 \u00a0 \u00a0 \u00a0 \u00a0 \u00a0 \u00a0 \u00a0 \u00a0 \u00a0 \u00a0 \u00a0 \u00a0 \u00a0 \u00a0 \u00a0 \u00a0 \u00a0 \u00a0 \u00a0 \u00a0 \u00a0 Els adults tamb\u00e9 han gaudit d\u2019espais propis a la fira.<\/em><\/span><\/p>\n<p>Segons ha explicat Mari Carmen Obiols, membre de l\u2019associaci\u00f3 La Carrulla, la fira l\u2019objectiu \u00e9s que \u201ctota la comunitat educativa, tant docents com fam\u00edlies i infants tinguin espais diferents on poder-se moure en funci\u00f3 dels seus interessos\u201d.<\/p>\n<p>La fira, que ha finalitzat amb un espectacle infantil, ha estat una oportunitat \u00fanica per connectar, aprendre i descobrir noves eines per al desenvolupament infantil.<\/p>\n<p>+info: <a href=\"https:\/\/pirineustv.cat\/places-esgotades-en-la-tercera-edicio-de-la-carrulla-a-oliana\">Places esgotades en la tercera edici\u00f3 de la\u00a0 carrulla a Oliana (Pirineus TV)<\/a><\/p>\n<p>&nbsp;<\/p>\n<div><\/div>\n","protected":false},"excerpt":{"rendered":"<p>.&hellip;  <a href=\"https:\/\/serveiseducatius.xtec.cat\/apa\/portada\/unes-200-persones-participen-a-oliana-a-la-fira-de-lalt-pirineu-i-aran-dedicada-a-la-petita-infancia\/\" title=\"Read Unes 200 persones participen a Oliana a la fira de l\u2019Alt Pirineu i Aran dedicada a la petita inf\u00e0ncia\">Llegeix m\u00e9s\u00bb<\/a><\/p>\n","protected":false},"author":1,"featured_media":10179,"comment_status":"closed","ping_status":"closed","sticky":false,"template":"","format":"standard","meta":{"_bbp_topic_count":0,"_bbp_reply_count":0,"_bbp_total_topic_count":0,"_bbp_total_reply_count":0,"_bbp_voice_count":0,"_bbp_anonymous_reply_count":0,"_bbp_topic_count_hidden":0,"_bbp_reply_count_hidden":0,"_bbp_forum_subforum_count":0,"footnotes":""},"categories":[29],"tags":[],"class_list":["post-10178","post","type-post","status-publish","format-standard","has-post-thumbnail","hentry","category-portada"],"post_mailing_queue_ids":[],"_links":{"self":[{"href":"https:\/\/serveiseducatius.xtec.cat\/apa\/wp-json\/wp\/v2\/posts\/10178","targetHints":{"allow":["GET"]}}],"collection":[{"href":"https:\/\/serveiseducatius.xtec.cat\/apa\/wp-json\/wp\/v2\/posts"}],"about":[{"href":"https:\/\/serveiseducatius.xtec.cat\/apa\/wp-json\/wp\/v2\/types\/post"}],"author":[{"embeddable":true,"href":"https:\/\/serveiseducatius.xtec.cat\/apa\/wp-json\/wp\/v2\/users\/1"}],"replies":[{"embeddable":true,"href":"https:\/\/serveiseducatius.xtec.cat\/apa\/wp-json\/wp\/v2\/comments?post=10178"}],"version-history":[{"count":7,"href":"https:\/\/serveiseducatius.xtec.cat\/apa\/wp-json\/wp\/v2\/posts\/10178\/revisions"}],"predecessor-version":[{"id":10304,"href":"https:\/\/serveiseducatius.xtec.cat\/apa\/wp-json\/wp\/v2\/posts\/10178\/revisions\/10304"}],"wp:featuredmedia":[{"embeddable":true,"href":"https:\/\/serveiseducatius.xtec.cat\/apa\/wp-json\/wp\/v2\/media\/10179"}],"wp:attachment":[{"href":"https:\/\/serveiseducatius.xtec.cat\/apa\/wp-json\/wp\/v2\/media?parent=10178"}],"wp:term":[{"taxonomy":"category","embeddable":true,"href":"https:\/\/serveiseducatius.xtec.cat\/apa\/wp-json\/wp\/v2\/categories?post=10178"},{"taxonomy":"post_tag","embeddable":true,"href":"https:\/\/serveiseducatius.xtec.cat\/apa\/wp-json\/wp\/v2\/tags?post=10178"}],"curies":[{"name":"wp","href":"https:\/\/api.w.org\/{rel}","templated":true}]}}