{"id":10104,"date":"2025-05-23T09:59:08","date_gmt":"2025-05-23T07:59:08","guid":{"rendered":"https:\/\/serveiseducatius.xtec.cat\/apa\/?p=10104"},"modified":"2025-06-02T12:24:48","modified_gmt":"2025-06-02T10:24:48","slug":"3a-edicio-fira-de-lalt-pirineu-i-aran-de-la-petita-infancia-la-carrulla","status":"publish","type":"post","link":"https:\/\/serveiseducatius.xtec.cat\/apa\/portada\/3a-edicio-fira-de-lalt-pirineu-i-aran-de-la-petita-infancia-la-carrulla\/","title":{"rendered":"3a edici\u00f3 Fira de l\u2019Alt Pirineu i Aran de la petita inf\u00e0ncia La Carrulla"},"content":{"rendered":"<p><strong>La tercera edici\u00f3 de la Fira La Carrulla arriba a Oliana (Alt Urgell) el pr\u00f2xim dissabte 31 de maig!<\/strong><\/p>\n<p><img loading=\"lazy\" decoding=\"async\" class=\" wp-image-10106 alignleft\" src=\"https:\/\/serveiseducatius.xtec.cat\/apa\/wp-content\/uploads\/usu2951\/2025\/05\/Carrulla-1-1024x278.png\" alt=\"\" width=\"844\" height=\"229\" srcset=\"https:\/\/serveiseducatius.xtec.cat\/apa\/wp-content\/uploads\/usu2951\/2025\/05\/Carrulla-1-1024x278.png 1024w, https:\/\/serveiseducatius.xtec.cat\/apa\/wp-content\/uploads\/usu2951\/2025\/05\/Carrulla-1-300x81.png 300w, https:\/\/serveiseducatius.xtec.cat\/apa\/wp-content\/uploads\/usu2951\/2025\/05\/Carrulla-1-768x208.png 768w, https:\/\/serveiseducatius.xtec.cat\/apa\/wp-content\/uploads\/usu2951\/2025\/05\/Carrulla-1-1536x416.png 1536w, https:\/\/serveiseducatius.xtec.cat\/apa\/wp-content\/uploads\/usu2951\/2025\/05\/Carrulla-1.png 1900w\" sizes=\"auto, (max-width: 844px) 100vw, 844px\" \/><\/p>\n<p data-sourcepos=\"9:1-9:421\">Adre\u00e7ada a la petita inf\u00e0ncia (0-6 anys), docents, fam\u00edlies i infants, la fira oferir\u00e0 durant tot el dia (de 9:30 h a 18:30 h) un ampli programa d&#8217;activitats. Hi trobareu confer\u00e8ncies amb referents de l&#8217;educaci\u00f3 com <strong><a href=\"http:\/\/www.joanturu.cat\/\">Joan Turu<\/a>, <a href=\"https:\/\/verpensarsentir.com\/\">Jenny Silvente<\/a> i Laia Domingo<\/strong>, tallers, espais de joc lliure, presentaci\u00f3 d&#8217;experi\u00e8ncies de 16 centres de l&#8217;Alt Pirineu i Aran, i estands de tem\u00e0tica relacionada amb aquesta etapa educativa.<\/p>\n<p data-sourcepos=\"11:1-11:121\">L&#8217;esdeveniment tindr\u00e0 lloc a l&#8217;Ajuntament d&#8217;Oliana i voltants, amb el Pavell\u00f3 Esportiu com a alternativa en cas de pluja.<\/p>\n<p data-sourcepos=\"13:1-13:344\">Organitzada pels Serveis Educatius de l&#8217;Alt Urgell, Alta Ribagor\u00e7a-Vall d&#8217;Aran, els Pallars i l&#8217;associaci\u00f3 La Carrulla, compta amb el suport de l&#8217;Ajuntament d&#8217;Oliana, IDAPA, ST de l&#8217;Alt Pirineu i Aran, FGC, i la col\u00b7laboraci\u00f3 de la Llar d&#8217;infants L&#8217;Espunyola, l&#8217;IE d&#8217;Oliana, la UdL, el Parc Natural de l&#8217;Alt Pirineu i la Biblioteca Sant Agust\u00ed.<\/p>\n<p data-sourcepos=\"15:1-15:122\">Per a m\u00e9s informaci\u00f3 detallada, programa complet, ubicaci\u00f3, patrocinadors, col\u00b7laboradors i inscripcions, podeu consultar aquest <a href=\"https:\/\/www.carrulla.cat\/\">vinc<\/a><a href=\"https:\/\/www.carrulla.cat\/\">le<\/a>.<\/p>\n<p data-sourcepos=\"15:1-15:122\">+info:<\/p>\n<p data-sourcepos=\"15:1-15:122\"><a href=\"https:\/\/pirineusdigital.cat\/oliana-acollira-la-3a-edicio-de-la-carulla-la-fira-dedicada-a-la-petita-infancia\/\">Oliana acollir\u00e0 la 3a edici\u00f3 de La Carulla, la fira dedicada a la petita inf\u00e0ncia (Pirineus Digital).<\/a><\/p>\n<p>&nbsp;<\/p>\n<p>&nbsp;<\/p>\n","protected":false},"excerpt":{"rendered":"<p>.&hellip;  <a href=\"https:\/\/serveiseducatius.xtec.cat\/apa\/portada\/3a-edicio-fira-de-lalt-pirineu-i-aran-de-la-petita-infancia-la-carrulla\/\" title=\"Read 3a edici\u00f3 Fira de l\u2019Alt Pirineu i Aran de la petita inf\u00e0ncia La Carrulla\">Llegeix m\u00e9s\u00bb<\/a><\/p>\n","protected":false},"author":1,"featured_media":10105,"comment_status":"closed","ping_status":"closed","sticky":false,"template":"","format":"standard","meta":{"_bbp_topic_count":0,"_bbp_reply_count":0,"_bbp_total_topic_count":0,"_bbp_total_reply_count":0,"_bbp_voice_count":0,"_bbp_anonymous_reply_count":0,"_bbp_topic_count_hidden":0,"_bbp_reply_count_hidden":0,"_bbp_forum_subforum_count":0,"footnotes":""},"categories":[29],"tags":[],"class_list":["post-10104","post","type-post","status-publish","format-standard","has-post-thumbnail","hentry","category-portada"],"post_mailing_queue_ids":[],"_links":{"self":[{"href":"https:\/\/serveiseducatius.xtec.cat\/apa\/wp-json\/wp\/v2\/posts\/10104","targetHints":{"allow":["GET"]}}],"collection":[{"href":"https:\/\/serveiseducatius.xtec.cat\/apa\/wp-json\/wp\/v2\/posts"}],"about":[{"href":"https:\/\/serveiseducatius.xtec.cat\/apa\/wp-json\/wp\/v2\/types\/post"}],"author":[{"embeddable":true,"href":"https:\/\/serveiseducatius.xtec.cat\/apa\/wp-json\/wp\/v2\/users\/1"}],"replies":[{"embeddable":true,"href":"https:\/\/serveiseducatius.xtec.cat\/apa\/wp-json\/wp\/v2\/comments?post=10104"}],"version-history":[{"count":4,"href":"https:\/\/serveiseducatius.xtec.cat\/apa\/wp-json\/wp\/v2\/posts\/10104\/revisions"}],"predecessor-version":[{"id":10187,"href":"https:\/\/serveiseducatius.xtec.cat\/apa\/wp-json\/wp\/v2\/posts\/10104\/revisions\/10187"}],"wp:featuredmedia":[{"embeddable":true,"href":"https:\/\/serveiseducatius.xtec.cat\/apa\/wp-json\/wp\/v2\/media\/10105"}],"wp:attachment":[{"href":"https:\/\/serveiseducatius.xtec.cat\/apa\/wp-json\/wp\/v2\/media?parent=10104"}],"wp:term":[{"taxonomy":"category","embeddable":true,"href":"https:\/\/serveiseducatius.xtec.cat\/apa\/wp-json\/wp\/v2\/categories?post=10104"},{"taxonomy":"post_tag","embeddable":true,"href":"https:\/\/serveiseducatius.xtec.cat\/apa\/wp-json\/wp\/v2\/tags?post=10104"}],"curies":[{"name":"wp","href":"https:\/\/api.w.org\/{rel}","templated":true}]}}