{"id":10095,"date":"2025-05-21T11:18:06","date_gmt":"2025-05-21T09:18:06","guid":{"rendered":"https:\/\/serveiseducatius.xtec.cat\/apa\/?p=10095"},"modified":"2025-05-23T08:52:02","modified_gmt":"2025-05-23T06:52:02","slug":"un-total-de-17-escoles-de-lalt-pirineu-i-aran-participen-a-la-final-territorial-dels-jocs-florals-de-catalunya","status":"publish","type":"post","link":"https:\/\/serveiseducatius.xtec.cat\/apa\/portada\/un-total-de-17-escoles-de-lalt-pirineu-i-aran-participen-a-la-final-territorial-dels-jocs-florals-de-catalunya\/","title":{"rendered":"Un total de 17 escoles de l\u2019Alt Pirineu i Aran participen a la final territorial dels Jocs Florals de Catalunya"},"content":{"rendered":"<p>20\/05\/2025<\/p>\n<p>El lliurament de premis, a la Seu d\u2019Urgell,<strong> ha combinat el format presencial i digital<\/strong> <strong>per donar cabuda a tot l\u2019alumnat.<\/strong><\/p>\n<p>V\u00eddeo del certamen:<\/p>\n<p><iframe loading=\"lazy\" title=\"Jocs Florals 2025 La Seu\" width=\"500\" height=\"281\" src=\"https:\/\/www.youtube.com\/embed\/H572_4bNJMA?feature=oembed\" frameborder=\"0\" allow=\"accelerometer; autoplay; clipboard-write; encrypted-media; gyroscope; picture-in-picture; web-share\" referrerpolicy=\"strict-origin-when-cross-origin\" allowfullscreen><\/iframe><\/p>\n<p>&nbsp;<\/p>\n<p>JUDIT PUJOL (La Seu d\u2019Urgell).-La fase territorial de l\u2019Alt Pirineu i Aran dels Jocs Florals Escolars de Catalunya, celebrada a la Seu d\u2019Urgell, <strong>tanca amb un r\u00e8cord hist\u00f2ric de participaci\u00f3, amb 17<\/strong> <strong>centres educatius<\/strong>. El lliurament de premis ha combinat el format presencial i digital per permetre la participaci\u00f3 a tot l\u2019alumnat d\u2019educaci\u00f3 prim\u00e0ria i secund\u00e0ria, guardonat per la seva creativitat.<\/p>\n<p><a href=\"https:\/\/serveiseducatius.xtec.cat\/apa\/wp-content\/uploads\/usu2951\/2025\/05\/2-FRAME-JOCS0-1030x579-1.jpg\"><img loading=\"lazy\" decoding=\"async\" class=\" wp-image-10096 aligncenter\" src=\"https:\/\/serveiseducatius.xtec.cat\/apa\/wp-content\/uploads\/usu2951\/2025\/05\/2-FRAME-JOCS0-1030x579-1-1024x576.jpg\" alt=\"\" width=\"624\" height=\"351\" srcset=\"https:\/\/serveiseducatius.xtec.cat\/apa\/wp-content\/uploads\/usu2951\/2025\/05\/2-FRAME-JOCS0-1030x579-1-1024x576.jpg 1024w, https:\/\/serveiseducatius.xtec.cat\/apa\/wp-content\/uploads\/usu2951\/2025\/05\/2-FRAME-JOCS0-1030x579-1-300x169.jpg 300w, https:\/\/serveiseducatius.xtec.cat\/apa\/wp-content\/uploads\/usu2951\/2025\/05\/2-FRAME-JOCS0-1030x579-1-768x432.jpg 768w, https:\/\/serveiseducatius.xtec.cat\/apa\/wp-content\/uploads\/usu2951\/2025\/05\/2-FRAME-JOCS0-1030x579-1.jpg 1030w\" sizes=\"auto, (max-width: 624px) 100vw, 624px\" \/><\/a><\/p>\n<p>Com ha explicat Kiko Peris, adjunt de direcci\u00f3 del Serveis Territorials d\u2019Educaci\u00f3 de l\u2019Alt Pirineu i Aran, es tracta \u201c<strong>d\u2019estimular i encoratjar als nostres infants i joves a escriure<\/strong>, i qu\u00e8 millor que fer-ho amb una tradici\u00f3 cultural com s\u00f3n els Jocs Florals que des de fa segles, a Catalunya, han esdevingut una eina per a promocionar la llengua i la cultura del nostre pa\u00eds\u201d.<\/p>\n<p><a href=\"https:\/\/serveiseducatius.xtec.cat\/apa\/wp-content\/uploads\/usu2951\/2025\/05\/PD-JOCS0-1030x579-1.jpg\"><img loading=\"lazy\" decoding=\"async\" class=\" wp-image-10097 aligncenter\" src=\"https:\/\/serveiseducatius.xtec.cat\/apa\/wp-content\/uploads\/usu2951\/2025\/05\/PD-JOCS0-1030x579-1-1024x576.jpg\" alt=\"\" width=\"620\" height=\"349\" srcset=\"https:\/\/serveiseducatius.xtec.cat\/apa\/wp-content\/uploads\/usu2951\/2025\/05\/PD-JOCS0-1030x579-1-1024x576.jpg 1024w, https:\/\/serveiseducatius.xtec.cat\/apa\/wp-content\/uploads\/usu2951\/2025\/05\/PD-JOCS0-1030x579-1-300x169.jpg 300w, https:\/\/serveiseducatius.xtec.cat\/apa\/wp-content\/uploads\/usu2951\/2025\/05\/PD-JOCS0-1030x579-1-768x432.jpg 768w, https:\/\/serveiseducatius.xtec.cat\/apa\/wp-content\/uploads\/usu2951\/2025\/05\/PD-JOCS0-1030x579-1.jpg 1030w\" sizes=\"auto, (max-width: 620px) 100vw, 620px\" \/><\/a><\/p>\n<p>L\u2019acte ha estat organitzat per segon any a la vegueria, despr\u00e9s del desplegament de l\u2019equip de Llengua Interculturalitat i Cohesi\u00f3 Social (LIC), un fet que com ha comentat N\u00faria Salvad\u00f3, directora del LIC als Serveis Territorials de l\u2019Alt Pirineu i Aran, permet que \u201cara som una assessora per comarca i una a la direcci\u00f3, i aix\u00f2 fa que certs cert\u00e0mens i din\u00e0miques, en haver-hi alg\u00fa que ajuda, acompanya i dinamitza, sigui m\u00e9s f\u00e0cil que vegin la llum\u201d. Salvad\u00f3 ha afegit que \u201cel fet de poder tenir finals de territori fa que aquest despla\u00e7ament es redueixi i que hi hagi un sentiment de pertinen\u00e7a\u201d.<\/p>\n<p>A banda de les categories en prosa i poesia, l\u2019alumnat de prim\u00e0ria tamb\u00e9 ha estat premiat en conte audiovisual il\u00b7lustrat. <strong>La final del certamen tindr\u00e0 lloc el 14 de juny.<\/strong><\/p>\n<p>Font:<a href=\"https:\/\/pirineusdigital.cat\/un-total-de-17-escoles-de-lalt-pirineu-i-aran-participen-a-la-final-territorial-dels-jocs-florals-de-catalunya\/\"> Pirineus Digital<\/a>.<\/p>\n<p>+info:<\/p>\n<p><a href=\"https:\/\/www.youtube.com\/watch?v=3YRiitUlvp8&amp;list=UULF_a6owqOATax3QbilRSeHIw\">17 escoles de l\u2019Alt Pirineu i Aran participen a la final territorial dels Jocs Florals de Catalunya (Pirineus TV).<\/a><\/p>\n<p><a href=\"https:\/\/www.alacarta.radioseu.cat\/programs\/laveudelscentres\/radioseu_podcast_20132\">La veu dels centres del 15\/5\/2025. Amb N\u00faria Salvad\u00f3 i Sandra Meya (Jocs Florals Escolars) (R\u00e0dioSeu)<\/a><\/p>\n","protected":false},"excerpt":{"rendered":"<p>.&hellip;  <a href=\"https:\/\/serveiseducatius.xtec.cat\/apa\/portada\/un-total-de-17-escoles-de-lalt-pirineu-i-aran-participen-a-la-final-territorial-dels-jocs-florals-de-catalunya\/\" title=\"Read Un total de 17 escoles de l\u2019Alt Pirineu i Aran participen a la final territorial dels Jocs Florals de Catalunya\">Llegeix m\u00e9s\u00bb<\/a><\/p>\n","protected":false},"author":1,"featured_media":10096,"comment_status":"closed","ping_status":"closed","sticky":false,"template":"","format":"standard","meta":{"_bbp_topic_count":0,"_bbp_reply_count":0,"_bbp_total_topic_count":0,"_bbp_total_reply_count":0,"_bbp_voice_count":0,"_bbp_anonymous_reply_count":0,"_bbp_topic_count_hidden":0,"_bbp_reply_count_hidden":0,"_bbp_forum_subforum_count":0,"footnotes":""},"categories":[311,29],"tags":[],"class_list":["post-10095","post","type-post","status-publish","format-standard","has-post-thumbnail","hentry","category-lic","category-portada"],"post_mailing_queue_ids":[],"_links":{"self":[{"href":"https:\/\/serveiseducatius.xtec.cat\/apa\/wp-json\/wp\/v2\/posts\/10095","targetHints":{"allow":["GET"]}}],"collection":[{"href":"https:\/\/serveiseducatius.xtec.cat\/apa\/wp-json\/wp\/v2\/posts"}],"about":[{"href":"https:\/\/serveiseducatius.xtec.cat\/apa\/wp-json\/wp\/v2\/types\/post"}],"author":[{"embeddable":true,"href":"https:\/\/serveiseducatius.xtec.cat\/apa\/wp-json\/wp\/v2\/users\/1"}],"replies":[{"embeddable":true,"href":"https:\/\/serveiseducatius.xtec.cat\/apa\/wp-json\/wp\/v2\/comments?post=10095"}],"version-history":[{"count":4,"href":"https:\/\/serveiseducatius.xtec.cat\/apa\/wp-json\/wp\/v2\/posts\/10095\/revisions"}],"predecessor-version":[{"id":10102,"href":"https:\/\/serveiseducatius.xtec.cat\/apa\/wp-json\/wp\/v2\/posts\/10095\/revisions\/10102"}],"wp:featuredmedia":[{"embeddable":true,"href":"https:\/\/serveiseducatius.xtec.cat\/apa\/wp-json\/wp\/v2\/media\/10096"}],"wp:attachment":[{"href":"https:\/\/serveiseducatius.xtec.cat\/apa\/wp-json\/wp\/v2\/media?parent=10095"}],"wp:term":[{"taxonomy":"category","embeddable":true,"href":"https:\/\/serveiseducatius.xtec.cat\/apa\/wp-json\/wp\/v2\/categories?post=10095"},{"taxonomy":"post_tag","embeddable":true,"href":"https:\/\/serveiseducatius.xtec.cat\/apa\/wp-json\/wp\/v2\/tags?post=10095"}],"curies":[{"name":"wp","href":"https:\/\/api.w.org\/{rel}","templated":true}]}}