{"id":10020,"date":"2025-05-16T14:35:25","date_gmt":"2025-05-16T12:35:25","guid":{"rendered":"https:\/\/serveiseducatius.xtec.cat\/apa\/?p=10020"},"modified":"2025-06-09T10:14:41","modified_gmt":"2025-06-09T08:14:41","slug":"el-govern-i-els-espais-naturals-del-pirineu-impulsen-una-agenda-escolar-per-fomentar-leducacio-ambiental","status":"publish","type":"post","link":"https:\/\/serveiseducatius.xtec.cat\/apa\/portada\/el-govern-i-els-espais-naturals-del-pirineu-impulsen-una-agenda-escolar-per-fomentar-leducacio-ambiental\/","title":{"rendered":"Els ST de l\u2019Alt Pirineu i Aran els espais naturals del Pirineu impulsen una agenda escolar per fomentar l&#8217;educaci\u00f3 ambiental"},"content":{"rendered":"<p>Es repartir\u00e0 als m\u00e9s de 4.000 alumnes de les escoles de la demarcaci\u00f3, i inclou informaci\u00f3 sobre els seus parcs i les activitats educatives que ofereixen.<img loading=\"lazy\" decoding=\"async\" class=\"wp-image-10021 alignleft\" src=\"https:\/\/serveiseducatius.xtec.cat\/apa\/wp-content\/uploads\/usu2951\/2025\/05\/Captura-Sort.png\" alt=\"\" width=\"400\" height=\"225\" srcset=\"https:\/\/serveiseducatius.xtec.cat\/apa\/wp-content\/uploads\/usu2951\/2025\/05\/Captura-Sort.png 924w, https:\/\/serveiseducatius.xtec.cat\/apa\/wp-content\/uploads\/usu2951\/2025\/05\/Captura-Sort-300x169.png 300w, https:\/\/serveiseducatius.xtec.cat\/apa\/wp-content\/uploads\/usu2951\/2025\/05\/Captura-Sort-768x432.png 768w\" sizes=\"auto, (max-width: 400px) 100vw, 400px\" \/><\/p>\n<p>Sort ha acollit aquest dijous la presentaci\u00f3 de la Primera Agenda Escolar Interparcs del Pirineu. Es tracta d&#8217;una eina pedag\u00f2gica adre\u00e7ada a infants i joves de 0 a 16 anys amb l&#8217;objectiu de fomentar l&#8217;educaci\u00f3 ambiental i refor\u00e7ar el vincle entre l&#8217;ensenyament i l&#8217;entorn natural. El projecte, pioner, \u00e9s fruit de la col\u00b7laboraci\u00f3 entre els Serveis Territorials d&#8217;Educaci\u00f3 a l\u2019Alt Pirineu i Aran i els parcs naturals del territori.<\/p>\n<p>L&#8217;agenda, que es repartir\u00e0 als m\u00e9s de 4.000 alumnes de les escoles del Pallars, l&#8217;Alta Ribagor\u00e7a, la Val d&#8217;Aran, la Cerdanya, l&#8217;Alt Urgell i el Bergued\u00e0, inclou informaci\u00f3 sobre els espais naturals protegits del Pirineu, aix\u00ed com de les activitats educatives que ofereixen.<\/p>\n<p>D&#8217;aquesta manera, cada setmana els infants, fam\u00edlies i docents podran llegir una curiositat del medi natural i treballar sobre algun dels reptes ambientals que proposa l&#8217;agenda. Tamb\u00e9 inclou jocs, consells per anar a la natura i una guia identificativa d&#8217;esp\u00e8cies, entre altres elements.<img loading=\"lazy\" decoding=\"async\" class=\"wp-image-10022 alignleft\" src=\"https:\/\/serveiseducatius.xtec.cat\/apa\/wp-content\/uploads\/usu2951\/2025\/05\/Captura-sort-2.png\" alt=\"\" width=\"393\" height=\"249\" srcset=\"https:\/\/serveiseducatius.xtec.cat\/apa\/wp-content\/uploads\/usu2951\/2025\/05\/Captura-sort-2.png 691w, https:\/\/serveiseducatius.xtec.cat\/apa\/wp-content\/uploads\/usu2951\/2025\/05\/Captura-sort-2-300x190.png 300w\" sizes=\"auto, (max-width: 393px) 100vw, 393px\" \/> L&#8217;agenda, que segueix el format d&#8217;un quadern de camp, ha estat il\u00b7lustrada per l&#8217;ornit\u00f2leg i il\u00b7lustrador cient\u00edfic, \u00c0lex Mascarell, i impresa en paper ecol\u00f2gic, sense elements pl\u00e0stics. La directora dels Serveis Territorials d&#8217;Educaci\u00f3 a l&#8217;Alt Pirineu i Aran, Carlota Valls, ha valorat positivament la iniciativa, i ha expressat que &#8220;l&#8217;agenda ens ajudar\u00e0 a difondre el valor dels nostres espais naturals protegits aix\u00ed com a sensibilitzar a la comunitat educativa sobre els reptes que tenim per protegir-los&#8221;. Aquest recurs \u00e9s l&#8217;avantsala per a la creaci\u00f3 de la Xarxa d&#8217;Escoles Interparcs del Pirineu que es constituir\u00e0 formalment el pr\u00f2xim 1 de juliol i on s&#8217;integraran aquesta quarantena de centres educatius (33 escoles i set instituts). A banda dels parcs naturals, en la iniciativa tamb\u00e9 col\u00b7laboren el Geoparc Or\u00edgens, la Reserva Nacional de Ca\u00e7a de Boumort i el Conselh Generau d&#8217;Aran.<\/p>\n<p>Font:<a href=\"https:\/\/www.pallarsdigital.cat\/societat\/21496-impulsen-una-agenda-escolar-per-fomentar-educacio-ambiental-pirineu\"> Pallars Digital<\/a> Sort 16 de maig\u00a0 de 2025 a les 08:46<\/p>\n<p>+info.: <a href=\"https:\/\/laborrufa.com\/presentacio-de-la-xarxa\/\">La Borrufa. \u00a0<\/a><\/p>\n<p><a href=\"https:\/\/www.cerdanyadigital.cat\/noticia\/252471\/neix-la-primera-agenda-escolar-interparcs-per-reforcar-el-vincle-dels-alumnes-amb-el-medi-\"><span style=\"font-size: 12pt;\">Neix la primera Agenda escolar interparcs per refor\u00e7ar el vincle dels alumnes amb el medi natural del Pirineu (Cerdanya digital).<\/span><\/a><\/p>\n","protected":false},"excerpt":{"rendered":"<p>.&hellip;  <a href=\"https:\/\/serveiseducatius.xtec.cat\/apa\/portada\/el-govern-i-els-espais-naturals-del-pirineu-impulsen-una-agenda-escolar-per-fomentar-leducacio-ambiental\/\" title=\"Read Els ST de l\u2019Alt Pirineu i Aran els espais naturals del Pirineu impulsen una agenda escolar per fomentar l&#8217;educaci\u00f3 ambiental\">Llegeix m\u00e9s\u00bb<\/a><\/p>\n","protected":false},"author":1,"featured_media":10021,"comment_status":"closed","ping_status":"closed","sticky":false,"template":"","format":"standard","meta":{"_bbp_topic_count":0,"_bbp_reply_count":0,"_bbp_total_topic_count":0,"_bbp_total_reply_count":0,"_bbp_voice_count":0,"_bbp_anonymous_reply_count":0,"_bbp_topic_count_hidden":0,"_bbp_reply_count_hidden":0,"_bbp_forum_subforum_count":0,"footnotes":""},"categories":[29,316],"tags":[],"class_list":["post-10020","post","type-post","status-publish","format-standard","has-post-thumbnail","hentry","category-portada","category-xarxa-descoles-interparcs-del-pirineu"],"post_mailing_queue_ids":[],"_links":{"self":[{"href":"https:\/\/serveiseducatius.xtec.cat\/apa\/wp-json\/wp\/v2\/posts\/10020","targetHints":{"allow":["GET"]}}],"collection":[{"href":"https:\/\/serveiseducatius.xtec.cat\/apa\/wp-json\/wp\/v2\/posts"}],"about":[{"href":"https:\/\/serveiseducatius.xtec.cat\/apa\/wp-json\/wp\/v2\/types\/post"}],"author":[{"embeddable":true,"href":"https:\/\/serveiseducatius.xtec.cat\/apa\/wp-json\/wp\/v2\/users\/1"}],"replies":[{"embeddable":true,"href":"https:\/\/serveiseducatius.xtec.cat\/apa\/wp-json\/wp\/v2\/comments?post=10020"}],"version-history":[{"count":5,"href":"https:\/\/serveiseducatius.xtec.cat\/apa\/wp-json\/wp\/v2\/posts\/10020\/revisions"}],"predecessor-version":[{"id":10283,"href":"https:\/\/serveiseducatius.xtec.cat\/apa\/wp-json\/wp\/v2\/posts\/10020\/revisions\/10283"}],"wp:featuredmedia":[{"embeddable":true,"href":"https:\/\/serveiseducatius.xtec.cat\/apa\/wp-json\/wp\/v2\/media\/10021"}],"wp:attachment":[{"href":"https:\/\/serveiseducatius.xtec.cat\/apa\/wp-json\/wp\/v2\/media?parent=10020"}],"wp:term":[{"taxonomy":"category","embeddable":true,"href":"https:\/\/serveiseducatius.xtec.cat\/apa\/wp-json\/wp\/v2\/categories?post=10020"},{"taxonomy":"post_tag","embeddable":true,"href":"https:\/\/serveiseducatius.xtec.cat\/apa\/wp-json\/wp\/v2\/tags?post=10020"}],"curies":[{"name":"wp","href":"https:\/\/api.w.org\/{rel}","templated":true}]}}