{"id":6315,"date":"2018-06-08T12:28:44","date_gmt":"2018-06-08T10:28:44","guid":{"rendered":"http:\/\/serveiseducatius.xtec.cat\/anoia\/?p=6315"},"modified":"2018-06-08T12:33:42","modified_gmt":"2018-06-08T10:33:42","slug":"convocat-el-vi-premi-escola-agricultura-i-alimentacio-ecologica-2018","status":"publish","type":"post","link":"https:\/\/serveiseducatius.xtec.cat\/anoia\/portada\/convocat-el-vi-premi-escola-agricultura-i-alimentacio-ecologica-2018\/","title":{"rendered":"Convocat el VI Premi Escola, Agricultura i Alimentaci\u00f3 Ecol\u00f2gica 2018"},"content":{"rendered":"<p><a href=\"http:\/\/pae.gencat.cat\/ca\/detall\/Article\/Premi_EAAE\" target=\"_blank\" rel=\"noopener noreferrer\"><img loading=\"lazy\" decoding=\"async\" class=\"wp-image-6316 aligncenter\" src=\"http:\/\/serveiseducatius.xtec.cat\/anoia\/wp-content\/uploads\/usu765\/2018\/06\/banner_web_premiEAAE.jpg\" alt=\"\" width=\"321\" height=\"83\" \/><\/a><\/p>\n<p style=\"font-weight: 400;\">La inscripci\u00f3 estar\u00e0 oberta del\u00a0<strong>4 de juny al 16 de juliol del 2018<\/strong>\u00a0i per tal de participar ser\u00e0 necessari presentar una mem\u00f2ria explicativa de l\u2019experi\u00e8ncia, d\u2019acord amb les directius indicades a les\u00a0<a href=\"http:\/\/pae.gencat.cat\/ca\/detall\/Article\/Premi_EAAE\" target=\"_blank\" rel=\"noopener noreferrer\" data-saferedirecturl=\"https:\/\/www.google.com\/url?hl=ca&amp;q=http:\/\/pae.gencat.cat\/ca\/detall\/Article\/Premi_EAAE&amp;source=gmail&amp;ust=1528539521000000&amp;usg=AFQjCNEqH6R74K23TnYVNH35ddRS2hx4Jw\">Bases del Premi<\/a>.<br \/>\nLa comunicaci\u00f3 del veredicte del jurat als centres tindr\u00e0 lloc l\u20191 d\u2019octubre i l\u2019acte de lliurament dels premis es dur\u00e0 a terme el dia 25 d\u2019octubre a l\u2019Institut Montju\u00efc de Barcelona, guardonat amb el 1r Premi Escola, Agricultura i Alimentaci\u00f3 Ecol\u00f2gica 2017. Aquest acte es celebrar\u00e0\u00a0en el marc de la\u00a0<a href=\"http:\/\/setmanabio.cat\/\" target=\"_blank\" rel=\"noopener noreferrer\" data-saferedirecturl=\"https:\/\/www.google.com\/url?hl=ca&amp;q=http:\/\/setmanabio.cat\/&amp;source=gmail&amp;ust=1528539521000000&amp;usg=AFQjCNH7wkG-AbpjfhQQF093a6b7Edo4bw\">Setmana Bio a l\u2019escola<\/a>, una setmana destinada a la divulgaci\u00f3 i el foment de la producci\u00f3 i alimentaci\u00f3 ecol\u00f2giques dins la comunitat educativa.<\/p>\n","protected":false},"excerpt":{"rendered":"<p>La inscripci\u00f3 estar\u00e0 oberta del\u00a04 de juny al 16 de juliol del 2018\u00a0i per tal de participar ser\u00e0 necessari presentar una mem\u00f2ria explicativa de l\u2019experi\u00e8ncia, d\u2019acord amb les directius indicades a les\u00a0Bases del Premi. La comunicaci\u00f3 del veredicte del jurat als centres tindr\u00e0 lloc l\u20191 d\u2019octubre i l\u2019acte de lliurament dels premis es dur\u00e0 a [&hellip;]<\/p>\n","protected":false},"author":1,"featured_media":6316,"comment_status":"closed","ping_status":"closed","sticky":false,"template":"","format":"standard","meta":{"_bbp_topic_count":0,"_bbp_reply_count":0,"_bbp_total_topic_count":0,"_bbp_total_reply_count":0,"_bbp_voice_count":0,"_bbp_anonymous_reply_count":0,"_bbp_topic_count_hidden":0,"_bbp_reply_count_hidden":0,"_bbp_forum_subforum_count":0,"site-sidebar-layout":"default","site-content-layout":"","ast-site-content-layout":"","site-content-style":"default","site-sidebar-style":"default","ast-global-header-display":"","ast-banner-title-visibility":"","ast-main-header-display":"","ast-hfb-above-header-display":"","ast-hfb-below-header-display":"","ast-hfb-mobile-header-display":"","site-post-title":"","ast-breadcrumbs-content":"","ast-featured-img":"","footer-sml-layout":"","theme-transparent-header-meta":"","adv-header-id-meta":"","stick-header-meta":"","header-above-stick-meta":"","header-main-stick-meta":"","header-below-stick-meta":"","astra-migrate-meta-layouts":"default","ast-page-background-enabled":"default","ast-page-background-meta":{"desktop":{"background-color":"var(--ast-global-color-4)","background-image":"","background-repeat":"repeat","background-position":"center center","background-size":"auto","background-attachment":"scroll","background-type":"","background-media":"","overlay-type":"","overlay-color":"","overlay-opacity":"","overlay-gradient":""},"tablet":{"background-color":"","background-image":"","background-repeat":"repeat","background-position":"center center","background-size":"auto","background-attachment":"scroll","background-type":"","background-media":"","overlay-type":"","overlay-color":"","overlay-opacity":"","overlay-gradient":""},"mobile":{"background-color":"","background-image":"","background-repeat":"repeat","background-position":"center center","background-size":"auto","background-attachment":"scroll","background-type":"","background-media":"","overlay-type":"","overlay-color":"","overlay-opacity":"","overlay-gradient":""}},"ast-content-background-meta":{"desktop":{"background-color":"var(--ast-global-color-5)","background-image":"","background-repeat":"repeat","background-position":"center center","background-size":"auto","background-attachment":"scroll","background-type":"","background-media":"","overlay-type":"","overlay-color":"","overlay-opacity":"","overlay-gradient":""},"tablet":{"background-color":"var(--ast-global-color-5)","background-image":"","background-repeat":"repeat","background-position":"center center","background-size":"auto","background-attachment":"scroll","background-type":"","background-media":"","overlay-type":"","overlay-color":"","overlay-opacity":"","overlay-gradient":""},"mobile":{"background-color":"var(--ast-global-color-5)","background-image":"","background-repeat":"repeat","background-position":"center center","background-size":"auto","background-attachment":"scroll","background-type":"","background-media":"","overlay-type":"","overlay-color":"","overlay-opacity":"","overlay-gradient":""}},"footnotes":""},"categories":[29],"tags":[],"class_list":["post-6315","post","type-post","status-publish","format-standard","has-post-thumbnail","hentry","category-portada"],"post_mailing_queue_ids":[],"_links":{"self":[{"href":"https:\/\/serveiseducatius.xtec.cat\/anoia\/wp-json\/wp\/v2\/posts\/6315","targetHints":{"allow":["GET"]}}],"collection":[{"href":"https:\/\/serveiseducatius.xtec.cat\/anoia\/wp-json\/wp\/v2\/posts"}],"about":[{"href":"https:\/\/serveiseducatius.xtec.cat\/anoia\/wp-json\/wp\/v2\/types\/post"}],"author":[{"embeddable":true,"href":"https:\/\/serveiseducatius.xtec.cat\/anoia\/wp-json\/wp\/v2\/users\/1"}],"replies":[{"embeddable":true,"href":"https:\/\/serveiseducatius.xtec.cat\/anoia\/wp-json\/wp\/v2\/comments?post=6315"}],"version-history":[{"count":3,"href":"https:\/\/serveiseducatius.xtec.cat\/anoia\/wp-json\/wp\/v2\/posts\/6315\/revisions"}],"predecessor-version":[{"id":6320,"href":"https:\/\/serveiseducatius.xtec.cat\/anoia\/wp-json\/wp\/v2\/posts\/6315\/revisions\/6320"}],"wp:featuredmedia":[{"embeddable":true,"href":"https:\/\/serveiseducatius.xtec.cat\/anoia\/wp-json\/wp\/v2\/media\/6316"}],"wp:attachment":[{"href":"https:\/\/serveiseducatius.xtec.cat\/anoia\/wp-json\/wp\/v2\/media?parent=6315"}],"wp:term":[{"taxonomy":"category","embeddable":true,"href":"https:\/\/serveiseducatius.xtec.cat\/anoia\/wp-json\/wp\/v2\/categories?post=6315"},{"taxonomy":"post_tag","embeddable":true,"href":"https:\/\/serveiseducatius.xtec.cat\/anoia\/wp-json\/wp\/v2\/tags?post=6315"}],"curies":[{"name":"wp","href":"https:\/\/api.w.org\/{rel}","templated":true}]}}