{"id":4957,"date":"2016-09-24T11:15:11","date_gmt":"2016-09-24T10:15:11","guid":{"rendered":"http:\/\/serveiseducatius.xtec.cat\/anoia\/?p=4957"},"modified":"2018-03-19T13:00:12","modified_gmt":"2018-03-19T12:00:12","slug":"v-curs-semipresencial-demprenedoria-a-laula","status":"publish","type":"post","link":"https:\/\/serveiseducatius.xtec.cat\/anoia\/portada\/v-curs-semipresencial-demprenedoria-a-laula\/","title":{"rendered":"V curs semipresencial d\u2019Emprenedoria a l\u2019aula"},"content":{"rendered":"<p>Els continguts del curs s\u00f3n complementaris de les anteriors edicions i tractar\u00e0 les actualitzacions curriculars de la mat\u00e8ria d\u2019emprenedoria, a partir del Decret 187\/2015, de 25 d\u2019agost, d\u2019ordenaci\u00f3 dels ensenyaments de l\u2019ESO. El professorat que ha assistit a les anteriors formacions pot tamb\u00e9 participar en aquesta ja que els continguts estan revisats.<\/p>\n<ul>\n<li><strong><a href=\"https:\/\/aplicacions.gestioeducativa.gencat.cat\/pls\/soloas\/pk_for_mod_ins.p_for_detall_activitat?p_codi=9000040557&amp;p_curs=2016-2017&amp;p_es_inscr=S\" target=\"_blank\">Inscripci\u00f3<\/a><\/strong><\/li>\n<\/ul>\n<p>Les dates del curs presencial s\u00f3n: 19\/10\/2016, 26\/10\/2016, 2\/11\/2016, 9\/11\/2016 i 23\/11\/2016 de 16h a 19 h, a m\u00e9s de 15 h de treball personal. <strong>El curs es far\u00e0 a la seu central del Departament d\u2019Ensenyament, Via Augusta 226, Barcelona.<\/strong><\/p>\n<ul>\n<li><a href=\"https:\/\/aplicacions.gestioeducativa.gencat.cat\/pls\/soloas\/pk_for_mod_ins.p_for_exhaustiu_activitat?p_header=Detall%20d%27activitat^pk_for_mod_ins.p_for_detall_activitat?p_codi=9000040557%26p_curs=2016-2017%26p_es_inscr=S&amp;p_codi=9000040557&amp;p_curs=2016-2017&amp;p_es_inscr=S\" target=\"_blank\"><strong>M\u00e9s informaci\u00f3<\/strong><\/a><\/li>\n<\/ul>\n<p>&nbsp;<\/p>\n<p>&nbsp;<\/p>\n<p>&nbsp;<\/p>\n<p>&nbsp;<\/p>\n","protected":false},"excerpt":{"rendered":"<p>Els continguts del curs s\u00f3n complementaris de les anteriors edicions i tractar\u00e0 les actualitzacions curriculars de la mat\u00e8ria d\u2019emprenedoria, a partir del Decret 187\/2015, de 25 d\u2019agost, d\u2019ordenaci\u00f3 dels ensenyaments de l\u2019ESO. El professorat que ha assistit a les anteriors formacions pot tamb\u00e9 participar en aquesta ja que els continguts estan revisats. Inscripci\u00f3 Les dates [&hellip;]<\/p>\n","protected":false},"author":1,"featured_media":0,"comment_status":"closed","ping_status":"open","sticky":false,"template":"","format":"standard","meta":{"_bbp_topic_count":0,"_bbp_reply_count":0,"_bbp_total_topic_count":0,"_bbp_total_reply_count":0,"_bbp_voice_count":0,"_bbp_anonymous_reply_count":0,"_bbp_topic_count_hidden":0,"_bbp_reply_count_hidden":0,"_bbp_forum_subforum_count":0,"site-sidebar-layout":"default","site-content-layout":"","ast-site-content-layout":"","site-content-style":"default","site-sidebar-style":"default","ast-global-header-display":"","ast-banner-title-visibility":"","ast-main-header-display":"","ast-hfb-above-header-display":"","ast-hfb-below-header-display":"","ast-hfb-mobile-header-display":"","site-post-title":"","ast-breadcrumbs-content":"","ast-featured-img":"","footer-sml-layout":"","theme-transparent-header-meta":"","adv-header-id-meta":"","stick-header-meta":"","header-above-stick-meta":"","header-main-stick-meta":"","header-below-stick-meta":"","astra-migrate-meta-layouts":"default","ast-page-background-enabled":"default","ast-page-background-meta":{"desktop":{"background-color":"var(--ast-global-color-4)","background-image":"","background-repeat":"repeat","background-position":"center center","background-size":"auto","background-attachment":"scroll","background-type":"","background-media":"","overlay-type":"","overlay-color":"","overlay-opacity":"","overlay-gradient":""},"tablet":{"background-color":"","background-image":"","background-repeat":"repeat","background-position":"center center","background-size":"auto","background-attachment":"scroll","background-type":"","background-media":"","overlay-type":"","overlay-color":"","overlay-opacity":"","overlay-gradient":""},"mobile":{"background-color":"","background-image":"","background-repeat":"repeat","background-position":"center center","background-size":"auto","background-attachment":"scroll","background-type":"","background-media":"","overlay-type":"","overlay-color":"","overlay-opacity":"","overlay-gradient":""}},"ast-content-background-meta":{"desktop":{"background-color":"var(--ast-global-color-5)","background-image":"","background-repeat":"repeat","background-position":"center center","background-size":"auto","background-attachment":"scroll","background-type":"","background-media":"","overlay-type":"","overlay-color":"","overlay-opacity":"","overlay-gradient":""},"tablet":{"background-color":"var(--ast-global-color-5)","background-image":"","background-repeat":"repeat","background-position":"center center","background-size":"auto","background-attachment":"scroll","background-type":"","background-media":"","overlay-type":"","overlay-color":"","overlay-opacity":"","overlay-gradient":""},"mobile":{"background-color":"var(--ast-global-color-5)","background-image":"","background-repeat":"repeat","background-position":"center center","background-size":"auto","background-attachment":"scroll","background-type":"","background-media":"","overlay-type":"","overlay-color":"","overlay-opacity":"","overlay-gradient":""}},"footnotes":""},"categories":[29],"tags":[],"class_list":["post-4957","post","type-post","status-publish","format-standard","hentry","category-portada"],"post_mailing_queue_ids":[],"_links":{"self":[{"href":"https:\/\/serveiseducatius.xtec.cat\/anoia\/wp-json\/wp\/v2\/posts\/4957","targetHints":{"allow":["GET"]}}],"collection":[{"href":"https:\/\/serveiseducatius.xtec.cat\/anoia\/wp-json\/wp\/v2\/posts"}],"about":[{"href":"https:\/\/serveiseducatius.xtec.cat\/anoia\/wp-json\/wp\/v2\/types\/post"}],"author":[{"embeddable":true,"href":"https:\/\/serveiseducatius.xtec.cat\/anoia\/wp-json\/wp\/v2\/users\/1"}],"replies":[{"embeddable":true,"href":"https:\/\/serveiseducatius.xtec.cat\/anoia\/wp-json\/wp\/v2\/comments?post=4957"}],"version-history":[{"count":1,"href":"https:\/\/serveiseducatius.xtec.cat\/anoia\/wp-json\/wp\/v2\/posts\/4957\/revisions"}],"predecessor-version":[{"id":4958,"href":"https:\/\/serveiseducatius.xtec.cat\/anoia\/wp-json\/wp\/v2\/posts\/4957\/revisions\/4958"}],"wp:attachment":[{"href":"https:\/\/serveiseducatius.xtec.cat\/anoia\/wp-json\/wp\/v2\/media?parent=4957"}],"wp:term":[{"taxonomy":"category","embeddable":true,"href":"https:\/\/serveiseducatius.xtec.cat\/anoia\/wp-json\/wp\/v2\/categories?post=4957"},{"taxonomy":"post_tag","embeddable":true,"href":"https:\/\/serveiseducatius.xtec.cat\/anoia\/wp-json\/wp\/v2\/tags?post=4957"}],"curies":[{"name":"wp","href":"https:\/\/api.w.org\/{rel}","templated":true}]}}