{"id":1719,"date":"2016-06-15T19:24:12","date_gmt":"2016-06-15T18:24:12","guid":{"rendered":"http:\/\/serveiseducatius.xtec.cat\/anoia\/?p=1719"},"modified":"2018-03-19T13:02:16","modified_gmt":"2018-03-19T12:02:16","slug":"experiencies-en-mitjans-audiovisuals-esc-castell-dodena-odena","status":"publish","type":"post","link":"https:\/\/serveiseducatius.xtec.cat\/anoia\/experiencies-de-lanoia\/experiencies-en-mitjans-audiovisuals-esc-castell-dodena-odena\/","title":{"rendered":"Experi\u00e8ncies en mitjans audiovisuals: ESC Castell d&#8217;\u00d2dena (\u00d2dena)"},"content":{"rendered":"<p><strong>Experi\u00e8ncies en mitjans audiovisuals<\/strong><strong>, com s\u00f3n la <\/strong><strong>r\u00e0dio, <\/strong><strong>televisi\u00f3 i <\/strong><strong>revista, realitzades pel mateixos alumnes. <\/strong><\/p>\n<p>Els mitjans audiovisuals formen una part molt important del Projecte Educatiu del centre. El treball amb i en aquests mitjans no \u00e9s una activitat a\u00efllada, sin\u00f3 que forma part d&#8217;una organitzaci\u00f3 molt m\u00e9s complexe, l&#8217;organitzaci\u00f3 per racons de treball, ja siguin en racons individuals, com en racons de petit grup.<\/p>\n<p><a href=\"https:\/\/sites.google.com\/site\/escolacastelldodena\/comunicacio\/\" target=\"_blank\"><img loading=\"lazy\" decoding=\"async\" class=\"alignnone size-full wp-image-1549\" title=\"Experi\u00e8ncies en mitjans audiovisuals\" src=\"http:\/\/serveiseducatius.xtec.cat\/anoia\/wp-content\/uploads\/usu765\/2016\/06\/url.jpg\" alt=\"\" width=\"50\" height=\"44\" \/><\/a><\/p>\n<p>&#8230; i com que diuen que &#8220;UNA IMATGE VAL M\u00c9S QUE MIL PARAULES&#8221;, us presentem <strong>el v\u00eddeo explicatiu dels racons i de la nostra manera d&#8217;organitzar-nos<\/strong>.<br \/>\n<iframe loading=\"lazy\" src=\"https:\/\/www.youtube.com\/embed\/H9aQDJMg-jM?rel=0\" width=\"300\" height=\"225\" frameborder=\"0\" allowfullscreen=\"allowfullscreen\"><\/iframe><\/p>\n","protected":false},"excerpt":{"rendered":"<p>Experi\u00e8ncies en mitjans audiovisuals, com s\u00f3n la r\u00e0dio, televisi\u00f3 i revista, realitzades pel mateixos alumnes. Els mitjans audiovisuals formen una part molt important del Projecte Educatiu del centre. El treball amb i en aquests mitjans no \u00e9s una activitat a\u00efllada, sin\u00f3 que forma part d&#8217;una organitzaci\u00f3 molt m\u00e9s complexe, l&#8217;organitzaci\u00f3 per racons de treball, ja [&hellip;]<\/p>\n","protected":false},"author":1,"featured_media":0,"comment_status":"closed","ping_status":"open","sticky":false,"template":"","format":"standard","meta":{"_bbp_topic_count":0,"_bbp_reply_count":0,"_bbp_total_topic_count":0,"_bbp_total_reply_count":0,"_bbp_voice_count":0,"_bbp_anonymous_reply_count":0,"_bbp_topic_count_hidden":0,"_bbp_reply_count_hidden":0,"_bbp_forum_subforum_count":0,"site-sidebar-layout":"default","site-content-layout":"","ast-site-content-layout":"","site-content-style":"default","site-sidebar-style":"default","ast-global-header-display":"","ast-banner-title-visibility":"","ast-main-header-display":"","ast-hfb-above-header-display":"","ast-hfb-below-header-display":"","ast-hfb-mobile-header-display":"","site-post-title":"","ast-breadcrumbs-content":"","ast-featured-img":"","footer-sml-layout":"","theme-transparent-header-meta":"","adv-header-id-meta":"","stick-header-meta":"","header-above-stick-meta":"","header-main-stick-meta":"","header-below-stick-meta":"","astra-migrate-meta-layouts":"default","ast-page-background-enabled":"default","ast-page-background-meta":{"desktop":{"background-color":"var(--ast-global-color-4)","background-image":"","background-repeat":"repeat","background-position":"center center","background-size":"auto","background-attachment":"scroll","background-type":"","background-media":"","overlay-type":"","overlay-color":"","overlay-opacity":"","overlay-gradient":""},"tablet":{"background-color":"","background-image":"","background-repeat":"repeat","background-position":"center center","background-size":"auto","background-attachment":"scroll","background-type":"","background-media":"","overlay-type":"","overlay-color":"","overlay-opacity":"","overlay-gradient":""},"mobile":{"background-color":"","background-image":"","background-repeat":"repeat","background-position":"center center","background-size":"auto","background-attachment":"scroll","background-type":"","background-media":"","overlay-type":"","overlay-color":"","overlay-opacity":"","overlay-gradient":""}},"ast-content-background-meta":{"desktop":{"background-color":"var(--ast-global-color-5)","background-image":"","background-repeat":"repeat","background-position":"center center","background-size":"auto","background-attachment":"scroll","background-type":"","background-media":"","overlay-type":"","overlay-color":"","overlay-opacity":"","overlay-gradient":""},"tablet":{"background-color":"var(--ast-global-color-5)","background-image":"","background-repeat":"repeat","background-position":"center center","background-size":"auto","background-attachment":"scroll","background-type":"","background-media":"","overlay-type":"","overlay-color":"","overlay-opacity":"","overlay-gradient":""},"mobile":{"background-color":"var(--ast-global-color-5)","background-image":"","background-repeat":"repeat","background-position":"center center","background-size":"auto","background-attachment":"scroll","background-type":"","background-media":"","overlay-type":"","overlay-color":"","overlay-opacity":"","overlay-gradient":""}},"footnotes":""},"categories":[158],"tags":[],"class_list":["post-1719","post","type-post","status-publish","format-standard","hentry","category-experiencies-de-lanoia"],"post_mailing_queue_ids":[],"_links":{"self":[{"href":"https:\/\/serveiseducatius.xtec.cat\/anoia\/wp-json\/wp\/v2\/posts\/1719","targetHints":{"allow":["GET"]}}],"collection":[{"href":"https:\/\/serveiseducatius.xtec.cat\/anoia\/wp-json\/wp\/v2\/posts"}],"about":[{"href":"https:\/\/serveiseducatius.xtec.cat\/anoia\/wp-json\/wp\/v2\/types\/post"}],"author":[{"embeddable":true,"href":"https:\/\/serveiseducatius.xtec.cat\/anoia\/wp-json\/wp\/v2\/users\/1"}],"replies":[{"embeddable":true,"href":"https:\/\/serveiseducatius.xtec.cat\/anoia\/wp-json\/wp\/v2\/comments?post=1719"}],"version-history":[{"count":3,"href":"https:\/\/serveiseducatius.xtec.cat\/anoia\/wp-json\/wp\/v2\/posts\/1719\/revisions"}],"predecessor-version":[{"id":1786,"href":"https:\/\/serveiseducatius.xtec.cat\/anoia\/wp-json\/wp\/v2\/posts\/1719\/revisions\/1786"}],"wp:attachment":[{"href":"https:\/\/serveiseducatius.xtec.cat\/anoia\/wp-json\/wp\/v2\/media?parent=1719"}],"wp:term":[{"taxonomy":"category","embeddable":true,"href":"https:\/\/serveiseducatius.xtec.cat\/anoia\/wp-json\/wp\/v2\/categories?post=1719"},{"taxonomy":"post_tag","embeddable":true,"href":"https:\/\/serveiseducatius.xtec.cat\/anoia\/wp-json\/wp\/v2\/tags?post=1719"}],"curies":[{"name":"wp","href":"https:\/\/api.w.org\/{rel}","templated":true}]}}