{"id":12376,"date":"2026-04-29T15:56:22","date_gmt":"2026-04-29T13:56:22","guid":{"rendered":"https:\/\/serveiseducatius.xtec.cat\/anoia\/?p=12376"},"modified":"2026-04-29T15:56:23","modified_gmt":"2026-04-29T13:56:23","slug":"el-penedes-celebra-la-final-territorial-del-certamen-de-lectura-en-veu-alta-al-vendrell","status":"publish","type":"post","link":"https:\/\/serveiseducatius.xtec.cat\/anoia\/general\/el-penedes-celebra-la-final-territorial-del-certamen-de-lectura-en-veu-alta-al-vendrell\/","title":{"rendered":"El Pened\u00e8s celebra la final territorial del Certamen de Lectura en Veu Alta al Vendrell"},"content":{"rendered":"\n<p>Dimarts 28 d\u2019abril, a l\u2019Auditori del T\u00edvoli del Vendrell, es va celebrar la final del Servei Territorial al Pened\u00e8s, en el marc del XXII Certamen Escolar de Lectura en Veu Alta.<\/p>\n\n\n\n<p>Lectors i lectores dels centres participants van llegir fragments de llibres escollits lliurement, oferint interpretacions plenes d\u2019expressivitat, emoci\u00f3 i domini de la paraula davant del p\u00fablic i del jurat.<\/p>\n\n\n\n<p>El jurat va anunciar els lectors i lectores finalistes que assistiran a la Festa de la Lectura, l\u2019acte de lliurament de premis als guanyadors i guanyadores territorials i una mostra de lectura no competitiva que tindr\u00e0 lloc durant el mes de juny a Barcelona.<\/p>\n\n\n\n<p>Va ser un esdeveniment organitzat per la Fundaci\u00f3 Enciclop\u00e8dia Catalana i el Departament d\u2019Educaci\u00f3 i Formaci\u00f3 Professional. Des del Servei Educatiu, volem recon\u00e8ixer la<br>participaci\u00f3 de l\u2019alumnat i dels centres educatius, com tamb\u00e9 agrair a l\u2019Ajuntament del Vendrell la cessi\u00f3 de l\u2019espai i al director adjunt del Servei Territorial, la seva assist\u00e8ncia a l\u2019acte.<\/p>\n\n\n\n<p>La jornada va posar de manifest, un cop m\u00e9s, la import\u00e0ncia de la lectura en veu alta com a eina pedag\u00f2gica que fomenta la compet\u00e8ncia comunicativa, la confian\u00e7a personal i el gust per la lectura.<\/p>\n\n\n\n<figure class=\"wp-block-image alignleft size-full is-resized\"><img loading=\"lazy\" decoding=\"async\" width=\"352\" height=\"129\" src=\"https:\/\/serveiseducatius.xtec.cat\/anoia\/wp-content\/uploads\/usu765\/2026\/04\/Captura-de-pantalla-2026-03-26-102243.png\" alt=\"\" class=\"wp-image-12378\" style=\"width:606px;height:auto\" srcset=\"https:\/\/serveiseducatius.xtec.cat\/anoia\/wp-content\/uploads\/usu765\/2026\/04\/Captura-de-pantalla-2026-03-26-102243.png 352w, https:\/\/serveiseducatius.xtec.cat\/anoia\/wp-content\/uploads\/usu765\/2026\/04\/Captura-de-pantalla-2026-03-26-102243-300x110.png 300w\" sizes=\"auto, (max-width: 352px) 100vw, 352px\" \/><\/figure>\n","protected":false},"excerpt":{"rendered":"<p>Dimarts 28 d\u2019abril, a l\u2019Auditori del T\u00edvoli del Vendrell, es va celebrar la final del Servei Territorial al Pened\u00e8s, en el marc del XXII Certamen Escolar de Lectura en Veu Alta. Lectors i lectores dels centres participants van llegir fragments de llibres escollits lliurement, oferint interpretacions plenes d\u2019expressivitat, emoci\u00f3 i domini de la paraula davant [&hellip;]<\/p>\n","protected":false},"author":1,"featured_media":12334,"comment_status":"closed","ping_status":"open","sticky":false,"template":"","format":"standard","meta":{"_bbp_topic_count":0,"_bbp_reply_count":0,"_bbp_total_topic_count":0,"_bbp_total_reply_count":0,"_bbp_voice_count":0,"_bbp_anonymous_reply_count":0,"_bbp_topic_count_hidden":0,"_bbp_reply_count_hidden":0,"_bbp_forum_subforum_count":0,"site-sidebar-layout":"default","site-content-layout":"","ast-site-content-layout":"default","site-content-style":"default","site-sidebar-style":"default","ast-global-header-display":"","ast-banner-title-visibility":"","ast-main-header-display":"","ast-hfb-above-header-display":"","ast-hfb-below-header-display":"","ast-hfb-mobile-header-display":"","site-post-title":"","ast-breadcrumbs-content":"","ast-featured-img":"","footer-sml-layout":"","theme-transparent-header-meta":"","adv-header-id-meta":"","stick-header-meta":"","header-above-stick-meta":"","header-main-stick-meta":"","header-below-stick-meta":"","astra-migrate-meta-layouts":"set","ast-page-background-enabled":"default","ast-page-background-meta":{"desktop":{"background-color":"var(--ast-global-color-4)","background-image":"","background-repeat":"repeat","background-position":"center center","background-size":"auto","background-attachment":"scroll","background-type":"","background-media":"","overlay-type":"","overlay-color":"","overlay-opacity":"","overlay-gradient":""},"tablet":{"background-color":"","background-image":"","background-repeat":"repeat","background-position":"center center","background-size":"auto","background-attachment":"scroll","background-type":"","background-media":"","overlay-type":"","overlay-color":"","overlay-opacity":"","overlay-gradient":""},"mobile":{"background-color":"","background-image":"","background-repeat":"repeat","background-position":"center center","background-size":"auto","background-attachment":"scroll","background-type":"","background-media":"","overlay-type":"","overlay-color":"","overlay-opacity":"","overlay-gradient":""}},"ast-content-background-meta":{"desktop":{"background-color":"var(--ast-global-color-5)","background-image":"","background-repeat":"repeat","background-position":"center center","background-size":"auto","background-attachment":"scroll","background-type":"","background-media":"","overlay-type":"","overlay-color":"","overlay-opacity":"","overlay-gradient":""},"tablet":{"background-color":"var(--ast-global-color-5)","background-image":"","background-repeat":"repeat","background-position":"center center","background-size":"auto","background-attachment":"scroll","background-type":"","background-media":"","overlay-type":"","overlay-color":"","overlay-opacity":"","overlay-gradient":""},"mobile":{"background-color":"var(--ast-global-color-5)","background-image":"","background-repeat":"repeat","background-position":"center center","background-size":"auto","background-attachment":"scroll","background-type":"","background-media":"","overlay-type":"","overlay-color":"","overlay-opacity":"","overlay-gradient":""}},"footnotes":""},"categories":[161,65,201,68,1,72,209,29],"tags":[],"class_list":["post-12376","post","type-post","status-publish","format-standard","has-post-thumbnail","hentry","category-centres-educatius","category-crp","category-curriculum-i-orientacio","category-elic","category-general","category-lectura-en-veu-alta","category-linguistic","category-portada"],"post_mailing_queue_ids":[],"_links":{"self":[{"href":"https:\/\/serveiseducatius.xtec.cat\/anoia\/wp-json\/wp\/v2\/posts\/12376","targetHints":{"allow":["GET"]}}],"collection":[{"href":"https:\/\/serveiseducatius.xtec.cat\/anoia\/wp-json\/wp\/v2\/posts"}],"about":[{"href":"https:\/\/serveiseducatius.xtec.cat\/anoia\/wp-json\/wp\/v2\/types\/post"}],"author":[{"embeddable":true,"href":"https:\/\/serveiseducatius.xtec.cat\/anoia\/wp-json\/wp\/v2\/users\/1"}],"replies":[{"embeddable":true,"href":"https:\/\/serveiseducatius.xtec.cat\/anoia\/wp-json\/wp\/v2\/comments?post=12376"}],"version-history":[{"count":1,"href":"https:\/\/serveiseducatius.xtec.cat\/anoia\/wp-json\/wp\/v2\/posts\/12376\/revisions"}],"predecessor-version":[{"id":12379,"href":"https:\/\/serveiseducatius.xtec.cat\/anoia\/wp-json\/wp\/v2\/posts\/12376\/revisions\/12379"}],"wp:featuredmedia":[{"embeddable":true,"href":"https:\/\/serveiseducatius.xtec.cat\/anoia\/wp-json\/wp\/v2\/media\/12334"}],"wp:attachment":[{"href":"https:\/\/serveiseducatius.xtec.cat\/anoia\/wp-json\/wp\/v2\/media?parent=12376"}],"wp:term":[{"taxonomy":"category","embeddable":true,"href":"https:\/\/serveiseducatius.xtec.cat\/anoia\/wp-json\/wp\/v2\/categories?post=12376"},{"taxonomy":"post_tag","embeddable":true,"href":"https:\/\/serveiseducatius.xtec.cat\/anoia\/wp-json\/wp\/v2\/tags?post=12376"}],"curies":[{"name":"wp","href":"https:\/\/api.w.org\/{rel}","templated":true}]}}