{"id":9909,"date":"2020-01-09T10:20:28","date_gmt":"2020-01-09T09:20:28","guid":{"rendered":"http:\/\/serveiseducatius.xtec.cat\/alturgell\/?p=9909"},"modified":"2021-02-22T17:40:07","modified_gmt":"2021-02-22T16:40:07","slug":"nou-recurs-arrailades-el-patrimoni-natural-cultural-i-historic-de-les-oliveres","status":"publish","type":"post","link":"https:\/\/serveiseducatius.xtec.cat\/alturgell\/portada\/nou-recurs-arrailades-el-patrimoni-natural-cultural-i-historic-de-les-oliveres\/","title":{"rendered":"Nou recurs: &#8220;Arra\u00eflades. El patrimoni natural, cultural i hist\u00f2ric de les oliveres&#8221;"},"content":{"rendered":"<p>Des del Montsi\u00e0 ens arriba una proposta did\u00e0ctica relacionada amb el coneixement i la necessitat de preservar les oliveres monumentals, un dels arbres m\u00e9s antics del planeta.<\/p>\n<p>La plataforma ecologista <strong><a href=\"https:\/\/www.facebook.com\/salvemlomontsia\/\" target=\"_blank\" rel=\"noopener noreferrer\">Salvem lo Montsi\u00e0<\/a><\/strong> han engegat una s\u00e8rie d\u2019actuacions que tenen com a prop\u00f2sit principal el fet de donar a con\u00e8ixer, sensibilitzar i trobar solucions a diverses agressions mediambientals que estan patint actualment les comarques del sud de Catalunya i tamb\u00e9 les del nord del Pa\u00eds Valenci\u00e0.<\/p>\n<p>Al CRP podeu demanar <a href=\"https:\/\/lescolaenconstruccio.files.wordpress.com\/2019\/04\/arrac38flades.pdf\" target=\"_blank\" rel=\"noopener noreferrer\"><strong>l&#8217;\u00e0lbum il\u00b7lustrat <\/strong><\/a> i <a href=\"https:\/\/lescolaenconstruccio.files.wordpress.com\/2019\/10\/arrailades_propostadidactica_digital.pdf\" target=\"_blank\" rel=\"noopener noreferrer\"><strong>la guia d\u2019activitats<\/strong><\/a> que han elaborat. Tamb\u00e9 els podeu descarregar directament de la p\u00e0gina <a href=\"https:\/\/lescolaenconstruccio.com\/arrailades\/\" target=\"_blank\" rel=\"noopener noreferrer\"><strong>L\u2019escola en construcci\u00f3.<\/strong><\/a><\/p>\n<p><img loading=\"lazy\" decoding=\"async\" class=\"alignnone size-large wp-image-10012\" src=\"https:\/\/serveiseducatius.xtec.cat\/alturgell\/wp-content\/uploads\/usu770\/2020\/01\/9-1-2020-10.1.37-1-1024x852.jpg\" alt=\"\" width=\"1024\" height=\"852\" \/><\/p>\n<p>&nbsp;<\/p>\n","protected":false},"excerpt":{"rendered":"<p>Des del Montsi\u00e0 ens arriba una proposta did\u00e0ctica relacionada amb el coneixement i la necessitat de preservar les oliveres monumentals, un dels arbres m\u00e9s antics del planeta. La plataforma ecologista Salvem lo Montsi\u00e0 han engegat una s\u00e8rie d\u2019actuacions que tenen com a prop\u00f2sit principal el fet de donar a con\u00e8ixer, sensibilitzar i trobar solucions a [&hellip;]<\/p>\n","protected":false},"author":1,"featured_media":10011,"comment_status":"open","ping_status":"closed","sticky":false,"template":"","format":"standard","meta":{"_bbp_topic_count":0,"_bbp_reply_count":0,"_bbp_total_topic_count":0,"_bbp_total_reply_count":0,"_bbp_voice_count":0,"_bbp_anonymous_reply_count":0,"_bbp_topic_count_hidden":0,"_bbp_reply_count_hidden":0,"_bbp_forum_subforum_count":0,"site-sidebar-layout":"default","site-content-layout":"","ast-site-content-layout":"","site-content-style":"default","site-sidebar-style":"default","ast-global-header-display":"","ast-banner-title-visibility":"","ast-main-header-display":"","ast-hfb-above-header-display":"","ast-hfb-below-header-display":"","ast-hfb-mobile-header-display":"","site-post-title":"","ast-breadcrumbs-content":"","ast-featured-img":"","footer-sml-layout":"","theme-transparent-header-meta":"","adv-header-id-meta":"","stick-header-meta":"","header-above-stick-meta":"","header-main-stick-meta":"","header-below-stick-meta":"","astra-migrate-meta-layouts":"default","ast-page-background-enabled":"default","ast-page-background-meta":{"desktop":{"background-color":"var(--ast-global-color-4)","background-image":"","background-repeat":"repeat","background-position":"center center","background-size":"auto","background-attachment":"scroll","background-type":"","background-media":"","overlay-type":"","overlay-color":"","overlay-opacity":"","overlay-gradient":""},"tablet":{"background-color":"","background-image":"","background-repeat":"repeat","background-position":"center center","background-size":"auto","background-attachment":"scroll","background-type":"","background-media":"","overlay-type":"","overlay-color":"","overlay-opacity":"","overlay-gradient":""},"mobile":{"background-color":"","background-image":"","background-repeat":"repeat","background-position":"center center","background-size":"auto","background-attachment":"scroll","background-type":"","background-media":"","overlay-type":"","overlay-color":"","overlay-opacity":"","overlay-gradient":""}},"ast-content-background-meta":{"desktop":{"background-color":"var(--ast-global-color-5)","background-image":"","background-repeat":"repeat","background-position":"center center","background-size":"auto","background-attachment":"scroll","background-type":"","background-media":"","overlay-type":"","overlay-color":"","overlay-opacity":"","overlay-gradient":""},"tablet":{"background-color":"var(--ast-global-color-5)","background-image":"","background-repeat":"repeat","background-position":"center center","background-size":"auto","background-attachment":"scroll","background-type":"","background-media":"","overlay-type":"","overlay-color":"","overlay-opacity":"","overlay-gradient":""},"mobile":{"background-color":"var(--ast-global-color-5)","background-image":"","background-repeat":"repeat","background-position":"center center","background-size":"auto","background-attachment":"scroll","background-type":"","background-media":"","overlay-type":"","overlay-color":"","overlay-opacity":"","overlay-gradient":""}},"footnotes":""},"categories":[81,65,29],"tags":[],"class_list":["post-9909","post","type-post","status-publish","format-standard","has-post-thumbnail","hentry","category-biblioteca-escolar","category-crp","category-portada"],"post_mailing_queue_ids":[],"_links":{"self":[{"href":"https:\/\/serveiseducatius.xtec.cat\/alturgell\/wp-json\/wp\/v2\/posts\/9909","targetHints":{"allow":["GET"]}}],"collection":[{"href":"https:\/\/serveiseducatius.xtec.cat\/alturgell\/wp-json\/wp\/v2\/posts"}],"about":[{"href":"https:\/\/serveiseducatius.xtec.cat\/alturgell\/wp-json\/wp\/v2\/types\/post"}],"author":[{"embeddable":true,"href":"https:\/\/serveiseducatius.xtec.cat\/alturgell\/wp-json\/wp\/v2\/users\/1"}],"replies":[{"embeddable":true,"href":"https:\/\/serveiseducatius.xtec.cat\/alturgell\/wp-json\/wp\/v2\/comments?post=9909"}],"version-history":[{"count":3,"href":"https:\/\/serveiseducatius.xtec.cat\/alturgell\/wp-json\/wp\/v2\/posts\/9909\/revisions"}],"predecessor-version":[{"id":10015,"href":"https:\/\/serveiseducatius.xtec.cat\/alturgell\/wp-json\/wp\/v2\/posts\/9909\/revisions\/10015"}],"wp:featuredmedia":[{"embeddable":true,"href":"https:\/\/serveiseducatius.xtec.cat\/alturgell\/wp-json\/wp\/v2\/media\/10011"}],"wp:attachment":[{"href":"https:\/\/serveiseducatius.xtec.cat\/alturgell\/wp-json\/wp\/v2\/media?parent=9909"}],"wp:term":[{"taxonomy":"category","embeddable":true,"href":"https:\/\/serveiseducatius.xtec.cat\/alturgell\/wp-json\/wp\/v2\/categories?post=9909"},{"taxonomy":"post_tag","embeddable":true,"href":"https:\/\/serveiseducatius.xtec.cat\/alturgell\/wp-json\/wp\/v2\/tags?post=9909"}],"curies":[{"name":"wp","href":"https:\/\/api.w.org\/{rel}","templated":true}]}}